{"id":4487,"date":"2024-02-28T17:33:55","date_gmt":"2024-02-28T16:33:55","guid":{"rendered":"https:\/\/agora.xtec.cat\/ieslamallola\/?p=4487"},"modified":"2024-02-28T17:35:36","modified_gmt":"2024-02-28T16:35:36","slug":"carnestoltes-24","status":"publish","type":"post","link":"https:\/\/agora.xtec.cat\/ieslamallola\/portada\/carnestoltes-24\/","title":{"rendered":"Carnestoltes &#8217;24"},"content":{"rendered":"<p>La Mallola va viure una setmana plena de festa i alegria amb l&#8217;arribada de la\u00a0celebraci\u00f3\u00a0amb m\u00e9s disbauxa de l&#8217;any: Carnaval. L&#8217;alumnat que cursa la mat\u00e8ria optativa d&#8217;Arts Esc\u00e8niques a 4t d&#8217;ESO ens va preparar tot un seguit d&#8217;activitats que van durar una setmana. Els emissaris del rei Carnestoltes anunciar, cada dia, quines eren les consignes per assistir al centre. Dilluns, tothom havia de portar xancles i mitjons. Creiem que poca gent s&#8217;animaria, per\u00f2 va ser tot un \u00e8xit!<\/p>\n<p><a href=\"https:\/\/agora.xtec.cat\/ieslamallola\/portada\/carnestoltes-24\/attachment\/captura-de-pantalla-2024-02-28-171717\/\" rel=\"attachment wp-att-4488\"><img loading=\"lazy\" decoding=\"async\" class=\"aligncenter wp-image-4488 size-medium\" src=\"https:\/\/agora.xtec.cat\/ieslamallola\/wp-content\/uploads\/usu515\/2024\/02\/Captura-de-pantalla-2024-02-28-171717-257x300.jpg\" alt=\"\" width=\"257\" height=\"300\" srcset=\"https:\/\/agora.xtec.cat\/ieslamallola\/wp-content\/uploads\/usu515\/2024\/02\/Captura-de-pantalla-2024-02-28-171717-257x300.jpg 257w, https:\/\/agora.xtec.cat\/ieslamallola\/wp-content\/uploads\/usu515\/2024\/02\/Captura-de-pantalla-2024-02-28-171717.jpg 664w\" sizes=\"auto, (max-width: 257px) 100vw, 257px\" \/><\/a><br \/>\nDimarts, la Mallola es va omplir de vermell, ja que la consigna manava vestir d&#8217;aquest color.<br \/>\n<a href=\"https:\/\/agora.xtec.cat\/ieslamallola\/portada\/carnestoltes-24\/attachment\/captura-de-pantalla-2024-02-28-171843\/\" rel=\"attachment wp-att-4489\"><img loading=\"lazy\" decoding=\"async\" class=\"alignleft wp-image-4489 size-full\" src=\"https:\/\/agora.xtec.cat\/ieslamallola\/wp-content\/uploads\/usu515\/2024\/02\/Captura-de-pantalla-2024-02-28-171843.jpg\" alt=\"\" width=\"783\" height=\"430\" srcset=\"https:\/\/agora.xtec.cat\/ieslamallola\/wp-content\/uploads\/usu515\/2024\/02\/Captura-de-pantalla-2024-02-28-171843.jpg 783w, https:\/\/agora.xtec.cat\/ieslamallola\/wp-content\/uploads\/usu515\/2024\/02\/Captura-de-pantalla-2024-02-28-171843-300x165.jpg 300w, https:\/\/agora.xtec.cat\/ieslamallola\/wp-content\/uploads\/usu515\/2024\/02\/Captura-de-pantalla-2024-02-28-171843-768x422.jpg 768w\" sizes=\"auto, (max-width: 783px) 100vw, 783px\" \/><\/a><\/p>\n<p>&nbsp;<\/p>\n<p>&nbsp;<\/p>\n<p>&nbsp;<\/p>\n<p>&nbsp;<\/p>\n<p>&nbsp;<\/p>\n<p><a href=\"https:\/\/agora.xtec.cat\/ieslamallola\/portada\/carnestoltes-24\/attachment\/captura-de-pantalla-2024-02-28-172108\/\" rel=\"attachment wp-att-4490\"><img loading=\"lazy\" decoding=\"async\" class=\"aligncenter wp-image-4490 size-full\" src=\"https:\/\/agora.xtec.cat\/ieslamallola\/wp-content\/uploads\/usu515\/2024\/02\/Captura-de-pantalla-2024-02-28-172108.jpg\" alt=\"\" width=\"493\" height=\"310\" srcset=\"https:\/\/agora.xtec.cat\/ieslamallola\/wp-content\/uploads\/usu515\/2024\/02\/Captura-de-pantalla-2024-02-28-172108.jpg 493w, https:\/\/agora.xtec.cat\/ieslamallola\/wp-content\/uploads\/usu515\/2024\/02\/Captura-de-pantalla-2024-02-28-172108-300x189.jpg 300w\" sizes=\"auto, (max-width: 493px) 100vw, 493px\" \/><\/a>Dimecres va ser tot un \u00e8xit, perqu\u00e8 cada dia s&#8217;apuntaven m\u00e9s alumnes a seguir les consignes. Aquell dia tothom va venir amb ulleres de sol al cap i, fins i tot, tot i haver comen\u00e7at el dia sent una mica gris, va acabar sortint el sol!<\/p>\n<p><a href=\"https:\/\/agora.xtec.cat\/ieslamallola\/portada\/carnestoltes-24\/attachment\/captura-de-pantalla-2024-02-28-172609\/\" rel=\"attachment wp-att-4491\"><img loading=\"lazy\" decoding=\"async\" class=\"size-full wp-image-4491 aligncenter\" src=\"https:\/\/agora.xtec.cat\/ieslamallola\/wp-content\/uploads\/usu515\/2024\/02\/Captura-de-pantalla-2024-02-28-172609.jpg\" alt=\"\" width=\"487\" height=\"484\" srcset=\"https:\/\/agora.xtec.cat\/ieslamallola\/wp-content\/uploads\/usu515\/2024\/02\/Captura-de-pantalla-2024-02-28-172609.jpg 487w, https:\/\/agora.xtec.cat\/ieslamallola\/wp-content\/uploads\/usu515\/2024\/02\/Captura-de-pantalla-2024-02-28-172609-300x298.jpg 300w, https:\/\/agora.xtec.cat\/ieslamallola\/wp-content\/uploads\/usu515\/2024\/02\/Captura-de-pantalla-2024-02-28-172609-150x150.jpg 150w\" sizes=\"auto, (max-width: 487px) 100vw, 487px\" \/><\/a><\/p>\n<p>Dijous vam complir amb el cl\u00e0ssic dels cl\u00e0ssics; el pijama! Va ser molt divertit!<\/p>\n<p><a href=\"https:\/\/agora.xtec.cat\/ieslamallola\/portada\/carnestoltes-24\/attachment\/captura-de-pantalla-2024-02-28-172653\/\" rel=\"attachment wp-att-4492\"><img loading=\"lazy\" decoding=\"async\" class=\"size-full wp-image-4492 aligncenter\" src=\"https:\/\/agora.xtec.cat\/ieslamallola\/wp-content\/uploads\/usu515\/2024\/02\/Captura-de-pantalla-2024-02-28-172653.jpg\" alt=\"\" width=\"775\" height=\"489\" srcset=\"https:\/\/agora.xtec.cat\/ieslamallola\/wp-content\/uploads\/usu515\/2024\/02\/Captura-de-pantalla-2024-02-28-172653.jpg 775w, https:\/\/agora.xtec.cat\/ieslamallola\/wp-content\/uploads\/usu515\/2024\/02\/Captura-de-pantalla-2024-02-28-172653-300x189.jpg 300w, https:\/\/agora.xtec.cat\/ieslamallola\/wp-content\/uploads\/usu515\/2024\/02\/Captura-de-pantalla-2024-02-28-172653-768x485.jpg 768w\" sizes=\"auto, (max-width: 775px) 100vw, 775px\" \/><\/a><br \/>\n<a href=\"https:\/\/agora.xtec.cat\/ieslamallola\/portada\/carnestoltes-24\/attachment\/captura-de-pantalla-2024-02-28-172800\/\" rel=\"attachment wp-att-4493\"><img loading=\"lazy\" decoding=\"async\" class=\"alignnone size-full wp-image-4493\" src=\"https:\/\/agora.xtec.cat\/ieslamallola\/wp-content\/uploads\/usu515\/2024\/02\/Captura-de-pantalla-2024-02-28-172800.jpg\" alt=\"\" width=\"622\" height=\"541\" srcset=\"https:\/\/agora.xtec.cat\/ieslamallola\/wp-content\/uploads\/usu515\/2024\/02\/Captura-de-pantalla-2024-02-28-172800.jpg 622w, https:\/\/agora.xtec.cat\/ieslamallola\/wp-content\/uploads\/usu515\/2024\/02\/Captura-de-pantalla-2024-02-28-172800-300x261.jpg 300w\" sizes=\"auto, (max-width: 622px) 100vw, 622px\" \/><\/a><\/p>\n<p>I divendres, tot i que va ploure i no vam poder fer la lliga de futbol que havia organitzat l&#8217;alumnat, vam poder gaudir de diversos tallers com el de jocs cooperatius, sessi\u00f3 de cinema,\u00a0<span class=\"hiddenGreenError\">manualitats<\/span>\u00a0i\u00a0<span class=\"hiddenSpellError\">pintacares<\/span>. Incl\u00fas vam poder\u00a0celebrar\u00a0una\u00a0rua\u00a0ben divertida.<br \/>\n<a href=\"https:\/\/agora.xtec.cat\/ieslamallola\/portada\/carnestoltes-24\/attachment\/captura-de-pantalla-2024-02-28-173115\/\" rel=\"attachment wp-att-4495\"><img loading=\"lazy\" decoding=\"async\" class=\"alignnone size-full wp-image-4495\" src=\"https:\/\/agora.xtec.cat\/ieslamallola\/wp-content\/uploads\/usu515\/2024\/02\/Captura-de-pantalla-2024-02-28-173115.jpg\" alt=\"\" width=\"664\" height=\"472\" srcset=\"https:\/\/agora.xtec.cat\/ieslamallola\/wp-content\/uploads\/usu515\/2024\/02\/Captura-de-pantalla-2024-02-28-173115.jpg 664w, https:\/\/agora.xtec.cat\/ieslamallola\/wp-content\/uploads\/usu515\/2024\/02\/Captura-de-pantalla-2024-02-28-173115-300x213.jpg 300w\" sizes=\"auto, (max-width: 664px) 100vw, 664px\" \/><\/a><a href=\"https:\/\/agora.xtec.cat\/ieslamallola\/portada\/carnestoltes-24\/attachment\/captura-de-pantalla-2024-02-28-173046\/\" rel=\"attachment wp-att-4494\"><img loading=\"lazy\" decoding=\"async\" class=\"alignnone size-full wp-image-4494\" src=\"https:\/\/agora.xtec.cat\/ieslamallola\/wp-content\/uploads\/usu515\/2024\/02\/Captura-de-pantalla-2024-02-28-173046.jpg\" alt=\"\" width=\"646\" height=\"421\" srcset=\"https:\/\/agora.xtec.cat\/ieslamallola\/wp-content\/uploads\/usu515\/2024\/02\/Captura-de-pantalla-2024-02-28-173046.jpg 646w, https:\/\/agora.xtec.cat\/ieslamallola\/wp-content\/uploads\/usu515\/2024\/02\/Captura-de-pantalla-2024-02-28-173046-300x196.jpg 300w\" sizes=\"auto, (max-width: 646px) 100vw, 646px\" \/><\/a><\/p>\n","protected":false},"excerpt":{"rendered":"<p>La Mallola va viure una setmana plena de festa i alegria amb l&#8217;arribada de la\u00a0celebraci\u00f3\u00a0amb m\u00e9s disbauxa de l&#8217;any: Carnaval. L&#8217;alumnat que cursa la mat\u00e8ria optativa d&#8217;Arts Esc\u00e8niques a 4t d&#8217;ESO ens va preparar tot un seguit d&#8217;activitats que van durar una setmana. Els emissaris del rei Carnestoltes anunciar, cada dia, quines eren les consignes [&hellip;]<\/p>\n","protected":false},"author":1,"featured_media":4494,"comment_status":"open","ping_status":"closed","sticky":false,"template":"","format":"standard","meta":{"_bbp_topic_count":0,"_bbp_reply_count":0,"_bbp_total_topic_count":0,"_bbp_total_reply_count":0,"_bbp_voice_count":0,"_bbp_anonymous_reply_count":0,"_bbp_topic_count_hidden":0,"_bbp_reply_count_hidden":0,"_bbp_forum_subforum_count":0,"site-sidebar-layout":"default","site-content-layout":"","ast-site-content-layout":"","site-content-style":"default","site-sidebar-style":"default","ast-global-header-display":"","ast-banner-title-visibility":"","ast-main-header-display":"","ast-hfb-above-header-display":"","ast-hfb-below-header-display":"","ast-hfb-mobile-header-display":"","site-post-title":"","ast-breadcrumbs-content":"","ast-featured-img":"","footer-sml-layout":"","theme-transparent-header-meta":"","adv-header-id-meta":"","stick-header-meta":"","header-above-stick-meta":"","header-main-stick-meta":"","header-below-stick-meta":"","astra-migrate-meta-layouts":"default","ast-page-background-enabled":"default","ast-page-background-meta":{"desktop":{"background-color":"var(--ast-global-color-4)","background-image":"","background-repeat":"repeat","background-position":"center center","background-size":"auto","background-attachment":"scroll","background-type":"","background-media":"","overlay-type":"","overlay-color":"","overlay-opacity":"","overlay-gradient":""},"tablet":{"background-color":"","background-image":"","background-repeat":"repeat","background-position":"center center","background-size":"auto","background-attachment":"scroll","background-type":"","background-media":"","overlay-type":"","overlay-color":"","overlay-opacity":"","overlay-gradient":""},"mobile":{"background-color":"","background-image":"","background-repeat":"repeat","background-position":"center center","background-size":"auto","background-attachment":"scroll","background-type":"","background-media":"","overlay-type":"","overlay-color":"","overlay-opacity":"","overlay-gradient":""}},"ast-content-background-meta":{"desktop":{"background-color":"var(--ast-global-color-5)","background-image":"","background-repeat":"repeat","background-position":"center center","background-size":"auto","background-attachment":"scroll","background-type":"","background-media":"","overlay-type":"","overlay-color":"","overlay-opacity":"","overlay-gradient":""},"tablet":{"background-color":"var(--ast-global-color-5)","background-image":"","background-repeat":"repeat","background-position":"center center","background-size":"auto","background-attachment":"scroll","background-type":"","background-media":"","overlay-type":"","overlay-color":"","overlay-opacity":"","overlay-gradient":""},"mobile":{"background-color":"var(--ast-global-color-5)","background-image":"","background-repeat":"repeat","background-position":"center center","background-size":"auto","background-attachment":"scroll","background-type":"","background-media":"","overlay-type":"","overlay-color":"","overlay-opacity":"","overlay-gradient":""}},"footnotes":""},"categories":[177,29,163],"tags":[],"class_list":["post-4487","post","type-post","status-publish","format-standard","has-post-thumbnail","hentry","category-esdeveniments-de-centre","category-portada","category-projectes"],"post_mailing_queue_ids":[],"_links":{"self":[{"href":"https:\/\/agora.xtec.cat\/ieslamallola\/wp-json\/wp\/v2\/posts\/4487","targetHints":{"allow":["GET"]}}],"collection":[{"href":"https:\/\/agora.xtec.cat\/ieslamallola\/wp-json\/wp\/v2\/posts"}],"about":[{"href":"https:\/\/agora.xtec.cat\/ieslamallola\/wp-json\/wp\/v2\/types\/post"}],"author":[{"embeddable":true,"href":"https:\/\/agora.xtec.cat\/ieslamallola\/wp-json\/wp\/v2\/users\/1"}],"replies":[{"embeddable":true,"href":"https:\/\/agora.xtec.cat\/ieslamallola\/wp-json\/wp\/v2\/comments?post=4487"}],"version-history":[{"count":3,"href":"https:\/\/agora.xtec.cat\/ieslamallola\/wp-json\/wp\/v2\/posts\/4487\/revisions"}],"predecessor-version":[{"id":4498,"href":"https:\/\/agora.xtec.cat\/ieslamallola\/wp-json\/wp\/v2\/posts\/4487\/revisions\/4498"}],"wp:featuredmedia":[{"embeddable":true,"href":"https:\/\/agora.xtec.cat\/ieslamallola\/wp-json\/wp\/v2\/media\/4494"}],"wp:attachment":[{"href":"https:\/\/agora.xtec.cat\/ieslamallola\/wp-json\/wp\/v2\/media?parent=4487"}],"wp:term":[{"taxonomy":"category","embeddable":true,"href":"https:\/\/agora.xtec.cat\/ieslamallola\/wp-json\/wp\/v2\/categories?post=4487"},{"taxonomy":"post_tag","embeddable":true,"href":"https:\/\/agora.xtec.cat\/ieslamallola\/wp-json\/wp\/v2\/tags?post=4487"}],"curies":[{"name":"wp","href":"https:\/\/api.w.org\/{rel}","templated":true}]}}