{"id":4454,"date":"2024-02-20T14:24:40","date_gmt":"2024-02-20T13:24:40","guid":{"rendered":"https:\/\/agora.xtec.cat\/ieslamallola\/?p=4454"},"modified":"2024-02-20T14:24:49","modified_gmt":"2024-02-20T13:24:49","slug":"xi-olimpiada-de-filosofia-de-catalunya","status":"publish","type":"post","link":"https:\/\/agora.xtec.cat\/ieslamallola\/batxillerat\/xi-olimpiada-de-filosofia-de-catalunya\/","title":{"rendered":"XI Olimp\u00edada de Filosofia de Catalunya"},"content":{"rendered":"<p>Les alumnes de primer de batxillerat Clara V\u00edlchez, Alexandra Javier Tibay i Laura Revuelto han participat en la XI Olimp\u00edada de Filosofia de Catalunya, que ha tingut lloc a la Facultat de Filosofia de la UB, en la modalidad de &#8220;dissertaci\u00f3&#8221;. Han hagut de defensar per escrit un text que port\u00e9s per t\u00edtol la pregunta seg\u00fcent: &#8220;\u00c9s l&#8217;oci revolucionari?&#8221;. Des de la mat\u00e8ria de Filosofia hem estat treballant aquesta modalitat de text argumentatiu des d&#8217;inici de curs i aquestes tres alumnes ja havien demostrat tot el seu potencial. Enhorabona i molta sort de cara a la final!!<\/p>\n<p><a href=\"https:\/\/agora.xtec.cat\/ieslamallola\/batxillerat\/xi-olimpiada-de-filosofia-de-catalunya\/attachment\/whatsapp-image-2024-02-15-at-19-25-33\/\" rel=\"attachment wp-att-4455\"><img loading=\"lazy\" decoding=\"async\" class=\"alignnone size-full wp-image-4455\" src=\"https:\/\/agora.xtec.cat\/ieslamallola\/wp-content\/uploads\/usu515\/2024\/02\/WhatsApp-Image-2024-02-15-at-19.25.33.jpeg\" alt=\"\" width=\"2048\" height=\"1518\" srcset=\"https:\/\/agora.xtec.cat\/ieslamallola\/wp-content\/uploads\/usu515\/2024\/02\/WhatsApp-Image-2024-02-15-at-19.25.33.jpeg 2048w, https:\/\/agora.xtec.cat\/ieslamallola\/wp-content\/uploads\/usu515\/2024\/02\/WhatsApp-Image-2024-02-15-at-19.25.33-300x222.jpeg 300w, https:\/\/agora.xtec.cat\/ieslamallola\/wp-content\/uploads\/usu515\/2024\/02\/WhatsApp-Image-2024-02-15-at-19.25.33-1024x759.jpeg 1024w, https:\/\/agora.xtec.cat\/ieslamallola\/wp-content\/uploads\/usu515\/2024\/02\/WhatsApp-Image-2024-02-15-at-19.25.33-768x569.jpeg 768w, https:\/\/agora.xtec.cat\/ieslamallola\/wp-content\/uploads\/usu515\/2024\/02\/WhatsApp-Image-2024-02-15-at-19.25.33-1536x1139.jpeg 1536w\" sizes=\"auto, (max-width: 2048px) 100vw, 2048px\" \/><\/a><\/p>\n","protected":false},"excerpt":{"rendered":"<p>Les alumnes de primer de batxillerat Clara V\u00edlchez, Alexandra Javier Tibay i Laura Revuelto han participat en la XI Olimp\u00edada de Filosofia de Catalunya, que ha tingut lloc a la Facultat de Filosofia de la UB, en la modalidad de &#8220;dissertaci\u00f3&#8221;. Han hagut de defensar per escrit un text que port\u00e9s per t\u00edtol la pregunta [&hellip;]<\/p>\n","protected":false},"author":1,"featured_media":4455,"comment_status":"open","ping_status":"closed","sticky":false,"template":"","format":"standard","meta":{"_bbp_topic_count":0,"_bbp_reply_count":0,"_bbp_total_topic_count":0,"_bbp_total_reply_count":0,"_bbp_voice_count":0,"_bbp_anonymous_reply_count":0,"_bbp_topic_count_hidden":0,"_bbp_reply_count_hidden":0,"_bbp_forum_subforum_count":0,"site-sidebar-layout":"default","site-content-layout":"","ast-site-content-layout":"","site-content-style":"default","site-sidebar-style":"default","ast-global-header-display":"","ast-banner-title-visibility":"","ast-main-header-display":"","ast-hfb-above-header-display":"","ast-hfb-below-header-display":"","ast-hfb-mobile-header-display":"","site-post-title":"","ast-breadcrumbs-content":"","ast-featured-img":"","footer-sml-layout":"","theme-transparent-header-meta":"","adv-header-id-meta":"","stick-header-meta":"","header-above-stick-meta":"","header-main-stick-meta":"","header-below-stick-meta":"","astra-migrate-meta-layouts":"default","ast-page-background-enabled":"default","ast-page-background-meta":{"desktop":{"background-color":"var(--ast-global-color-4)","background-image":"","background-repeat":"repeat","background-position":"center center","background-size":"auto","background-attachment":"scroll","background-type":"","background-media":"","overlay-type":"","overlay-color":"","overlay-opacity":"","overlay-gradient":""},"tablet":{"background-color":"","background-image":"","background-repeat":"repeat","background-position":"center center","background-size":"auto","background-attachment":"scroll","background-type":"","background-media":"","overlay-type":"","overlay-color":"","overlay-opacity":"","overlay-gradient":""},"mobile":{"background-color":"","background-image":"","background-repeat":"repeat","background-position":"center center","background-size":"auto","background-attachment":"scroll","background-type":"","background-media":"","overlay-type":"","overlay-color":"","overlay-opacity":"","overlay-gradient":""}},"ast-content-background-meta":{"desktop":{"background-color":"var(--ast-global-color-5)","background-image":"","background-repeat":"repeat","background-position":"center center","background-size":"auto","background-attachment":"scroll","background-type":"","background-media":"","overlay-type":"","overlay-color":"","overlay-opacity":"","overlay-gradient":""},"tablet":{"background-color":"var(--ast-global-color-5)","background-image":"","background-repeat":"repeat","background-position":"center center","background-size":"auto","background-attachment":"scroll","background-type":"","background-media":"","overlay-type":"","overlay-color":"","overlay-opacity":"","overlay-gradient":""},"mobile":{"background-color":"var(--ast-global-color-5)","background-image":"","background-repeat":"repeat","background-position":"center center","background-size":"auto","background-attachment":"scroll","background-type":"","background-media":"","overlay-type":"","overlay-color":"","overlay-opacity":"","overlay-gradient":""}},"footnotes":""},"categories":[8,29],"tags":[],"class_list":["post-4454","post","type-post","status-publish","format-standard","has-post-thumbnail","hentry","category-batxillerat","category-portada"],"post_mailing_queue_ids":[],"_links":{"self":[{"href":"https:\/\/agora.xtec.cat\/ieslamallola\/wp-json\/wp\/v2\/posts\/4454","targetHints":{"allow":["GET"]}}],"collection":[{"href":"https:\/\/agora.xtec.cat\/ieslamallola\/wp-json\/wp\/v2\/posts"}],"about":[{"href":"https:\/\/agora.xtec.cat\/ieslamallola\/wp-json\/wp\/v2\/types\/post"}],"author":[{"embeddable":true,"href":"https:\/\/agora.xtec.cat\/ieslamallola\/wp-json\/wp\/v2\/users\/1"}],"replies":[{"embeddable":true,"href":"https:\/\/agora.xtec.cat\/ieslamallola\/wp-json\/wp\/v2\/comments?post=4454"}],"version-history":[{"count":2,"href":"https:\/\/agora.xtec.cat\/ieslamallola\/wp-json\/wp\/v2\/posts\/4454\/revisions"}],"predecessor-version":[{"id":4457,"href":"https:\/\/agora.xtec.cat\/ieslamallola\/wp-json\/wp\/v2\/posts\/4454\/revisions\/4457"}],"wp:featuredmedia":[{"embeddable":true,"href":"https:\/\/agora.xtec.cat\/ieslamallola\/wp-json\/wp\/v2\/media\/4455"}],"wp:attachment":[{"href":"https:\/\/agora.xtec.cat\/ieslamallola\/wp-json\/wp\/v2\/media?parent=4454"}],"wp:term":[{"taxonomy":"category","embeddable":true,"href":"https:\/\/agora.xtec.cat\/ieslamallola\/wp-json\/wp\/v2\/categories?post=4454"},{"taxonomy":"post_tag","embeddable":true,"href":"https:\/\/agora.xtec.cat\/ieslamallola\/wp-json\/wp\/v2\/tags?post=4454"}],"curies":[{"name":"wp","href":"https:\/\/api.w.org\/{rel}","templated":true}]}}