{"id":4301,"date":"2024-01-23T10:08:12","date_gmt":"2024-01-23T09:08:12","guid":{"rendered":"https:\/\/agora.xtec.cat\/ieslamallola\/?p=4301"},"modified":"2024-02-20T14:28:47","modified_gmt":"2024-02-20T13:28:47","slug":"informacio-viatge-london-23-24","status":"publish","type":"post","link":"https:\/\/agora.xtec.cat\/ieslamallola\/portada\/informacio-viatge-london-23-24\/","title":{"rendered":"Informaci\u00f3 viatge London 23-24"},"content":{"rendered":"<p>Hola fam\u00edlies i alumnat!<\/p>\n<p>El proper dimarts 6 de febrer marxem a London de viatge! Ja heu preparat les maletes?<\/p>\n<p>Aqu\u00ed us adjuntem un powerpoint que ha preparat l\u2019empresa amb qui hem contractat el viatge que cont\u00e9 tota la informaci\u00f3 necess\u00e0ria tal com la documentaci\u00f3 que cal portar, les mesures de les maletes i els llocs que visitarem a Roma.<\/p>\n<p>Ens veiem dimarts 6 de febrer a les 05:00h a la Terminal 1, davant del mostrador de Vueling! El vol surt a les 07:00h amb el n\u00famero de vol VY7830 i arriba a London Gatwick a les 08:25h (hora local).<\/p>\n<div style=\"text-align: center;\">\n<div style=\"margin: 8px 0px 4px;\"><a href=\"https:\/\/www.calameo.com\/books\/00756758022e19d628eb8\" target=\"_blank\" rel=\"noopener\">Pp La Mallola London Fam\u00edlies 23 24<\/a><\/div>\n<p><iframe loading=\"lazy\" style=\"margin: 0 auto;\" src=\"\/\/v.calameo.com\/?bkcode=00756758022e19d628eb8&amp;mode=mini\" width=\"480\" height=\"300\" frameborder=\"0\" scrolling=\"no\" allowfullscreen=\"allowfullscreen\"><\/iframe><\/p>\n<div style=\"margin: 4px 0px 8px;\"><a href=\"http:\/\/www.calameo.com\/\" target=\"_blank\" rel=\"noopener\">Read more publications on Calam\u00e9o<\/a><\/div>\n<\/div>\n","protected":false},"excerpt":{"rendered":"<p>Hola fam\u00edlies i alumnat! El proper dimarts 6 de febrer marxem a London de viatge! Ja heu preparat les maletes? Aqu\u00ed us adjuntem un powerpoint que ha preparat l\u2019empresa amb qui hem contractat el viatge que cont\u00e9 tota la informaci\u00f3 necess\u00e0ria tal com la documentaci\u00f3 que cal portar, les mesures de les maletes i els [&hellip;]<\/p>\n","protected":false},"author":1,"featured_media":4302,"comment_status":"open","ping_status":"closed","sticky":false,"template":"","format":"standard","meta":{"_bbp_topic_count":0,"_bbp_reply_count":0,"_bbp_total_topic_count":0,"_bbp_total_reply_count":0,"_bbp_voice_count":0,"_bbp_anonymous_reply_count":0,"_bbp_topic_count_hidden":0,"_bbp_reply_count_hidden":0,"_bbp_forum_subforum_count":0,"site-sidebar-layout":"default","site-content-layout":"","ast-site-content-layout":"","site-content-style":"default","site-sidebar-style":"default","ast-global-header-display":"","ast-banner-title-visibility":"","ast-main-header-display":"","ast-hfb-above-header-display":"","ast-hfb-below-header-display":"","ast-hfb-mobile-header-display":"","site-post-title":"","ast-breadcrumbs-content":"","ast-featured-img":"","footer-sml-layout":"","theme-transparent-header-meta":"","adv-header-id-meta":"","stick-header-meta":"","header-above-stick-meta":"","header-main-stick-meta":"","header-below-stick-meta":"","astra-migrate-meta-layouts":"default","ast-page-background-enabled":"default","ast-page-background-meta":{"desktop":{"background-color":"var(--ast-global-color-4)","background-image":"","background-repeat":"repeat","background-position":"center center","background-size":"auto","background-attachment":"scroll","background-type":"","background-media":"","overlay-type":"","overlay-color":"","overlay-opacity":"","overlay-gradient":""},"tablet":{"background-color":"","background-image":"","background-repeat":"repeat","background-position":"center center","background-size":"auto","background-attachment":"scroll","background-type":"","background-media":"","overlay-type":"","overlay-color":"","overlay-opacity":"","overlay-gradient":""},"mobile":{"background-color":"","background-image":"","background-repeat":"repeat","background-position":"center center","background-size":"auto","background-attachment":"scroll","background-type":"","background-media":"","overlay-type":"","overlay-color":"","overlay-opacity":"","overlay-gradient":""}},"ast-content-background-meta":{"desktop":{"background-color":"var(--ast-global-color-5)","background-image":"","background-repeat":"repeat","background-position":"center center","background-size":"auto","background-attachment":"scroll","background-type":"","background-media":"","overlay-type":"","overlay-color":"","overlay-opacity":"","overlay-gradient":""},"tablet":{"background-color":"var(--ast-global-color-5)","background-image":"","background-repeat":"repeat","background-position":"center center","background-size":"auto","background-attachment":"scroll","background-type":"","background-media":"","overlay-type":"","overlay-color":"","overlay-opacity":"","overlay-gradient":""},"mobile":{"background-color":"var(--ast-global-color-5)","background-image":"","background-repeat":"repeat","background-position":"center center","background-size":"auto","background-attachment":"scroll","background-type":"","background-media":"","overlay-type":"","overlay-color":"","overlay-opacity":"","overlay-gradient":""}},"footnotes":""},"categories":[174,29,176],"tags":[],"class_list":["post-4301","post","type-post","status-publish","format-standard","has-post-thumbnail","hentry","category-esdeveniments-i-viatges","category-portada","category-viatges"],"post_mailing_queue_ids":[],"_links":{"self":[{"href":"https:\/\/agora.xtec.cat\/ieslamallola\/wp-json\/wp\/v2\/posts\/4301","targetHints":{"allow":["GET"]}}],"collection":[{"href":"https:\/\/agora.xtec.cat\/ieslamallola\/wp-json\/wp\/v2\/posts"}],"about":[{"href":"https:\/\/agora.xtec.cat\/ieslamallola\/wp-json\/wp\/v2\/types\/post"}],"author":[{"embeddable":true,"href":"https:\/\/agora.xtec.cat\/ieslamallola\/wp-json\/wp\/v2\/users\/1"}],"replies":[{"embeddable":true,"href":"https:\/\/agora.xtec.cat\/ieslamallola\/wp-json\/wp\/v2\/comments?post=4301"}],"version-history":[{"count":2,"href":"https:\/\/agora.xtec.cat\/ieslamallola\/wp-json\/wp\/v2\/posts\/4301\/revisions"}],"predecessor-version":[{"id":4460,"href":"https:\/\/agora.xtec.cat\/ieslamallola\/wp-json\/wp\/v2\/posts\/4301\/revisions\/4460"}],"wp:featuredmedia":[{"embeddable":true,"href":"https:\/\/agora.xtec.cat\/ieslamallola\/wp-json\/wp\/v2\/media\/4302"}],"wp:attachment":[{"href":"https:\/\/agora.xtec.cat\/ieslamallola\/wp-json\/wp\/v2\/media?parent=4301"}],"wp:term":[{"taxonomy":"category","embeddable":true,"href":"https:\/\/agora.xtec.cat\/ieslamallola\/wp-json\/wp\/v2\/categories?post=4301"},{"taxonomy":"post_tag","embeddable":true,"href":"https:\/\/agora.xtec.cat\/ieslamallola\/wp-json\/wp\/v2\/tags?post=4301"}],"curies":[{"name":"wp","href":"https:\/\/api.w.org\/{rel}","templated":true}]}}