{"id":4244,"date":"2023-12-17T21:03:03","date_gmt":"2023-12-17T20:03:03","guid":{"rendered":"https:\/\/agora.xtec.cat\/ieslamallola\/?p=4244"},"modified":"2024-02-20T14:39:48","modified_gmt":"2024-02-20T13:39:48","slug":"lliuraments-dels-premis-del-i-concurso-de-microrelatio-cientifico-de-la-mallola","status":"publish","type":"post","link":"https:\/\/agora.xtec.cat\/ieslamallola\/eso\/lliuraments-dels-premis-del-i-concurso-de-microrelatio-cientifico-de-la-mallola\/","title":{"rendered":"Lliuraments dels premis del I Concurso de Microrelatio cient\u00edfico de La Mallola"},"content":{"rendered":"<p>El passat dimecres 29 de novembre es van lliurar els premis del I Concurso de Microrrelato Cient\u00edfico de La Mallola, que es va celebrar entre l\u2019alumnat de 4t ESO en el marc de la Setmana de la Ci\u00e8ncia. Les guardonades van ser Emma Vallejo i Ariadna Caricol de 4t C i 4tE respectivament. El jurat va valorar no nom\u00e9s la correcci\u00f3 gramatical del textos, sin\u00f3 principalment la seva originalitat i voluntat est\u00e8tica. A l\u2019acte de lliurament hi van ser presents les dues alumnes premiades, les professores Carmen Izquierdo y Mar\u00eda Pin, la coordinadora de nivell, Basi Mojonero, i la cap d\u2019\u00c0mbit Ling\u00fc\u00edstic Alba Civit. Moltes felicitats per a les premiades.<br \/>\n<a href=\"https:\/\/agora.xtec.cat\/ieslamallola\/eso\/eso-4\/lliuraments-dels-premis-del-i-concurso-de-microrelatio-cientifico-de-la-mallola\/attachment\/captura-de-pantalla-2023-12-17-205721\/\" rel=\"attachment wp-att-4245\"><img loading=\"lazy\" decoding=\"async\" class=\"alignnone size-full wp-image-4245\" src=\"https:\/\/agora.xtec.cat\/ieslamallola\/wp-content\/uploads\/usu515\/2023\/12\/Captura-de-pantalla-2023-12-17-205721.jpg\" alt=\"\" width=\"517\" height=\"697\" srcset=\"https:\/\/agora.xtec.cat\/ieslamallola\/wp-content\/uploads\/usu515\/2023\/12\/Captura-de-pantalla-2023-12-17-205721.jpg 517w, https:\/\/agora.xtec.cat\/ieslamallola\/wp-content\/uploads\/usu515\/2023\/12\/Captura-de-pantalla-2023-12-17-205721-223x300.jpg 223w\" sizes=\"auto, (max-width: 517px) 100vw, 517px\" \/><\/a><\/p>\n","protected":false},"excerpt":{"rendered":"<p>El passat dimecres 29 de novembre es van lliurar els premis del I Concurso de Microrrelato Cient\u00edfico de La Mallola, que es va celebrar entre l\u2019alumnat de 4t ESO en el marc de la Setmana de la Ci\u00e8ncia. Les guardonades van ser Emma Vallejo i Ariadna Caricol de 4t C i 4tE respectivament. El jurat [&hellip;]<\/p>\n","protected":false},"author":1,"featured_media":4245,"comment_status":"open","ping_status":"closed","sticky":false,"template":"","format":"standard","meta":{"_bbp_topic_count":0,"_bbp_reply_count":0,"_bbp_total_topic_count":0,"_bbp_total_reply_count":0,"_bbp_voice_count":0,"_bbp_anonymous_reply_count":0,"_bbp_topic_count_hidden":0,"_bbp_reply_count_hidden":0,"_bbp_forum_subforum_count":0,"site-sidebar-layout":"default","site-content-layout":"","ast-site-content-layout":"","site-content-style":"default","site-sidebar-style":"default","ast-global-header-display":"","ast-banner-title-visibility":"","ast-main-header-display":"","ast-hfb-above-header-display":"","ast-hfb-below-header-display":"","ast-hfb-mobile-header-display":"","site-post-title":"","ast-breadcrumbs-content":"","ast-featured-img":"","footer-sml-layout":"","theme-transparent-header-meta":"","adv-header-id-meta":"","stick-header-meta":"","header-above-stick-meta":"","header-main-stick-meta":"","header-below-stick-meta":"","astra-migrate-meta-layouts":"default","ast-page-background-enabled":"default","ast-page-background-meta":{"desktop":{"background-color":"var(--ast-global-color-4)","background-image":"","background-repeat":"repeat","background-position":"center center","background-size":"auto","background-attachment":"scroll","background-type":"","background-media":"","overlay-type":"","overlay-color":"","overlay-opacity":"","overlay-gradient":""},"tablet":{"background-color":"","background-image":"","background-repeat":"repeat","background-position":"center center","background-size":"auto","background-attachment":"scroll","background-type":"","background-media":"","overlay-type":"","overlay-color":"","overlay-opacity":"","overlay-gradient":""},"mobile":{"background-color":"","background-image":"","background-repeat":"repeat","background-position":"center center","background-size":"auto","background-attachment":"scroll","background-type":"","background-media":"","overlay-type":"","overlay-color":"","overlay-opacity":"","overlay-gradient":""}},"ast-content-background-meta":{"desktop":{"background-color":"var(--ast-global-color-5)","background-image":"","background-repeat":"repeat","background-position":"center center","background-size":"auto","background-attachment":"scroll","background-type":"","background-media":"","overlay-type":"","overlay-color":"","overlay-opacity":"","overlay-gradient":""},"tablet":{"background-color":"var(--ast-global-color-5)","background-image":"","background-repeat":"repeat","background-position":"center center","background-size":"auto","background-attachment":"scroll","background-type":"","background-media":"","overlay-type":"","overlay-color":"","overlay-opacity":"","overlay-gradient":""},"mobile":{"background-color":"var(--ast-global-color-5)","background-image":"","background-repeat":"repeat","background-position":"center center","background-size":"auto","background-attachment":"scroll","background-type":"","background-media":"","overlay-type":"","overlay-color":"","overlay-opacity":"","overlay-gradient":""}},"footnotes":""},"categories":[8,3,29],"tags":[],"class_list":["post-4244","post","type-post","status-publish","format-standard","has-post-thumbnail","hentry","category-batxillerat","category-eso","category-portada"],"post_mailing_queue_ids":[],"_links":{"self":[{"href":"https:\/\/agora.xtec.cat\/ieslamallola\/wp-json\/wp\/v2\/posts\/4244","targetHints":{"allow":["GET"]}}],"collection":[{"href":"https:\/\/agora.xtec.cat\/ieslamallola\/wp-json\/wp\/v2\/posts"}],"about":[{"href":"https:\/\/agora.xtec.cat\/ieslamallola\/wp-json\/wp\/v2\/types\/post"}],"author":[{"embeddable":true,"href":"https:\/\/agora.xtec.cat\/ieslamallola\/wp-json\/wp\/v2\/users\/1"}],"replies":[{"embeddable":true,"href":"https:\/\/agora.xtec.cat\/ieslamallola\/wp-json\/wp\/v2\/comments?post=4244"}],"version-history":[{"count":3,"href":"https:\/\/agora.xtec.cat\/ieslamallola\/wp-json\/wp\/v2\/posts\/4244\/revisions"}],"predecessor-version":[{"id":4248,"href":"https:\/\/agora.xtec.cat\/ieslamallola\/wp-json\/wp\/v2\/posts\/4244\/revisions\/4248"}],"wp:featuredmedia":[{"embeddable":true,"href":"https:\/\/agora.xtec.cat\/ieslamallola\/wp-json\/wp\/v2\/media\/4245"}],"wp:attachment":[{"href":"https:\/\/agora.xtec.cat\/ieslamallola\/wp-json\/wp\/v2\/media?parent=4244"}],"wp:term":[{"taxonomy":"category","embeddable":true,"href":"https:\/\/agora.xtec.cat\/ieslamallola\/wp-json\/wp\/v2\/categories?post=4244"},{"taxonomy":"post_tag","embeddable":true,"href":"https:\/\/agora.xtec.cat\/ieslamallola\/wp-json\/wp\/v2\/tags?post=4244"}],"curies":[{"name":"wp","href":"https:\/\/api.w.org\/{rel}","templated":true}]}}