{"id":4221,"date":"2023-12-12T23:30:34","date_gmt":"2023-12-12T22:30:34","guid":{"rendered":"https:\/\/agora.xtec.cat\/ieslamallola\/?p=4221"},"modified":"2024-02-20T14:41:01","modified_gmt":"2024-02-20T13:41:01","slug":"auf-wiedersehen-marla","status":"publish","type":"post","link":"https:\/\/agora.xtec.cat\/ieslamallola\/eso\/auf-wiedersehen-marla\/","title":{"rendered":"Auf wiedersehen, Marla!"},"content":{"rendered":"<p>Durant aquest primer trimestre hem tingut una alumna d&#8217;intercanvi des d&#8217;alemania, la Marla. La Marla ha estat atenent les classes de 4tC, i la seva tutora, la Lola Macias l&#8217;ha estat ajudant i guiant. La Marla s&#8217;ha fet un lloc molt especial entre tots nosaltres i ha conseguit que mai oblidem la seva alegria i gran inniciativa a les classes d&#8217;arts esc\u00e8niques. La veritat \u00e9s que ja l&#8217;enyorem i tenim moltes ganes que ens faci una visita.<\/p>\n<p>Abans de marxar ens va fer un petit text d&#8217;acomiadament, valorant com ha estat la seva experi\u00e8ncia. Aqu\u00ed us el deixem en angl\u00e8s i traduit al catal\u00e0.<\/p>\n<table style=\"border-collapse: collapse; width: 93.7751%;\">\n<tbody>\n<tr>\n<td style=\"width: 13.3534%; border-color: #fcfafa; background-color: #fafafa;\"><\/td>\n<td style=\"width: 80.4217%; border-color: #fcfafa; background-color: #fafafa;\"><span style=\"font-weight: 400;\">Dear Mallola,<\/span><\/p>\n<p style=\"text-align: justify;\"><span style=\"font-weight: 400;\">I will leave soon.Thanks for the amazing experience. I learned a lot here. In this letter I will write down my journey. The first day I came here I was so excited. The principal intreduced me to Alex and Lola. They showed me around and in the first break Ariana, Emma, Lydia and Jana had shown me the school. In the classes Alex told me how everything works, but in the first two weeks I felt really lonely during the breaks. <\/span><\/p>\n<p style=\"text-align: justify;\"><span style=\"font-weight: 400;\">Everyone was in their friendgroups and obviously talking spanish. It was hard for me to fit in. I was hiding in the bathroom or talking with some teachers. Even though a few kids asked me if I wanted to hang out with them I was too scared to say yes, because I thought they might get annoyed of me, cause I didn\u2019t really know spanish. One day I just asked Manar if I could stay with her during the breaks. She said yes, even though she could hardly speak english. We communicated in every possible way. She introduced me to her friends. <\/span><\/p>\n<p style=\"text-align: justify;\"><span style=\"font-weight: 400;\">In theaterclass I met Yurith. She helped me when I had pain in my head, so we started to talk. She understood how I felt, because she had been on an exchange program too. Thanks to her and Manar I met many friends. I am so grateful for my best friends Manar, Yurith and Alex, ofcourse also for all my other friends. One time I had been punished and I had to go to school in the evening, but I had so much fun there, because of my dear friends. I am lucky that I got into the class 4c. Everyone is so nice, even though the start was a bit rough and I had a bit of trouble fitting in. <\/span><span style=\"font-weight: 400;\">My tutor Lola really supported me and helped me whenever I needed it. <\/span><\/p>\n<p style=\"text-align: justify;\"><span style=\"font-weight: 400;\">La Mallola is so different compared to my school in Germany. In la Mallola everyone is open, funny and loud, but my school in Germany is very strict and boring. I will miss the little fights between the teachers and the students. The school days are longer than in Germany, but they are so much more fun. I will really miss everyone. It was the best experience of my life, although at first I wanted to go back home. I will come back one day and visit you. Thank you Mallola for this amazing memory.<\/span><\/p>\n<p><span style=\"font-weight: 400;\">Marla <\/span><\/td>\n<\/tr>\n<tr>\n<td style=\"width: 13.3534%; border-color: #fcfafa; background-color: #fafafa;\"><\/td>\n<td style=\"width: 80.4217%; border-color: #fcfafa; background-color: #fafafa;\"><em>\u00a0 \u00a0 \u00a0 \u00a0 \u00a0 \u00a0 \u00a0 \u00a0 \u00a0 \u00a0 \u00a0 \u00a0 \u00a0 \u00a0 \u00a0 \u00a0 \u00a0 \u00a0 \u00a0 \u00a0 \u00a0 \u00a0 \u00a0 \u00a0 \u00a0 \u00a0 \u00a0 \u00a0 \u00a0 \u00a0 \u00a0 \u00a0 \u00a0 \u00a0 \u00a0 \u00a0 \u00a0 traducci\u00f3 al Catal\u00e0<\/em><\/p>\n<p style=\"text-align: justify;\"><span style=\"font-weight: 400;\">Estimada Mallola,\u00a0<\/span><\/p>\n<p style=\"text-align: justify;\">Aviat marxar\u00e9. Gr\u00e0cies per una experi\u00e8ncia fant\u00e0stica. He apr\u00e8s molt\u00edssim aqu\u00ed. En aquesta carta explicar\u00e9 com a estat aquest viatge. El primer dia que vaig venir al centre estava molt emocionada. La directora em va presentar a la Lola i a l&#8217;<span class=\"hiddenSpellError\">Alex<\/span>. Em van portar amb ells i ensenyant-me coses i, al primer pati, l&#8217;Ariadna, l&#8217;Emma, la\u00a0<span class=\"hiddenSpellError\">Lydia<\/span>\u00a0i la Jana em van ensenyar el centre. A les classes, l&#8217;<span class=\"hiddenSpellError\">Alex<\/span>\u00a0em va explicar com\u00a0<span class=\"hiddenGrammarError\">funcionava<\/span>\u00a0tot, per\u00f2 durant les primeres dues setmanes em vaig sentir molt sola durant els patis.<\/p>\n<p style=\"text-align: justify;\">Tothom tenia el seu grup d&#8217;amics i, \u00f2bviament, tothom parlava castell\u00e0. Em va costar encaixar. M&#8217;amagava al lavabo o parlava amb el professorat. Tot i que alguns nois i noies em preguntaven si volia passar l&#8217;estona amb ells, estava massa espantada per dir que s\u00ed. Pensava que es cansarien de mi, ja que jo no parlava castell\u00e0. Un dia li vaig demanar a la Manar si podia quedar-me amb ella durant els patis. Em va dir que si, tot i que no parla massa angl\u00e8s. Ens comunic\u00e0vem de qualsevol manera que pod\u00edem. Em va presentar les seves amigues i amics.<\/p>\n<p style=\"text-align: justify;\">A les classes de teatre vaig con\u00e8ixer a la\u00a0<span class=\"hiddenSpellError\">Yurith<\/span>. Em va ajudar un cop que tenia mal de cap i aix\u00f2 va fer que ens pos\u00e9ssim a parlar. Ella entenia com em sentia perqu\u00e8 tamb\u00e9 havia participat d&#8217;un programa d&#8217;intercanvi. Gr\u00e0cies a la Manar i a la\u00a0<span class=\"hiddenSpellError\">Yurith<\/span>\u00a0vaig con\u00e8ixer moltes m\u00e9s amistats. Em sento molt agra\u00efda als meus millors amics, la Manar, la\u00a0<span class=\"hiddenSpellError\">Yurith<\/span>\u00a0i l&#8217;<span class=\"hiddenSpellError\">Alex<\/span>. I tamb\u00e9, \u00e9s clar, a la resta dels meus amics. Un cop em van castigar i vaig haver d&#8217;anar a l&#8217;escola a la tarda. Tot i aix\u00f2, m&#8217;ho vaig passar molt b\u00e9 gr\u00e0cies al fet que hi eren els meus amics. Tinc molta sort que em va tocar la classe de 4 ESO C. Tothom \u00e9s molt agradable, tot i que el comen\u00e7ament va ser complicat i vaig tenir una mica de problemes per encaixar. La meva tutora, Lola, em va recolzar molt i em va ajudar sempre que ho vaig necessitar.<\/p>\n<p style=\"text-align: justify;\">La Mallola \u00e9s molt diferent en comparaci\u00f3 al meu institut d&#8217;Alam\u00e0nia. A\u00a0<span class=\"hiddenGrammarError\" style=\"padding-bottom: 2px; background-image: url('..\/..\/..\/..\/..\/images\/squiggle.png'); background-repeat: repeat-x; background-position: left bottom; cursor: default; color: #000000; font-family: 'Open Sans', Helvetica, Arial, sans-serif; font-size: 16px; font-style: normal; font-variant-ligatures: normal; font-variant-caps: normal; font-weight: 300; letter-spacing: normal; orphans: 2; text-align: start; text-indent: 0px; text-transform: none; widows: 2; word-spacing: 0px; -webkit-text-stroke-width: 0px; white-space: normal; text-decoration-thickness: initial; text-decoration-style: initial; text-decoration-color: initial;\">La<\/span>\u00a0Mallola tothom \u00e9s molt obert, divertit i\u00a0extravertit. Al meu institut, per\u00f2, tothom \u00e9s molt estricte i avorrit. Trobar\u00e9 a faltar les petites\u00a0discussions\u00a0entre alumnat i professorat. Les hores de perman\u00e8ncia al centre s\u00f3n m\u00e9s que a\u00a0Alam\u00e0nia\u00a0per\u00f2 tamb\u00e9\u00a0s\u00f3n\u00a0molt m\u00e9s\u00a0divertides. Trobar\u00e9 molt a faltar a tothom. Ha estat la millor experi\u00e8ncia de la meva vida, tot i que al principi nom\u00e9s volia tornar a casa. Tornar\u00e9 per visitar-vos!<\/p>\n<p style=\"text-align: justify;\">Gr\u00e0cies, La Mallola, per aquests fant\u00e0stics records que m&#8217;enporto.<\/p>\n<p style=\"text-align: justify;\">Marla<\/p>\n<\/td>\n<\/tr>\n<\/tbody>\n<\/table>\n<p><a href=\"https:\/\/agora.xtec.cat\/ieslamallola\/eso\/eso-4\/auf-wiedersehen-marla\/attachment\/img-20231121-wa0002\/\" rel=\"attachment wp-att-4224\"><img loading=\"lazy\" decoding=\"async\" class=\"alignnone wp-image-4224 size-full\" src=\"https:\/\/agora.xtec.cat\/ieslamallola\/wp-content\/uploads\/usu515\/2023\/12\/IMG-20231121-WA0002-e1702420165669.jpg\" alt=\"\" width=\"1024\" height=\"448\" srcset=\"https:\/\/agora.xtec.cat\/ieslamallola\/wp-content\/uploads\/usu515\/2023\/12\/IMG-20231121-WA0002-e1702420165669.jpg 1024w, https:\/\/agora.xtec.cat\/ieslamallola\/wp-content\/uploads\/usu515\/2023\/12\/IMG-20231121-WA0002-e1702420165669-300x131.jpg 300w, https:\/\/agora.xtec.cat\/ieslamallola\/wp-content\/uploads\/usu515\/2023\/12\/IMG-20231121-WA0002-e1702420165669-768x336.jpg 768w\" sizes=\"auto, (max-width: 1024px) 100vw, 1024px\" \/><\/a><\/p>\n<p><a href=\"https:\/\/agora.xtec.cat\/ieslamallola\/eso\/eso-4\/auf-wiedersehen-marla\/attachment\/img_20231117_123111-1-min\/\" rel=\"attachment wp-att-4225\"><img loading=\"lazy\" decoding=\"async\" class=\"alignnone size-full wp-image-4225\" src=\"https:\/\/agora.xtec.cat\/ieslamallola\/wp-content\/uploads\/usu515\/2023\/12\/IMG_20231117_123111-1-min-scaled.jpg\" alt=\"\" width=\"2560\" height=\"1922\" srcset=\"https:\/\/agora.xtec.cat\/ieslamallola\/wp-content\/uploads\/usu515\/2023\/12\/IMG_20231117_123111-1-min-scaled.jpg 2560w, https:\/\/agora.xtec.cat\/ieslamallola\/wp-content\/uploads\/usu515\/2023\/12\/IMG_20231117_123111-1-min-300x225.jpg 300w, https:\/\/agora.xtec.cat\/ieslamallola\/wp-content\/uploads\/usu515\/2023\/12\/IMG_20231117_123111-1-min-1024x769.jpg 1024w, https:\/\/agora.xtec.cat\/ieslamallola\/wp-content\/uploads\/usu515\/2023\/12\/IMG_20231117_123111-1-min-768x577.jpg 768w, https:\/\/agora.xtec.cat\/ieslamallola\/wp-content\/uploads\/usu515\/2023\/12\/IMG_20231117_123111-1-min-1536x1153.jpg 1536w, https:\/\/agora.xtec.cat\/ieslamallola\/wp-content\/uploads\/usu515\/2023\/12\/IMG_20231117_123111-1-min-2048x1538.jpg 2048w, https:\/\/agora.xtec.cat\/ieslamallola\/wp-content\/uploads\/usu515\/2023\/12\/IMG_20231117_123111-1-min-200x150.jpg 200w\" sizes=\"auto, (max-width: 2560px) 100vw, 2560px\" \/><\/a><\/p>\n<p><a href=\"https:\/\/agora.xtec.cat\/ieslamallola\/eso\/eso-4\/auf-wiedersehen-marla\/attachment\/img_20231117_123233-min\/\" rel=\"attachment wp-att-4226\"><img loading=\"lazy\" decoding=\"async\" class=\"alignnone size-full wp-image-4226\" src=\"https:\/\/agora.xtec.cat\/ieslamallola\/wp-content\/uploads\/usu515\/2023\/12\/IMG_20231117_123233-min-scaled.jpg\" alt=\"\" width=\"2560\" height=\"1439\" srcset=\"https:\/\/agora.xtec.cat\/ieslamallola\/wp-content\/uploads\/usu515\/2023\/12\/IMG_20231117_123233-min-scaled.jpg 2560w, https:\/\/agora.xtec.cat\/ieslamallola\/wp-content\/uploads\/usu515\/2023\/12\/IMG_20231117_123233-min-300x169.jpg 300w, https:\/\/agora.xtec.cat\/ieslamallola\/wp-content\/uploads\/usu515\/2023\/12\/IMG_20231117_123233-min-1024x576.jpg 1024w, https:\/\/agora.xtec.cat\/ieslamallola\/wp-content\/uploads\/usu515\/2023\/12\/IMG_20231117_123233-min-768x432.jpg 768w, https:\/\/agora.xtec.cat\/ieslamallola\/wp-content\/uploads\/usu515\/2023\/12\/IMG_20231117_123233-min-1536x864.jpg 1536w, https:\/\/agora.xtec.cat\/ieslamallola\/wp-content\/uploads\/usu515\/2023\/12\/IMG_20231117_123233-min-2048x1152.jpg 2048w\" sizes=\"auto, (max-width: 2560px) 100vw, 2560px\" \/><\/a><\/p>\n","protected":false},"excerpt":{"rendered":"<p>Durant aquest primer trimestre hem tingut una alumna d&#8217;intercanvi des d&#8217;alemania, la Marla. La Marla ha estat atenent les classes de 4tC, i la seva tutora, la Lola Macias l&#8217;ha estat ajudant i guiant. La Marla s&#8217;ha fet un lloc molt especial entre tots nosaltres i ha conseguit que mai oblidem la seva alegria i [&hellip;]<\/p>\n","protected":false},"author":1,"featured_media":4224,"comment_status":"open","ping_status":"closed","sticky":false,"template":"","format":"standard","meta":{"_bbp_topic_count":0,"_bbp_reply_count":0,"_bbp_total_topic_count":0,"_bbp_total_reply_count":0,"_bbp_voice_count":0,"_bbp_anonymous_reply_count":0,"_bbp_topic_count_hidden":0,"_bbp_reply_count_hidden":0,"_bbp_forum_subforum_count":0,"site-sidebar-layout":"default","site-content-layout":"","ast-site-content-layout":"","site-content-style":"default","site-sidebar-style":"default","ast-global-header-display":"","ast-banner-title-visibility":"","ast-main-header-display":"","ast-hfb-above-header-display":"","ast-hfb-below-header-display":"","ast-hfb-mobile-header-display":"","site-post-title":"","ast-breadcrumbs-content":"","ast-featured-img":"","footer-sml-layout":"","theme-transparent-header-meta":"","adv-header-id-meta":"","stick-header-meta":"","header-above-stick-meta":"","header-main-stick-meta":"","header-below-stick-meta":"","astra-migrate-meta-layouts":"default","ast-page-background-enabled":"default","ast-page-background-meta":{"desktop":{"background-color":"var(--ast-global-color-4)","background-image":"","background-repeat":"repeat","background-position":"center center","background-size":"auto","background-attachment":"scroll","background-type":"","background-media":"","overlay-type":"","overlay-color":"","overlay-opacity":"","overlay-gradient":""},"tablet":{"background-color":"","background-image":"","background-repeat":"repeat","background-position":"center center","background-size":"auto","background-attachment":"scroll","background-type":"","background-media":"","overlay-type":"","overlay-color":"","overlay-opacity":"","overlay-gradient":""},"mobile":{"background-color":"","background-image":"","background-repeat":"repeat","background-position":"center center","background-size":"auto","background-attachment":"scroll","background-type":"","background-media":"","overlay-type":"","overlay-color":"","overlay-opacity":"","overlay-gradient":""}},"ast-content-background-meta":{"desktop":{"background-color":"var(--ast-global-color-5)","background-image":"","background-repeat":"repeat","background-position":"center center","background-size":"auto","background-attachment":"scroll","background-type":"","background-media":"","overlay-type":"","overlay-color":"","overlay-opacity":"","overlay-gradient":""},"tablet":{"background-color":"var(--ast-global-color-5)","background-image":"","background-repeat":"repeat","background-position":"center center","background-size":"auto","background-attachment":"scroll","background-type":"","background-media":"","overlay-type":"","overlay-color":"","overlay-opacity":"","overlay-gradient":""},"mobile":{"background-color":"var(--ast-global-color-5)","background-image":"","background-repeat":"repeat","background-position":"center center","background-size":"auto","background-attachment":"scroll","background-type":"","background-media":"","overlay-type":"","overlay-color":"","overlay-opacity":"","overlay-gradient":""}},"footnotes":""},"categories":[3,29],"tags":[153,152,154],"class_list":["post-4221","post","type-post","status-publish","format-standard","has-post-thumbnail","hentry","category-eso","category-portada","tag-amistat","tag-intercanvi-cultural","tag-records"],"post_mailing_queue_ids":[],"_links":{"self":[{"href":"https:\/\/agora.xtec.cat\/ieslamallola\/wp-json\/wp\/v2\/posts\/4221","targetHints":{"allow":["GET"]}}],"collection":[{"href":"https:\/\/agora.xtec.cat\/ieslamallola\/wp-json\/wp\/v2\/posts"}],"about":[{"href":"https:\/\/agora.xtec.cat\/ieslamallola\/wp-json\/wp\/v2\/types\/post"}],"author":[{"embeddable":true,"href":"https:\/\/agora.xtec.cat\/ieslamallola\/wp-json\/wp\/v2\/users\/1"}],"replies":[{"embeddable":true,"href":"https:\/\/agora.xtec.cat\/ieslamallola\/wp-json\/wp\/v2\/comments?post=4221"}],"version-history":[{"count":4,"href":"https:\/\/agora.xtec.cat\/ieslamallola\/wp-json\/wp\/v2\/posts\/4221\/revisions"}],"predecessor-version":[{"id":4228,"href":"https:\/\/agora.xtec.cat\/ieslamallola\/wp-json\/wp\/v2\/posts\/4221\/revisions\/4228"}],"wp:featuredmedia":[{"embeddable":true,"href":"https:\/\/agora.xtec.cat\/ieslamallola\/wp-json\/wp\/v2\/media\/4224"}],"wp:attachment":[{"href":"https:\/\/agora.xtec.cat\/ieslamallola\/wp-json\/wp\/v2\/media?parent=4221"}],"wp:term":[{"taxonomy":"category","embeddable":true,"href":"https:\/\/agora.xtec.cat\/ieslamallola\/wp-json\/wp\/v2\/categories?post=4221"},{"taxonomy":"post_tag","embeddable":true,"href":"https:\/\/agora.xtec.cat\/ieslamallola\/wp-json\/wp\/v2\/tags?post=4221"}],"curies":[{"name":"wp","href":"https:\/\/api.w.org\/{rel}","templated":true}]}}