{"id":4217,"date":"2023-12-12T22:44:37","date_gmt":"2023-12-12T21:44:37","guid":{"rendered":"https:\/\/agora.xtec.cat\/ieslamallola\/?p=4217"},"modified":"2024-02-28T21:43:40","modified_gmt":"2024-02-28T20:43:40","slug":"professorat-en-practiques-al-nostre-centre","status":"publish","type":"post","link":"https:\/\/agora.xtec.cat\/ieslamallola\/portada\/professorat-en-practiques-al-nostre-centre\/","title":{"rendered":"Professorat en pr\u00e0ctiques al nostre centre"},"content":{"rendered":"<p>El nostre centre creu en la innovaci\u00f3 pedag\u00f2gica com a un dels pilars fonamentals de la nostra tasca docent. \u00c9s per aix\u00f2 que, per segon any, ha participat en el Programa d&#8217;innovaci\u00f3 pedag\u00f2gica de pr\u00e0ctiques del M\u00e0ster Universitari de Formaci\u00f3 del Professorat d&#8217;Educaci\u00f3 Secund\u00e0ria Obligat\u00f2ria i batxillerat, Formaci\u00f3 professional i Ensenyament d&#8217;idiomes (<span class=\"hiddenSpellError\">MUFPS<\/span>) en centres educatius. Un programa creat pel Departament d&#8217;Educaci\u00f3 i coordinat al nostre centre per la Corina\u00a0<span class=\"hiddenSpellError\">Brezuleanu<\/span>. L&#8217;objectiu principal d&#8217;aquest programa d&#8217;innovaci\u00f3 \u00e9s millorar i avan\u00e7ar en el model de pr\u00e0ctiques dels estudiants universitaris en centres educatius amb la implicaci\u00f3 directa de la universitat i del centre formador en relaci\u00f3 amb els aspectes qualitatius que caracteritzen la formaci\u00f3 inicial dels nous docents.<\/p>\n<p><a href=\"https:\/\/xtec.gencat.cat\/ca\/formacio\/centres-formadors\/programa-dinnovacio-mupfs\/\">Al web del Departament<\/a> hi podeu trobar m\u00e9s informaci\u00f3 sobre com funciona aquest programa en el qual, aquest curs, hi participen quatre persones del nostre professorat, que guiaran l&#8217;alumnat de pr\u00e0ctiques que ens acompanyaran aquest curs.<\/p>\n<p>L&#8217;alumnat de pr\u00e0ctiques ja han estat al nostre centre, duent a terme la seva primera part de les pr\u00e0ctiques, que consta principalment d&#8217;una observaci\u00f3 directa del funcionament del centre i de les diferents tasques docents. Al mar\u00e7 tornaran a estar amb nosaltres, aquest cop durant un per\u00edode de tres mesos i podran posar en pr\u00e0ctica les seves bases te\u00f2riques duent a terme diferents Situacions d&#8217;Aprenentatge a les aules. La primera estada ja ha estat molt enriquidora tamb\u00e9 per nosaltres i tenim moltes ganes de continuar aprenent conjuntament durant la segona estada del pr\u00e0cticum.<\/p>\n<p>Rebeu una forta benvinguda al nostre centre i us desitgem molts \u00e8xits en la vostra tasca docent!<\/p>\n<p><a href=\"https:\/\/agora.xtec.cat\/ieslamallola\/portada\/professorat-en-practiques-al-nostre-centre\/attachment\/img-20231114-wa0007\/\" rel=\"attachment wp-att-4218\"><img loading=\"lazy\" decoding=\"async\" class=\"alignnone size-full wp-image-4218\" src=\"https:\/\/agora.xtec.cat\/ieslamallola\/wp-content\/uploads\/usu515\/2023\/12\/IMG-20231114-WA0007.jpg\" alt=\"\" width=\"2016\" height=\"1512\" srcset=\"https:\/\/agora.xtec.cat\/ieslamallola\/wp-content\/uploads\/usu515\/2023\/12\/IMG-20231114-WA0007.jpg 2016w, https:\/\/agora.xtec.cat\/ieslamallola\/wp-content\/uploads\/usu515\/2023\/12\/IMG-20231114-WA0007-300x225.jpg 300w, https:\/\/agora.xtec.cat\/ieslamallola\/wp-content\/uploads\/usu515\/2023\/12\/IMG-20231114-WA0007-1024x768.jpg 1024w, https:\/\/agora.xtec.cat\/ieslamallola\/wp-content\/uploads\/usu515\/2023\/12\/IMG-20231114-WA0007-768x576.jpg 768w, https:\/\/agora.xtec.cat\/ieslamallola\/wp-content\/uploads\/usu515\/2023\/12\/IMG-20231114-WA0007-1536x1152.jpg 1536w, https:\/\/agora.xtec.cat\/ieslamallola\/wp-content\/uploads\/usu515\/2023\/12\/IMG-20231114-WA0007-200x150.jpg 200w\" sizes=\"auto, (max-width: 2016px) 100vw, 2016px\" \/><\/a><\/p>\n","protected":false},"excerpt":{"rendered":"<p>El nostre centre creu en la innovaci\u00f3 pedag\u00f2gica com a un dels pilars fonamentals de la nostra tasca docent. \u00c9s per aix\u00f2 que, per segon any, ha participat en el Programa d&#8217;innovaci\u00f3 pedag\u00f2gica de pr\u00e0ctiques del M\u00e0ster Universitari de Formaci\u00f3 del Professorat d&#8217;Educaci\u00f3 Secund\u00e0ria Obligat\u00f2ria i batxillerat, Formaci\u00f3 professional i Ensenyament d&#8217;idiomes (MUFPS) en centres [&hellip;]<\/p>\n","protected":false},"author":1,"featured_media":4218,"comment_status":"open","ping_status":"closed","sticky":false,"template":"","format":"standard","meta":{"_bbp_topic_count":0,"_bbp_reply_count":0,"_bbp_total_topic_count":0,"_bbp_total_reply_count":0,"_bbp_voice_count":0,"_bbp_anonymous_reply_count":0,"_bbp_topic_count_hidden":0,"_bbp_reply_count_hidden":0,"_bbp_forum_subforum_count":0,"site-sidebar-layout":"default","site-content-layout":"","ast-site-content-layout":"","site-content-style":"default","site-sidebar-style":"default","ast-global-header-display":"","ast-banner-title-visibility":"","ast-main-header-display":"","ast-hfb-above-header-display":"","ast-hfb-below-header-display":"","ast-hfb-mobile-header-display":"","site-post-title":"","ast-breadcrumbs-content":"","ast-featured-img":"","footer-sml-layout":"","theme-transparent-header-meta":"","adv-header-id-meta":"","stick-header-meta":"","header-above-stick-meta":"","header-main-stick-meta":"","header-below-stick-meta":"","astra-migrate-meta-layouts":"default","ast-page-background-enabled":"default","ast-page-background-meta":{"desktop":{"background-color":"var(--ast-global-color-4)","background-image":"","background-repeat":"repeat","background-position":"center center","background-size":"auto","background-attachment":"scroll","background-type":"","background-media":"","overlay-type":"","overlay-color":"","overlay-opacity":"","overlay-gradient":""},"tablet":{"background-color":"","background-image":"","background-repeat":"repeat","background-position":"center center","background-size":"auto","background-attachment":"scroll","background-type":"","background-media":"","overlay-type":"","overlay-color":"","overlay-opacity":"","overlay-gradient":""},"mobile":{"background-color":"","background-image":"","background-repeat":"repeat","background-position":"center center","background-size":"auto","background-attachment":"scroll","background-type":"","background-media":"","overlay-type":"","overlay-color":"","overlay-opacity":"","overlay-gradient":""}},"ast-content-background-meta":{"desktop":{"background-color":"var(--ast-global-color-5)","background-image":"","background-repeat":"repeat","background-position":"center center","background-size":"auto","background-attachment":"scroll","background-type":"","background-media":"","overlay-type":"","overlay-color":"","overlay-opacity":"","overlay-gradient":""},"tablet":{"background-color":"var(--ast-global-color-5)","background-image":"","background-repeat":"repeat","background-position":"center center","background-size":"auto","background-attachment":"scroll","background-type":"","background-media":"","overlay-type":"","overlay-color":"","overlay-opacity":"","overlay-gradient":""},"mobile":{"background-color":"var(--ast-global-color-5)","background-image":"","background-repeat":"repeat","background-position":"center center","background-size":"auto","background-attachment":"scroll","background-type":"","background-media":"","overlay-type":"","overlay-color":"","overlay-opacity":"","overlay-gradient":""}},"footnotes":""},"categories":[29,173],"tags":[151,150],"class_list":["post-4217","post","type-post","status-publish","format-standard","has-post-thumbnail","hentry","category-portada","category-mufps","tag-docencia","tag-innovacio"],"post_mailing_queue_ids":[],"_links":{"self":[{"href":"https:\/\/agora.xtec.cat\/ieslamallola\/wp-json\/wp\/v2\/posts\/4217","targetHints":{"allow":["GET"]}}],"collection":[{"href":"https:\/\/agora.xtec.cat\/ieslamallola\/wp-json\/wp\/v2\/posts"}],"about":[{"href":"https:\/\/agora.xtec.cat\/ieslamallola\/wp-json\/wp\/v2\/types\/post"}],"author":[{"embeddable":true,"href":"https:\/\/agora.xtec.cat\/ieslamallola\/wp-json\/wp\/v2\/users\/1"}],"replies":[{"embeddable":true,"href":"https:\/\/agora.xtec.cat\/ieslamallola\/wp-json\/wp\/v2\/comments?post=4217"}],"version-history":[{"count":3,"href":"https:\/\/agora.xtec.cat\/ieslamallola\/wp-json\/wp\/v2\/posts\/4217\/revisions"}],"predecessor-version":[{"id":4467,"href":"https:\/\/agora.xtec.cat\/ieslamallola\/wp-json\/wp\/v2\/posts\/4217\/revisions\/4467"}],"wp:featuredmedia":[{"embeddable":true,"href":"https:\/\/agora.xtec.cat\/ieslamallola\/wp-json\/wp\/v2\/media\/4218"}],"wp:attachment":[{"href":"https:\/\/agora.xtec.cat\/ieslamallola\/wp-json\/wp\/v2\/media?parent=4217"}],"wp:term":[{"taxonomy":"category","embeddable":true,"href":"https:\/\/agora.xtec.cat\/ieslamallola\/wp-json\/wp\/v2\/categories?post=4217"},{"taxonomy":"post_tag","embeddable":true,"href":"https:\/\/agora.xtec.cat\/ieslamallola\/wp-json\/wp\/v2\/tags?post=4217"}],"curies":[{"name":"wp","href":"https:\/\/api.w.org\/{rel}","templated":true}]}}