{"id":4209,"date":"2023-11-23T13:35:26","date_gmt":"2023-11-23T12:35:26","guid":{"rendered":"https:\/\/agora.xtec.cat\/ieslamallola\/?p=4209"},"modified":"2023-11-23T13:37:55","modified_gmt":"2023-11-23T12:37:55","slug":"actuacio-afa-per-conmemorar-el-25n","status":"publish","type":"post","link":"https:\/\/agora.xtec.cat\/ieslamallola\/portada\/actuacio-afa-per-conmemorar-el-25n\/","title":{"rendered":"Actuaci\u00f3 AFA per conmemorar el 25N"},"content":{"rendered":"<p>Aquest dissabte \u00e9s el dia de reivindicar el <strong>Dia Internacional per l&#8217;eliminaci\u00f3 de les viol\u00e8ncies envers les dones<\/strong>. Per aquest motiu, al nostre centre s&#8217;estan fent un seguit d&#8217;accions per educar l&#8217;alumnat sobre aquest tema i debatre sobre tot el que encara ens queda per fer. Avui, les fam\u00edlies del nostre centre ens han ajudat realitzant tamb\u00e9 una acci\u00f3. Amb uns materials que els va donar l&#8217;Ajuntament d&#8217;Esplugues de Llobregat, i tot seguint <a href=\"https:\/\/youtu.be\/Yq4IxFWcjXY\">aquest videotutorial<\/a>, les fam\u00edlies han realitzat unes roses de color lila que avui, l&#8217;alumnat delegat de totes les classes, ha penjat a la porta del nostre centre. Aqu\u00ed teniu unes imatges de com ha quedat. Us agra\u00efm molt\u00edssim la vostra col\u00b7laboraci\u00f3, fam\u00edlies!<\/p>\n<p><a href=\"https:\/\/agora.xtec.cat\/ieslamallola\/portada\/actuacio-afa-per-conmemorar-el-25n\/attachment\/0af22823-33ba-48dd-8a0a-c6e99acfd9a3-min\/\" rel=\"attachment wp-att-4210\"><img loading=\"lazy\" decoding=\"async\" class=\"alignnone wp-image-4210 size-full\" src=\"https:\/\/agora.xtec.cat\/ieslamallola\/wp-content\/uploads\/usu515\/2023\/11\/0af22823-33ba-48dd-8a0a-c6e99acfd9a3-min-e1700742853438.jpg\" alt=\"\" width=\"1600\" height=\"936\" srcset=\"https:\/\/agora.xtec.cat\/ieslamallola\/wp-content\/uploads\/usu515\/2023\/11\/0af22823-33ba-48dd-8a0a-c6e99acfd9a3-min-e1700742853438.jpg 1600w, https:\/\/agora.xtec.cat\/ieslamallola\/wp-content\/uploads\/usu515\/2023\/11\/0af22823-33ba-48dd-8a0a-c6e99acfd9a3-min-e1700742853438-300x176.jpg 300w, https:\/\/agora.xtec.cat\/ieslamallola\/wp-content\/uploads\/usu515\/2023\/11\/0af22823-33ba-48dd-8a0a-c6e99acfd9a3-min-e1700742853438-1024x599.jpg 1024w, https:\/\/agora.xtec.cat\/ieslamallola\/wp-content\/uploads\/usu515\/2023\/11\/0af22823-33ba-48dd-8a0a-c6e99acfd9a3-min-e1700742853438-768x449.jpg 768w, https:\/\/agora.xtec.cat\/ieslamallola\/wp-content\/uploads\/usu515\/2023\/11\/0af22823-33ba-48dd-8a0a-c6e99acfd9a3-min-e1700742853438-1536x899.jpg 1536w\" sizes=\"auto, (max-width: 1600px) 100vw, 1600px\" \/><\/a><\/p>\n<p><a href=\"https:\/\/agora.xtec.cat\/ieslamallola\/portada\/actuacio-afa-per-conmemorar-el-25n\/attachment\/4ebd5df5-7fe9-4278-9788-86997f191dcb-min\/\" rel=\"attachment wp-att-4211\"><img loading=\"lazy\" decoding=\"async\" class=\"alignnone size-full wp-image-4211\" src=\"https:\/\/agora.xtec.cat\/ieslamallola\/wp-content\/uploads\/usu515\/2023\/11\/4ebd5df5-7fe9-4278-9788-86997f191dcb-min.jpg\" alt=\"\" width=\"1200\" height=\"1600\" srcset=\"https:\/\/agora.xtec.cat\/ieslamallola\/wp-content\/uploads\/usu515\/2023\/11\/4ebd5df5-7fe9-4278-9788-86997f191dcb-min.jpg 1200w, https:\/\/agora.xtec.cat\/ieslamallola\/wp-content\/uploads\/usu515\/2023\/11\/4ebd5df5-7fe9-4278-9788-86997f191dcb-min-225x300.jpg 225w, https:\/\/agora.xtec.cat\/ieslamallola\/wp-content\/uploads\/usu515\/2023\/11\/4ebd5df5-7fe9-4278-9788-86997f191dcb-min-768x1024.jpg 768w, https:\/\/agora.xtec.cat\/ieslamallola\/wp-content\/uploads\/usu515\/2023\/11\/4ebd5df5-7fe9-4278-9788-86997f191dcb-min-1152x1536.jpg 1152w\" sizes=\"auto, (max-width: 1200px) 100vw, 1200px\" \/><\/a><\/p>\n<p><a href=\"https:\/\/agora.xtec.cat\/ieslamallola\/portada\/actuacio-afa-per-conmemorar-el-25n\/attachment\/60197d35-ae4b-434a-8558-0e7359b385bc-min\/\" rel=\"attachment wp-att-4212\"><img loading=\"lazy\" decoding=\"async\" class=\"alignnone size-full wp-image-4212\" src=\"https:\/\/agora.xtec.cat\/ieslamallola\/wp-content\/uploads\/usu515\/2023\/11\/60197d35-ae4b-434a-8558-0e7359b385bc-min.jpg\" alt=\"\" width=\"1600\" height=\"1200\" srcset=\"https:\/\/agora.xtec.cat\/ieslamallola\/wp-content\/uploads\/usu515\/2023\/11\/60197d35-ae4b-434a-8558-0e7359b385bc-min.jpg 1600w, https:\/\/agora.xtec.cat\/ieslamallola\/wp-content\/uploads\/usu515\/2023\/11\/60197d35-ae4b-434a-8558-0e7359b385bc-min-300x225.jpg 300w, https:\/\/agora.xtec.cat\/ieslamallola\/wp-content\/uploads\/usu515\/2023\/11\/60197d35-ae4b-434a-8558-0e7359b385bc-min-1024x768.jpg 1024w, https:\/\/agora.xtec.cat\/ieslamallola\/wp-content\/uploads\/usu515\/2023\/11\/60197d35-ae4b-434a-8558-0e7359b385bc-min-768x576.jpg 768w, https:\/\/agora.xtec.cat\/ieslamallola\/wp-content\/uploads\/usu515\/2023\/11\/60197d35-ae4b-434a-8558-0e7359b385bc-min-1536x1152.jpg 1536w, https:\/\/agora.xtec.cat\/ieslamallola\/wp-content\/uploads\/usu515\/2023\/11\/60197d35-ae4b-434a-8558-0e7359b385bc-min-200x150.jpg 200w\" sizes=\"auto, (max-width: 1600px) 100vw, 1600px\" \/><\/a><\/p>\n<p><a href=\"https:\/\/agora.xtec.cat\/ieslamallola\/portada\/actuacio-afa-per-conmemorar-el-25n\/attachment\/ae4c5fcb-2c94-4b97-9434-d8d7a6a8ebf2-min-1\/\" rel=\"attachment wp-att-4213\"><img loading=\"lazy\" decoding=\"async\" class=\"alignnone size-full wp-image-4213\" src=\"https:\/\/agora.xtec.cat\/ieslamallola\/wp-content\/uploads\/usu515\/2023\/11\/ae4c5fcb-2c94-4b97-9434-d8d7a6a8ebf2-min-1.jpg\" alt=\"\" width=\"1600\" height=\"1200\" srcset=\"https:\/\/agora.xtec.cat\/ieslamallola\/wp-content\/uploads\/usu515\/2023\/11\/ae4c5fcb-2c94-4b97-9434-d8d7a6a8ebf2-min-1.jpg 1600w, https:\/\/agora.xtec.cat\/ieslamallola\/wp-content\/uploads\/usu515\/2023\/11\/ae4c5fcb-2c94-4b97-9434-d8d7a6a8ebf2-min-1-300x225.jpg 300w, https:\/\/agora.xtec.cat\/ieslamallola\/wp-content\/uploads\/usu515\/2023\/11\/ae4c5fcb-2c94-4b97-9434-d8d7a6a8ebf2-min-1-1024x768.jpg 1024w, https:\/\/agora.xtec.cat\/ieslamallola\/wp-content\/uploads\/usu515\/2023\/11\/ae4c5fcb-2c94-4b97-9434-d8d7a6a8ebf2-min-1-768x576.jpg 768w, https:\/\/agora.xtec.cat\/ieslamallola\/wp-content\/uploads\/usu515\/2023\/11\/ae4c5fcb-2c94-4b97-9434-d8d7a6a8ebf2-min-1-1536x1152.jpg 1536w, https:\/\/agora.xtec.cat\/ieslamallola\/wp-content\/uploads\/usu515\/2023\/11\/ae4c5fcb-2c94-4b97-9434-d8d7a6a8ebf2-min-1-200x150.jpg 200w\" sizes=\"auto, (max-width: 1600px) 100vw, 1600px\" \/><\/a><\/p>\n","protected":false},"excerpt":{"rendered":"<p>Aquest dissabte \u00e9s el dia de reivindicar el Dia Internacional per l&#8217;eliminaci\u00f3 de les viol\u00e8ncies envers les dones. Per aquest motiu, al nostre centre s&#8217;estan fent un seguit d&#8217;accions per educar l&#8217;alumnat sobre aquest tema i debatre sobre tot el que encara ens queda per fer. Avui, les fam\u00edlies del nostre centre ens han ajudat [&hellip;]<\/p>\n","protected":false},"author":1,"featured_media":4211,"comment_status":"open","ping_status":"closed","sticky":false,"template":"","format":"standard","meta":{"_bbp_topic_count":0,"_bbp_reply_count":0,"_bbp_total_topic_count":0,"_bbp_total_reply_count":0,"_bbp_voice_count":0,"_bbp_anonymous_reply_count":0,"_bbp_topic_count_hidden":0,"_bbp_reply_count_hidden":0,"_bbp_forum_subforum_count":0,"site-sidebar-layout":"default","site-content-layout":"","ast-site-content-layout":"","site-content-style":"default","site-sidebar-style":"default","ast-global-header-display":"","ast-banner-title-visibility":"","ast-main-header-display":"","ast-hfb-above-header-display":"","ast-hfb-below-header-display":"","ast-hfb-mobile-header-display":"","site-post-title":"","ast-breadcrumbs-content":"","ast-featured-img":"","footer-sml-layout":"","theme-transparent-header-meta":"","adv-header-id-meta":"","stick-header-meta":"","header-above-stick-meta":"","header-main-stick-meta":"","header-below-stick-meta":"","astra-migrate-meta-layouts":"default","ast-page-background-enabled":"default","ast-page-background-meta":{"desktop":{"background-color":"var(--ast-global-color-4)","background-image":"","background-repeat":"repeat","background-position":"center center","background-size":"auto","background-attachment":"scroll","background-type":"","background-media":"","overlay-type":"","overlay-color":"","overlay-opacity":"","overlay-gradient":""},"tablet":{"background-color":"","background-image":"","background-repeat":"repeat","background-position":"center center","background-size":"auto","background-attachment":"scroll","background-type":"","background-media":"","overlay-type":"","overlay-color":"","overlay-opacity":"","overlay-gradient":""},"mobile":{"background-color":"","background-image":"","background-repeat":"repeat","background-position":"center center","background-size":"auto","background-attachment":"scroll","background-type":"","background-media":"","overlay-type":"","overlay-color":"","overlay-opacity":"","overlay-gradient":""}},"ast-content-background-meta":{"desktop":{"background-color":"var(--ast-global-color-5)","background-image":"","background-repeat":"repeat","background-position":"center center","background-size":"auto","background-attachment":"scroll","background-type":"","background-media":"","overlay-type":"","overlay-color":"","overlay-opacity":"","overlay-gradient":""},"tablet":{"background-color":"var(--ast-global-color-5)","background-image":"","background-repeat":"repeat","background-position":"center center","background-size":"auto","background-attachment":"scroll","background-type":"","background-media":"","overlay-type":"","overlay-color":"","overlay-opacity":"","overlay-gradient":""},"mobile":{"background-color":"var(--ast-global-color-5)","background-image":"","background-repeat":"repeat","background-position":"center center","background-size":"auto","background-attachment":"scroll","background-type":"","background-media":"","overlay-type":"","overlay-color":"","overlay-opacity":"","overlay-gradient":""}},"footnotes":""},"categories":[31,29],"tags":[],"class_list":["post-4209","post","type-post","status-publish","format-standard","has-post-thumbnail","hentry","category-afa","category-portada"],"post_mailing_queue_ids":[],"_links":{"self":[{"href":"https:\/\/agora.xtec.cat\/ieslamallola\/wp-json\/wp\/v2\/posts\/4209","targetHints":{"allow":["GET"]}}],"collection":[{"href":"https:\/\/agora.xtec.cat\/ieslamallola\/wp-json\/wp\/v2\/posts"}],"about":[{"href":"https:\/\/agora.xtec.cat\/ieslamallola\/wp-json\/wp\/v2\/types\/post"}],"author":[{"embeddable":true,"href":"https:\/\/agora.xtec.cat\/ieslamallola\/wp-json\/wp\/v2\/users\/1"}],"replies":[{"embeddable":true,"href":"https:\/\/agora.xtec.cat\/ieslamallola\/wp-json\/wp\/v2\/comments?post=4209"}],"version-history":[{"count":3,"href":"https:\/\/agora.xtec.cat\/ieslamallola\/wp-json\/wp\/v2\/posts\/4209\/revisions"}],"predecessor-version":[{"id":4216,"href":"https:\/\/agora.xtec.cat\/ieslamallola\/wp-json\/wp\/v2\/posts\/4209\/revisions\/4216"}],"wp:featuredmedia":[{"embeddable":true,"href":"https:\/\/agora.xtec.cat\/ieslamallola\/wp-json\/wp\/v2\/media\/4211"}],"wp:attachment":[{"href":"https:\/\/agora.xtec.cat\/ieslamallola\/wp-json\/wp\/v2\/media?parent=4209"}],"wp:term":[{"taxonomy":"category","embeddable":true,"href":"https:\/\/agora.xtec.cat\/ieslamallola\/wp-json\/wp\/v2\/categories?post=4209"},{"taxonomy":"post_tag","embeddable":true,"href":"https:\/\/agora.xtec.cat\/ieslamallola\/wp-json\/wp\/v2\/tags?post=4209"}],"curies":[{"name":"wp","href":"https:\/\/api.w.org\/{rel}","templated":true}]}}