{"id":4150,"date":"2023-11-10T21:11:19","date_gmt":"2023-11-10T20:11:19","guid":{"rendered":"https:\/\/agora.xtec.cat\/ieslamallola\/?p=4150"},"modified":"2023-11-10T21:14:12","modified_gmt":"2023-11-10T20:14:12","slug":"per-la-castanyada-anem-dexcursio","status":"publish","type":"post","link":"https:\/\/agora.xtec.cat\/ieslamallola\/eso\/per-la-castanyada-anem-dexcursio\/","title":{"rendered":"Per la castanyada, anem d&#8217;excursi\u00f3!"},"content":{"rendered":"<p>El dia de la castanyada \u00e9s un dia de celebraci\u00f3. Per aix\u00f2, tot l&#8217;alumnat i professorat del centre marxa d&#8217;excursi\u00f3. 1r i 3r d&#8217;ESO van anar a la pl. Mireia d&#8217;Esplugues de Llobregat i van gaudir d&#8217;un solejat dia a la natura tot fent jocs cooperatius. En aquesta excursi\u00f3 no nom\u00e9s s&#8217;ho van passar pipa sin\u00f3 que tamb\u00e9 van aprendre a gaudir de la natura tenint cura d&#8217;ella.<br \/>\n<a href=\"https:\/\/agora.xtec.cat\/ieslamallola\/general\/per-la-castanyada-anem-dexcursio\/attachment\/whatsapp-image-2023-11-01-at-12-44-38-1\/\" rel=\"attachment wp-att-4151\"><img loading=\"lazy\" decoding=\"async\" class=\"alignnone wp-image-4151 size-full\" src=\"https:\/\/agora.xtec.cat\/ieslamallola\/wp-content\/uploads\/usu515\/2023\/11\/WhatsApp-Image-2023-11-01-at-12.44.38-1-e1699646295303.jpeg\" alt=\"\" width=\"1600\" height=\"752\" srcset=\"https:\/\/agora.xtec.cat\/ieslamallola\/wp-content\/uploads\/usu515\/2023\/11\/WhatsApp-Image-2023-11-01-at-12.44.38-1-e1699646295303.jpeg 1600w, https:\/\/agora.xtec.cat\/ieslamallola\/wp-content\/uploads\/usu515\/2023\/11\/WhatsApp-Image-2023-11-01-at-12.44.38-1-e1699646295303-300x141.jpeg 300w, https:\/\/agora.xtec.cat\/ieslamallola\/wp-content\/uploads\/usu515\/2023\/11\/WhatsApp-Image-2023-11-01-at-12.44.38-1-e1699646295303-1024x481.jpeg 1024w, https:\/\/agora.xtec.cat\/ieslamallola\/wp-content\/uploads\/usu515\/2023\/11\/WhatsApp-Image-2023-11-01-at-12.44.38-1-e1699646295303-768x361.jpeg 768w, https:\/\/agora.xtec.cat\/ieslamallola\/wp-content\/uploads\/usu515\/2023\/11\/WhatsApp-Image-2023-11-01-at-12.44.38-1-e1699646295303-1536x722.jpeg 1536w\" sizes=\"auto, (max-width: 1600px) 100vw, 1600px\" \/><\/a><\/p>\n<p><a href=\"https:\/\/agora.xtec.cat\/ieslamallola\/general\/per-la-castanyada-anem-dexcursio\/attachment\/whatsapp-image-2023-11-01-at-12-44-35-1\/\" rel=\"attachment wp-att-4152\"><img loading=\"lazy\" decoding=\"async\" class=\"alignnone wp-image-4152 size-full\" src=\"https:\/\/agora.xtec.cat\/ieslamallola\/wp-content\/uploads\/usu515\/2023\/11\/WhatsApp-Image-2023-11-01-at-12.44.35-1-e1699646263337.jpeg\" alt=\"\" width=\"1200\" height=\"780\" srcset=\"https:\/\/agora.xtec.cat\/ieslamallola\/wp-content\/uploads\/usu515\/2023\/11\/WhatsApp-Image-2023-11-01-at-12.44.35-1-e1699646263337.jpeg 1200w, https:\/\/agora.xtec.cat\/ieslamallola\/wp-content\/uploads\/usu515\/2023\/11\/WhatsApp-Image-2023-11-01-at-12.44.35-1-e1699646263337-300x195.jpeg 300w, https:\/\/agora.xtec.cat\/ieslamallola\/wp-content\/uploads\/usu515\/2023\/11\/WhatsApp-Image-2023-11-01-at-12.44.35-1-e1699646263337-1024x666.jpeg 1024w, https:\/\/agora.xtec.cat\/ieslamallola\/wp-content\/uploads\/usu515\/2023\/11\/WhatsApp-Image-2023-11-01-at-12.44.35-1-e1699646263337-768x499.jpeg 768w\" sizes=\"auto, (max-width: 1200px) 100vw, 1200px\" \/><\/a><\/p>\n<p><a href=\"https:\/\/agora.xtec.cat\/ieslamallola\/general\/per-la-castanyada-anem-dexcursio\/attachment\/img-20231031-wa0052\/\" rel=\"attachment wp-att-4153\"><img loading=\"lazy\" decoding=\"async\" class=\"alignnone size-full wp-image-4153\" src=\"https:\/\/agora.xtec.cat\/ieslamallola\/wp-content\/uploads\/usu515\/2023\/11\/IMG-20231031-WA0052.jpg\" alt=\"\" width=\"1600\" height=\"1200\" srcset=\"https:\/\/agora.xtec.cat\/ieslamallola\/wp-content\/uploads\/usu515\/2023\/11\/IMG-20231031-WA0052.jpg 1600w, https:\/\/agora.xtec.cat\/ieslamallola\/wp-content\/uploads\/usu515\/2023\/11\/IMG-20231031-WA0052-300x225.jpg 300w, https:\/\/agora.xtec.cat\/ieslamallola\/wp-content\/uploads\/usu515\/2023\/11\/IMG-20231031-WA0052-1024x768.jpg 1024w, https:\/\/agora.xtec.cat\/ieslamallola\/wp-content\/uploads\/usu515\/2023\/11\/IMG-20231031-WA0052-768x576.jpg 768w, https:\/\/agora.xtec.cat\/ieslamallola\/wp-content\/uploads\/usu515\/2023\/11\/IMG-20231031-WA0052-1536x1152.jpg 1536w, https:\/\/agora.xtec.cat\/ieslamallola\/wp-content\/uploads\/usu515\/2023\/11\/IMG-20231031-WA0052-200x150.jpg 200w\" sizes=\"auto, (max-width: 1600px) 100vw, 1600px\" \/><\/a><\/p>\n<p><a href=\"https:\/\/agora.xtec.cat\/ieslamallola\/general\/per-la-castanyada-anem-dexcursio\/attachment\/img-20231031-wa0042-1\/\" rel=\"attachment wp-att-4154\"><img loading=\"lazy\" decoding=\"async\" class=\"alignnone size-full wp-image-4154\" src=\"https:\/\/agora.xtec.cat\/ieslamallola\/wp-content\/uploads\/usu515\/2023\/11\/IMG-20231031-WA0042-1.jpg\" alt=\"\" width=\"1600\" height=\"1200\" srcset=\"https:\/\/agora.xtec.cat\/ieslamallola\/wp-content\/uploads\/usu515\/2023\/11\/IMG-20231031-WA0042-1.jpg 1600w, https:\/\/agora.xtec.cat\/ieslamallola\/wp-content\/uploads\/usu515\/2023\/11\/IMG-20231031-WA0042-1-300x225.jpg 300w, https:\/\/agora.xtec.cat\/ieslamallola\/wp-content\/uploads\/usu515\/2023\/11\/IMG-20231031-WA0042-1-1024x768.jpg 1024w, https:\/\/agora.xtec.cat\/ieslamallola\/wp-content\/uploads\/usu515\/2023\/11\/IMG-20231031-WA0042-1-768x576.jpg 768w, https:\/\/agora.xtec.cat\/ieslamallola\/wp-content\/uploads\/usu515\/2023\/11\/IMG-20231031-WA0042-1-1536x1152.jpg 1536w, https:\/\/agora.xtec.cat\/ieslamallola\/wp-content\/uploads\/usu515\/2023\/11\/IMG-20231031-WA0042-1-200x150.jpg 200w\" sizes=\"auto, (max-width: 1600px) 100vw, 1600px\" \/><\/a><\/p>\n<p><a href=\"https:\/\/agora.xtec.cat\/ieslamallola\/general\/per-la-castanyada-anem-dexcursio\/attachment\/img-20231031-wa0032-1\/\" rel=\"attachment wp-att-4155\"><img loading=\"lazy\" decoding=\"async\" class=\"alignnone wp-image-4155 size-full\" src=\"https:\/\/agora.xtec.cat\/ieslamallola\/wp-content\/uploads\/usu515\/2023\/11\/IMG-20231031-WA0032-1-e1699646323106.jpg\" alt=\"\" width=\"1600\" height=\"792\" srcset=\"https:\/\/agora.xtec.cat\/ieslamallola\/wp-content\/uploads\/usu515\/2023\/11\/IMG-20231031-WA0032-1-e1699646323106.jpg 1600w, https:\/\/agora.xtec.cat\/ieslamallola\/wp-content\/uploads\/usu515\/2023\/11\/IMG-20231031-WA0032-1-e1699646323106-300x149.jpg 300w, https:\/\/agora.xtec.cat\/ieslamallola\/wp-content\/uploads\/usu515\/2023\/11\/IMG-20231031-WA0032-1-e1699646323106-1024x507.jpg 1024w, https:\/\/agora.xtec.cat\/ieslamallola\/wp-content\/uploads\/usu515\/2023\/11\/IMG-20231031-WA0032-1-e1699646323106-768x380.jpg 768w, https:\/\/agora.xtec.cat\/ieslamallola\/wp-content\/uploads\/usu515\/2023\/11\/IMG-20231031-WA0032-1-e1699646323106-1536x760.jpg 1536w\" sizes=\"auto, (max-width: 1600px) 100vw, 1600px\" \/><\/a><\/p>\n<p>L&#8217;alumnat de 2n d&#8217;ESO van fer una ruta de 6\u202fkm al Delta del Llobregat, on van poder veure les aus que s&#8217;hi troben en aquest espai natural. A m\u00e9s, van poder jugar a futbol i v\u00f2lei al parc mentre gaudien de temps lliure i van veure les panxes dels avions que aterraven a l&#8217;aeroport del Prat.<\/p>\n<p><a href=\"https:\/\/agora.xtec.cat\/ieslamallola\/general\/per-la-castanyada-anem-dexcursio\/attachment\/img_20231031_095349-1-min\/\" rel=\"attachment wp-att-4156\"><img loading=\"lazy\" decoding=\"async\" class=\"alignnone wp-image-4156 size-full\" src=\"https:\/\/agora.xtec.cat\/ieslamallola\/wp-content\/uploads\/usu515\/2023\/11\/IMG_20231031_095349-1-min-scaled-e1699646594965.jpg\" alt=\"\" width=\"2054\" height=\"1139\" srcset=\"https:\/\/agora.xtec.cat\/ieslamallola\/wp-content\/uploads\/usu515\/2023\/11\/IMG_20231031_095349-1-min-scaled-e1699646594965.jpg 2054w, https:\/\/agora.xtec.cat\/ieslamallola\/wp-content\/uploads\/usu515\/2023\/11\/IMG_20231031_095349-1-min-scaled-e1699646594965-300x166.jpg 300w, https:\/\/agora.xtec.cat\/ieslamallola\/wp-content\/uploads\/usu515\/2023\/11\/IMG_20231031_095349-1-min-scaled-e1699646594965-1024x568.jpg 1024w, https:\/\/agora.xtec.cat\/ieslamallola\/wp-content\/uploads\/usu515\/2023\/11\/IMG_20231031_095349-1-min-scaled-e1699646594965-768x426.jpg 768w, https:\/\/agora.xtec.cat\/ieslamallola\/wp-content\/uploads\/usu515\/2023\/11\/IMG_20231031_095349-1-min-scaled-e1699646594965-1536x852.jpg 1536w, https:\/\/agora.xtec.cat\/ieslamallola\/wp-content\/uploads\/usu515\/2023\/11\/IMG_20231031_095349-1-min-scaled-e1699646594965-2048x1136.jpg 2048w\" sizes=\"auto, (max-width: 2054px) 100vw, 2054px\" \/><\/a><\/p>\n<p><a href=\"https:\/\/agora.xtec.cat\/ieslamallola\/general\/per-la-castanyada-anem-dexcursio\/attachment\/img_20231031_105327-min\/\" rel=\"attachment wp-att-4157\"><img loading=\"lazy\" decoding=\"async\" class=\"alignnone wp-image-4157 size-full\" src=\"https:\/\/agora.xtec.cat\/ieslamallola\/wp-content\/uploads\/usu515\/2023\/11\/IMG_20231031_105327-min-scaled-e1699646548626.jpg\" alt=\"\" width=\"1894\" height=\"1056\" srcset=\"https:\/\/agora.xtec.cat\/ieslamallola\/wp-content\/uploads\/usu515\/2023\/11\/IMG_20231031_105327-min-scaled-e1699646548626.jpg 1894w, https:\/\/agora.xtec.cat\/ieslamallola\/wp-content\/uploads\/usu515\/2023\/11\/IMG_20231031_105327-min-scaled-e1699646548626-300x167.jpg 300w, https:\/\/agora.xtec.cat\/ieslamallola\/wp-content\/uploads\/usu515\/2023\/11\/IMG_20231031_105327-min-scaled-e1699646548626-1024x571.jpg 1024w, https:\/\/agora.xtec.cat\/ieslamallola\/wp-content\/uploads\/usu515\/2023\/11\/IMG_20231031_105327-min-scaled-e1699646548626-768x428.jpg 768w, https:\/\/agora.xtec.cat\/ieslamallola\/wp-content\/uploads\/usu515\/2023\/11\/IMG_20231031_105327-min-scaled-e1699646548626-1536x856.jpg 1536w\" sizes=\"auto, (max-width: 1894px) 100vw, 1894px\" \/><\/a><\/p>\n<p><a href=\"https:\/\/agora.xtec.cat\/ieslamallola\/general\/per-la-castanyada-anem-dexcursio\/attachment\/img_20231031_120505-1-min\/\" rel=\"attachment wp-att-4158\"><img loading=\"lazy\" decoding=\"async\" class=\"alignnone wp-image-4158 size-full\" src=\"https:\/\/agora.xtec.cat\/ieslamallola\/wp-content\/uploads\/usu515\/2023\/11\/IMG_20231031_120505-1-min-scaled-e1699646517708.jpg\" alt=\"\" width=\"2310\" height=\"1139\" srcset=\"https:\/\/agora.xtec.cat\/ieslamallola\/wp-content\/uploads\/usu515\/2023\/11\/IMG_20231031_120505-1-min-scaled-e1699646517708.jpg 2310w, https:\/\/agora.xtec.cat\/ieslamallola\/wp-content\/uploads\/usu515\/2023\/11\/IMG_20231031_120505-1-min-scaled-e1699646517708-300x148.jpg 300w, https:\/\/agora.xtec.cat\/ieslamallola\/wp-content\/uploads\/usu515\/2023\/11\/IMG_20231031_120505-1-min-scaled-e1699646517708-1024x505.jpg 1024w, https:\/\/agora.xtec.cat\/ieslamallola\/wp-content\/uploads\/usu515\/2023\/11\/IMG_20231031_120505-1-min-scaled-e1699646517708-768x379.jpg 768w, https:\/\/agora.xtec.cat\/ieslamallola\/wp-content\/uploads\/usu515\/2023\/11\/IMG_20231031_120505-1-min-scaled-e1699646517708-1536x757.jpg 1536w, https:\/\/agora.xtec.cat\/ieslamallola\/wp-content\/uploads\/usu515\/2023\/11\/IMG_20231031_120505-1-min-scaled-e1699646517708-2048x1010.jpg 2048w\" sizes=\"auto, (max-width: 2310px) 100vw, 2310px\" \/><\/a><\/p>\n<p>Els nostres esportistes de 4t d&#8217;ESO van visitar el gimn\u00e0s del centre esportiu la Plana. Van gaudir d&#8217;un mat\u00ed de molta activitat.<\/p>\n<p><a href=\"https:\/\/agora.xtec.cat\/ieslamallola\/general\/per-la-castanyada-anem-dexcursio\/attachment\/whatsapp-image-2023-11-01-at-14-20-48-1-1\/\" rel=\"attachment wp-att-4159\"><img loading=\"lazy\" decoding=\"async\" class=\"alignnone wp-image-4159 size-full\" src=\"https:\/\/agora.xtec.cat\/ieslamallola\/wp-content\/uploads\/usu515\/2023\/11\/WhatsApp-Image-2023-11-01-at-14.20.48-1-1-e1699646845226.jpeg\" alt=\"\" width=\"2000\" height=\"755\" srcset=\"https:\/\/agora.xtec.cat\/ieslamallola\/wp-content\/uploads\/usu515\/2023\/11\/WhatsApp-Image-2023-11-01-at-14.20.48-1-1-e1699646845226.jpeg 2000w, https:\/\/agora.xtec.cat\/ieslamallola\/wp-content\/uploads\/usu515\/2023\/11\/WhatsApp-Image-2023-11-01-at-14.20.48-1-1-e1699646845226-300x113.jpeg 300w, https:\/\/agora.xtec.cat\/ieslamallola\/wp-content\/uploads\/usu515\/2023\/11\/WhatsApp-Image-2023-11-01-at-14.20.48-1-1-e1699646845226-1024x387.jpeg 1024w, https:\/\/agora.xtec.cat\/ieslamallola\/wp-content\/uploads\/usu515\/2023\/11\/WhatsApp-Image-2023-11-01-at-14.20.48-1-1-e1699646845226-768x290.jpeg 768w, https:\/\/agora.xtec.cat\/ieslamallola\/wp-content\/uploads\/usu515\/2023\/11\/WhatsApp-Image-2023-11-01-at-14.20.48-1-1-e1699646845226-1536x580.jpeg 1536w\" sizes=\"auto, (max-width: 2000px) 100vw, 2000px\" \/><\/a><\/p>\n<p><a href=\"https:\/\/agora.xtec.cat\/ieslamallola\/general\/per-la-castanyada-anem-dexcursio\/attachment\/whatsapp-image-2023-11-01-at-14-20-48-2\/\" rel=\"attachment wp-att-4160\"><img loading=\"lazy\" decoding=\"async\" class=\"alignnone wp-image-4160 size-full\" src=\"https:\/\/agora.xtec.cat\/ieslamallola\/wp-content\/uploads\/usu515\/2023\/11\/WhatsApp-Image-2023-11-01-at-14.20.48-2-e1699646821748.jpeg\" alt=\"\" width=\"2000\" height=\"875\" srcset=\"https:\/\/agora.xtec.cat\/ieslamallola\/wp-content\/uploads\/usu515\/2023\/11\/WhatsApp-Image-2023-11-01-at-14.20.48-2-e1699646821748.jpeg 2000w, https:\/\/agora.xtec.cat\/ieslamallola\/wp-content\/uploads\/usu515\/2023\/11\/WhatsApp-Image-2023-11-01-at-14.20.48-2-e1699646821748-300x131.jpeg 300w, https:\/\/agora.xtec.cat\/ieslamallola\/wp-content\/uploads\/usu515\/2023\/11\/WhatsApp-Image-2023-11-01-at-14.20.48-2-e1699646821748-1024x448.jpeg 1024w, https:\/\/agora.xtec.cat\/ieslamallola\/wp-content\/uploads\/usu515\/2023\/11\/WhatsApp-Image-2023-11-01-at-14.20.48-2-e1699646821748-768x336.jpeg 768w, https:\/\/agora.xtec.cat\/ieslamallola\/wp-content\/uploads\/usu515\/2023\/11\/WhatsApp-Image-2023-11-01-at-14.20.48-2-e1699646821748-1536x672.jpeg 1536w\" sizes=\"auto, (max-width: 2000px) 100vw, 2000px\" \/><\/a><\/p>\n<p><a href=\"https:\/\/agora.xtec.cat\/ieslamallola\/general\/per-la-castanyada-anem-dexcursio\/attachment\/whatsapp-image-2023-11-01-at-14-20-47-3\/\" rel=\"attachment wp-att-4161\"><img loading=\"lazy\" decoding=\"async\" class=\"alignnone wp-image-4161 size-full\" src=\"https:\/\/agora.xtec.cat\/ieslamallola\/wp-content\/uploads\/usu515\/2023\/11\/WhatsApp-Image-2023-11-01-at-14.20.47-3-e1699646785827.jpeg\" alt=\"\" width=\"1990\" height=\"780\" srcset=\"https:\/\/agora.xtec.cat\/ieslamallola\/wp-content\/uploads\/usu515\/2023\/11\/WhatsApp-Image-2023-11-01-at-14.20.47-3-e1699646785827.jpeg 1990w, https:\/\/agora.xtec.cat\/ieslamallola\/wp-content\/uploads\/usu515\/2023\/11\/WhatsApp-Image-2023-11-01-at-14.20.47-3-e1699646785827-300x118.jpeg 300w, https:\/\/agora.xtec.cat\/ieslamallola\/wp-content\/uploads\/usu515\/2023\/11\/WhatsApp-Image-2023-11-01-at-14.20.47-3-e1699646785827-1024x401.jpeg 1024w, https:\/\/agora.xtec.cat\/ieslamallola\/wp-content\/uploads\/usu515\/2023\/11\/WhatsApp-Image-2023-11-01-at-14.20.47-3-e1699646785827-768x301.jpeg 768w, https:\/\/agora.xtec.cat\/ieslamallola\/wp-content\/uploads\/usu515\/2023\/11\/WhatsApp-Image-2023-11-01-at-14.20.47-3-e1699646785827-1536x602.jpeg 1536w\" sizes=\"auto, (max-width: 1990px) 100vw, 1990px\" \/><\/a><\/p>\n<p><a href=\"https:\/\/agora.xtec.cat\/ieslamallola\/general\/per-la-castanyada-anem-dexcursio\/attachment\/whatsapp-image-2023-11-01-at-14-20-47-2-1\/\" rel=\"attachment wp-att-4162\"><img loading=\"lazy\" decoding=\"async\" class=\"alignnone wp-image-4162 size-full\" src=\"https:\/\/agora.xtec.cat\/ieslamallola\/wp-content\/uploads\/usu515\/2023\/11\/WhatsApp-Image-2023-11-01-at-14.20.47-2-1-e1699646733880.jpeg\" alt=\"\" width=\"1980\" height=\"640\" srcset=\"https:\/\/agora.xtec.cat\/ieslamallola\/wp-content\/uploads\/usu515\/2023\/11\/WhatsApp-Image-2023-11-01-at-14.20.47-2-1-e1699646733880.jpeg 1980w, https:\/\/agora.xtec.cat\/ieslamallola\/wp-content\/uploads\/usu515\/2023\/11\/WhatsApp-Image-2023-11-01-at-14.20.47-2-1-e1699646733880-300x97.jpeg 300w, https:\/\/agora.xtec.cat\/ieslamallola\/wp-content\/uploads\/usu515\/2023\/11\/WhatsApp-Image-2023-11-01-at-14.20.47-2-1-e1699646733880-1024x331.jpeg 1024w, https:\/\/agora.xtec.cat\/ieslamallola\/wp-content\/uploads\/usu515\/2023\/11\/WhatsApp-Image-2023-11-01-at-14.20.47-2-1-e1699646733880-768x248.jpeg 768w, https:\/\/agora.xtec.cat\/ieslamallola\/wp-content\/uploads\/usu515\/2023\/11\/WhatsApp-Image-2023-11-01-at-14.20.47-2-1-e1699646733880-1536x496.jpeg 1536w\" sizes=\"auto, (max-width: 1980px) 100vw, 1980px\" \/><\/a><\/p>\n<p><a href=\"https:\/\/agora.xtec.cat\/ieslamallola\/general\/per-la-castanyada-anem-dexcursio\/attachment\/whatsapp-image-2023-11-01-at-14-20-47-1-1\/\" rel=\"attachment wp-att-4163\"><img loading=\"lazy\" decoding=\"async\" class=\"alignnone wp-image-4163 size-full\" src=\"https:\/\/agora.xtec.cat\/ieslamallola\/wp-content\/uploads\/usu515\/2023\/11\/WhatsApp-Image-2023-11-01-at-14.20.47-1-1-e1699646705600.jpeg\" alt=\"\" width=\"2000\" height=\"885\" srcset=\"https:\/\/agora.xtec.cat\/ieslamallola\/wp-content\/uploads\/usu515\/2023\/11\/WhatsApp-Image-2023-11-01-at-14.20.47-1-1-e1699646705600.jpeg 2000w, https:\/\/agora.xtec.cat\/ieslamallola\/wp-content\/uploads\/usu515\/2023\/11\/WhatsApp-Image-2023-11-01-at-14.20.47-1-1-e1699646705600-300x133.jpeg 300w, https:\/\/agora.xtec.cat\/ieslamallola\/wp-content\/uploads\/usu515\/2023\/11\/WhatsApp-Image-2023-11-01-at-14.20.47-1-1-e1699646705600-1024x453.jpeg 1024w, https:\/\/agora.xtec.cat\/ieslamallola\/wp-content\/uploads\/usu515\/2023\/11\/WhatsApp-Image-2023-11-01-at-14.20.47-1-1-e1699646705600-768x340.jpeg 768w, https:\/\/agora.xtec.cat\/ieslamallola\/wp-content\/uploads\/usu515\/2023\/11\/WhatsApp-Image-2023-11-01-at-14.20.47-1-1-e1699646705600-1536x680.jpeg 1536w\" sizes=\"auto, (max-width: 2000px) 100vw, 2000px\" \/><\/a><\/p>\n<p>L&#8217;alumnat de 1r de Batxillerat va fer una ruta modernista per Sant Joan Desp\u00ed. Van visitar Can Negre i la torre de la creu. Tamb\u00e9 altres fa\u00e7anes, fetes totes per Josep Mar\u00eda Jujol, un deixeble de Gaud\u00ed.<\/p>\n<p><a href=\"https:\/\/agora.xtec.cat\/ieslamallola\/general\/per-la-castanyada-anem-dexcursio\/attachment\/photo-2023-10-31-11-26-53-1-1\/\" rel=\"attachment wp-att-4164\"><img loading=\"lazy\" decoding=\"async\" class=\"alignnone size-full wp-image-4164\" src=\"https:\/\/agora.xtec.cat\/ieslamallola\/wp-content\/uploads\/usu515\/2023\/11\/PHOTO-2023-10-31-11-26-53-1-1.jpg\" alt=\"\" width=\"1600\" height=\"900\" srcset=\"https:\/\/agora.xtec.cat\/ieslamallola\/wp-content\/uploads\/usu515\/2023\/11\/PHOTO-2023-10-31-11-26-53-1-1.jpg 1600w, https:\/\/agora.xtec.cat\/ieslamallola\/wp-content\/uploads\/usu515\/2023\/11\/PHOTO-2023-10-31-11-26-53-1-1-300x169.jpg 300w, https:\/\/agora.xtec.cat\/ieslamallola\/wp-content\/uploads\/usu515\/2023\/11\/PHOTO-2023-10-31-11-26-53-1-1-1024x576.jpg 1024w, https:\/\/agora.xtec.cat\/ieslamallola\/wp-content\/uploads\/usu515\/2023\/11\/PHOTO-2023-10-31-11-26-53-1-1-768x432.jpg 768w, https:\/\/agora.xtec.cat\/ieslamallola\/wp-content\/uploads\/usu515\/2023\/11\/PHOTO-2023-10-31-11-26-53-1-1-1536x864.jpg 1536w\" sizes=\"auto, (max-width: 1600px) 100vw, 1600px\" \/><\/a><\/p>\n<p><a href=\"https:\/\/agora.xtec.cat\/ieslamallola\/general\/per-la-castanyada-anem-dexcursio\/attachment\/photo-2023-10-31-11-26-52-1\/\" rel=\"attachment wp-att-4165\"><img loading=\"lazy\" decoding=\"async\" class=\"alignnone wp-image-4165 size-full\" src=\"https:\/\/agora.xtec.cat\/ieslamallola\/wp-content\/uploads\/usu515\/2023\/11\/PHOTO-2023-10-31-11-26-52-1-e1699646943222.jpg\" alt=\"\" width=\"1600\" height=\"744\" srcset=\"https:\/\/agora.xtec.cat\/ieslamallola\/wp-content\/uploads\/usu515\/2023\/11\/PHOTO-2023-10-31-11-26-52-1-e1699646943222.jpg 1600w, https:\/\/agora.xtec.cat\/ieslamallola\/wp-content\/uploads\/usu515\/2023\/11\/PHOTO-2023-10-31-11-26-52-1-e1699646943222-300x140.jpg 300w, https:\/\/agora.xtec.cat\/ieslamallola\/wp-content\/uploads\/usu515\/2023\/11\/PHOTO-2023-10-31-11-26-52-1-e1699646943222-1024x476.jpg 1024w, https:\/\/agora.xtec.cat\/ieslamallola\/wp-content\/uploads\/usu515\/2023\/11\/PHOTO-2023-10-31-11-26-52-1-e1699646943222-768x357.jpg 768w, https:\/\/agora.xtec.cat\/ieslamallola\/wp-content\/uploads\/usu515\/2023\/11\/PHOTO-2023-10-31-11-26-52-1-e1699646943222-1536x714.jpg 1536w\" sizes=\"auto, (max-width: 1600px) 100vw, 1600px\" \/><\/a><\/p>\n<p>L&#8217;alumnat de 2n de Batxillerat va visitar el refugi antiaeri de la pla\u00e7a del Diamant de Barcelona i va fer una ruta liter\u00e0ria pel barri de Gr\u00e0cia. Una oportunitat fant\u00e0stica de con\u00e8ixer els nostres referents art\u00edstics.<\/p>\n<p><a href=\"https:\/\/agora.xtec.cat\/ieslamallola\/general\/per-la-castanyada-anem-dexcursio\/attachment\/pxl_20231031_093839014-mp-min\/\" rel=\"attachment wp-att-4166\"><img loading=\"lazy\" decoding=\"async\" class=\"alignnone size-full wp-image-4166\" src=\"https:\/\/agora.xtec.cat\/ieslamallola\/wp-content\/uploads\/usu515\/2023\/11\/PXL_20231031_093839014.MP-min-scaled.jpg\" alt=\"\" width=\"1440\" height=\"2560\" srcset=\"https:\/\/agora.xtec.cat\/ieslamallola\/wp-content\/uploads\/usu515\/2023\/11\/PXL_20231031_093839014.MP-min-scaled.jpg 1440w, https:\/\/agora.xtec.cat\/ieslamallola\/wp-content\/uploads\/usu515\/2023\/11\/PXL_20231031_093839014.MP-min-169x300.jpg 169w, https:\/\/agora.xtec.cat\/ieslamallola\/wp-content\/uploads\/usu515\/2023\/11\/PXL_20231031_093839014.MP-min-576x1024.jpg 576w, https:\/\/agora.xtec.cat\/ieslamallola\/wp-content\/uploads\/usu515\/2023\/11\/PXL_20231031_093839014.MP-min-768x1365.jpg 768w, https:\/\/agora.xtec.cat\/ieslamallola\/wp-content\/uploads\/usu515\/2023\/11\/PXL_20231031_093839014.MP-min-864x1536.jpg 864w, https:\/\/agora.xtec.cat\/ieslamallola\/wp-content\/uploads\/usu515\/2023\/11\/PXL_20231031_093839014.MP-min-1152x2048.jpg 1152w\" sizes=\"auto, (max-width: 1440px) 100vw, 1440px\" \/><\/a> <a href=\"https:\/\/agora.xtec.cat\/ieslamallola\/general\/per-la-castanyada-anem-dexcursio\/attachment\/pxl_20231031_090801223-mp-min\/\" rel=\"attachment wp-att-4167\"><img loading=\"lazy\" decoding=\"async\" class=\"alignnone wp-image-4167 size-full\" src=\"https:\/\/agora.xtec.cat\/ieslamallola\/wp-content\/uploads\/usu515\/2023\/11\/PXL_20231031_090801223.MP-min-scaled-e1699647070268.jpg\" alt=\"\" width=\"1440\" height=\"1472\" srcset=\"https:\/\/agora.xtec.cat\/ieslamallola\/wp-content\/uploads\/usu515\/2023\/11\/PXL_20231031_090801223.MP-min-scaled-e1699647070268.jpg 1440w, https:\/\/agora.xtec.cat\/ieslamallola\/wp-content\/uploads\/usu515\/2023\/11\/PXL_20231031_090801223.MP-min-scaled-e1699647070268-293x300.jpg 293w, https:\/\/agora.xtec.cat\/ieslamallola\/wp-content\/uploads\/usu515\/2023\/11\/PXL_20231031_090801223.MP-min-scaled-e1699647070268-1002x1024.jpg 1002w, https:\/\/agora.xtec.cat\/ieslamallola\/wp-content\/uploads\/usu515\/2023\/11\/PXL_20231031_090801223.MP-min-scaled-e1699647070268-768x785.jpg 768w\" sizes=\"auto, (max-width: 1440px) 100vw, 1440px\" \/><\/a><\/p>\n","protected":false},"excerpt":{"rendered":"<p>El dia de la castanyada \u00e9s un dia de celebraci\u00f3. Per aix\u00f2, tot l&#8217;alumnat i professorat del centre marxa d&#8217;excursi\u00f3. 1r i 3r d&#8217;ESO van anar a la pl. Mireia d&#8217;Esplugues de Llobregat i van gaudir d&#8217;un solejat dia a la natura tot fent jocs cooperatius. En aquesta excursi\u00f3 no nom\u00e9s s&#8217;ho van passar pipa [&hellip;]<\/p>\n","protected":false},"author":1,"featured_media":4154,"comment_status":"open","ping_status":"closed","sticky":false,"template":"","format":"standard","meta":{"_bbp_topic_count":0,"_bbp_reply_count":0,"_bbp_total_topic_count":0,"_bbp_total_reply_count":0,"_bbp_voice_count":0,"_bbp_anonymous_reply_count":0,"_bbp_topic_count_hidden":0,"_bbp_reply_count_hidden":0,"_bbp_forum_subforum_count":0,"site-sidebar-layout":"default","site-content-layout":"","ast-site-content-layout":"","site-content-style":"default","site-sidebar-style":"default","ast-global-header-display":"","ast-banner-title-visibility":"","ast-main-header-display":"","ast-hfb-above-header-display":"","ast-hfb-below-header-display":"","ast-hfb-mobile-header-display":"","site-post-title":"","ast-breadcrumbs-content":"","ast-featured-img":"","footer-sml-layout":"","theme-transparent-header-meta":"","adv-header-id-meta":"","stick-header-meta":"","header-above-stick-meta":"","header-main-stick-meta":"","header-below-stick-meta":"","astra-migrate-meta-layouts":"default","ast-page-background-enabled":"default","ast-page-background-meta":{"desktop":{"background-color":"var(--ast-global-color-4)","background-image":"","background-repeat":"repeat","background-position":"center center","background-size":"auto","background-attachment":"scroll","background-type":"","background-media":"","overlay-type":"","overlay-color":"","overlay-opacity":"","overlay-gradient":""},"tablet":{"background-color":"","background-image":"","background-repeat":"repeat","background-position":"center center","background-size":"auto","background-attachment":"scroll","background-type":"","background-media":"","overlay-type":"","overlay-color":"","overlay-opacity":"","overlay-gradient":""},"mobile":{"background-color":"","background-image":"","background-repeat":"repeat","background-position":"center center","background-size":"auto","background-attachment":"scroll","background-type":"","background-media":"","overlay-type":"","overlay-color":"","overlay-opacity":"","overlay-gradient":""}},"ast-content-background-meta":{"desktop":{"background-color":"var(--ast-global-color-5)","background-image":"","background-repeat":"repeat","background-position":"center center","background-size":"auto","background-attachment":"scroll","background-type":"","background-media":"","overlay-type":"","overlay-color":"","overlay-opacity":"","overlay-gradient":""},"tablet":{"background-color":"var(--ast-global-color-5)","background-image":"","background-repeat":"repeat","background-position":"center center","background-size":"auto","background-attachment":"scroll","background-type":"","background-media":"","overlay-type":"","overlay-color":"","overlay-opacity":"","overlay-gradient":""},"mobile":{"background-color":"var(--ast-global-color-5)","background-image":"","background-repeat":"repeat","background-position":"center center","background-size":"auto","background-attachment":"scroll","background-type":"","background-media":"","overlay-type":"","overlay-color":"","overlay-opacity":"","overlay-gradient":""}},"footnotes":""},"categories":[8,3,29],"tags":[146,149],"class_list":["post-4150","post","type-post","status-publish","format-standard","has-post-thumbnail","hentry","category-batxillerat","category-eso","category-portada","tag-castanyada","tag-mallolafestiva"],"post_mailing_queue_ids":[],"_links":{"self":[{"href":"https:\/\/agora.xtec.cat\/ieslamallola\/wp-json\/wp\/v2\/posts\/4150","targetHints":{"allow":["GET"]}}],"collection":[{"href":"https:\/\/agora.xtec.cat\/ieslamallola\/wp-json\/wp\/v2\/posts"}],"about":[{"href":"https:\/\/agora.xtec.cat\/ieslamallola\/wp-json\/wp\/v2\/types\/post"}],"author":[{"embeddable":true,"href":"https:\/\/agora.xtec.cat\/ieslamallola\/wp-json\/wp\/v2\/users\/1"}],"replies":[{"embeddable":true,"href":"https:\/\/agora.xtec.cat\/ieslamallola\/wp-json\/wp\/v2\/comments?post=4150"}],"version-history":[{"count":2,"href":"https:\/\/agora.xtec.cat\/ieslamallola\/wp-json\/wp\/v2\/posts\/4150\/revisions"}],"predecessor-version":[{"id":4169,"href":"https:\/\/agora.xtec.cat\/ieslamallola\/wp-json\/wp\/v2\/posts\/4150\/revisions\/4169"}],"wp:featuredmedia":[{"embeddable":true,"href":"https:\/\/agora.xtec.cat\/ieslamallola\/wp-json\/wp\/v2\/media\/4154"}],"wp:attachment":[{"href":"https:\/\/agora.xtec.cat\/ieslamallola\/wp-json\/wp\/v2\/media?parent=4150"}],"wp:term":[{"taxonomy":"category","embeddable":true,"href":"https:\/\/agora.xtec.cat\/ieslamallola\/wp-json\/wp\/v2\/categories?post=4150"},{"taxonomy":"post_tag","embeddable":true,"href":"https:\/\/agora.xtec.cat\/ieslamallola\/wp-json\/wp\/v2\/tags?post=4150"}],"curies":[{"name":"wp","href":"https:\/\/api.w.org\/{rel}","templated":true}]}}