{"id":4112,"date":"2023-11-10T18:30:59","date_gmt":"2023-11-10T17:30:59","guid":{"rendered":"https:\/\/agora.xtec.cat\/ieslamallola\/?p=4112"},"modified":"2023-11-10T20:25:10","modified_gmt":"2023-11-10T19:25:10","slug":"colonies-de-cohesio-de-1r-eso","status":"publish","type":"post","link":"https:\/\/agora.xtec.cat\/ieslamallola\/portada\/colonies-de-cohesio-de-1r-eso\/","title":{"rendered":"Col\u00f2nies de cohesi\u00f3 de 1r ESO"},"content":{"rendered":"<p>El passat 4 i 5 d&#8217;octubre, l&#8217;alumnat de 1r d&#8217;ESO va fer les maletes i van marxar a una casa de col\u00f2nies a Coma-ruga. All\u00e0 van fer moltes activitats i jocs a la platja i van viure moments molt divertits de conviv\u00e8ncia. Com podeu veure a les imatges, ens ho vam passar genial amb els monitors, qui al vespre ens van preparar una discoteca per a poder ballar una mica. Amb tanta diversi\u00f3 ens va costar una mica anar a dormir, per\u00f2\u00a0hav\u00edem\u00a0de descansar, ja que l&#8217;endem\u00e0 ens esperava un altre dia carregat d&#8217;activitats.<\/p>\n<p><iframe loading=\"lazy\" title=\"YouTube video player\" src=\"https:\/\/www.youtube.com\/embed\/F2ZKDswntNo?si=gzrPkm4V3a-coxLA\" width=\"560\" height=\"315\" frameborder=\"0\" allowfullscreen=\"allowfullscreen\"><\/iframe><\/p>\n<p><a href=\"https:\/\/agora.xtec.cat\/ieslamallola\/general\/colonies-de-cohesio-de-1r-eso\/attachment\/img_20231004_114246-min\/\" rel=\"attachment wp-att-4121\"><img loading=\"lazy\" decoding=\"async\" class=\"alignnone size-full wp-image-4121\" src=\"https:\/\/agora.xtec.cat\/ieslamallola\/wp-content\/uploads\/usu515\/2023\/11\/IMG_20231004_114246-min-scaled.jpg\" alt=\"\" width=\"2560\" height=\"1440\" srcset=\"https:\/\/agora.xtec.cat\/ieslamallola\/wp-content\/uploads\/usu515\/2023\/11\/IMG_20231004_114246-min-scaled.jpg 2560w, https:\/\/agora.xtec.cat\/ieslamallola\/wp-content\/uploads\/usu515\/2023\/11\/IMG_20231004_114246-min-300x169.jpg 300w, https:\/\/agora.xtec.cat\/ieslamallola\/wp-content\/uploads\/usu515\/2023\/11\/IMG_20231004_114246-min-1024x576.jpg 1024w, https:\/\/agora.xtec.cat\/ieslamallola\/wp-content\/uploads\/usu515\/2023\/11\/IMG_20231004_114246-min-768x432.jpg 768w, https:\/\/agora.xtec.cat\/ieslamallola\/wp-content\/uploads\/usu515\/2023\/11\/IMG_20231004_114246-min-1536x864.jpg 1536w, https:\/\/agora.xtec.cat\/ieslamallola\/wp-content\/uploads\/usu515\/2023\/11\/IMG_20231004_114246-min-2048x1152.jpg 2048w\" sizes=\"auto, (max-width: 2560px) 100vw, 2560px\" \/><\/a><\/p>\n<p><a href=\"https:\/\/agora.xtec.cat\/ieslamallola\/general\/colonies-de-cohesio-de-1r-eso\/attachment\/img_20231004_114333-min\/\" rel=\"attachment wp-att-4122\"><img loading=\"lazy\" decoding=\"async\" class=\"alignnone size-full wp-image-4122\" src=\"https:\/\/agora.xtec.cat\/ieslamallola\/wp-content\/uploads\/usu515\/2023\/11\/IMG_20231004_114333-min-scaled.jpg\" alt=\"\" width=\"2560\" height=\"1440\" srcset=\"https:\/\/agora.xtec.cat\/ieslamallola\/wp-content\/uploads\/usu515\/2023\/11\/IMG_20231004_114333-min-scaled.jpg 2560w, https:\/\/agora.xtec.cat\/ieslamallola\/wp-content\/uploads\/usu515\/2023\/11\/IMG_20231004_114333-min-300x169.jpg 300w, https:\/\/agora.xtec.cat\/ieslamallola\/wp-content\/uploads\/usu515\/2023\/11\/IMG_20231004_114333-min-1024x576.jpg 1024w, https:\/\/agora.xtec.cat\/ieslamallola\/wp-content\/uploads\/usu515\/2023\/11\/IMG_20231004_114333-min-768x432.jpg 768w, https:\/\/agora.xtec.cat\/ieslamallola\/wp-content\/uploads\/usu515\/2023\/11\/IMG_20231004_114333-min-1536x864.jpg 1536w, https:\/\/agora.xtec.cat\/ieslamallola\/wp-content\/uploads\/usu515\/2023\/11\/IMG_20231004_114333-min-2048x1152.jpg 2048w\" sizes=\"auto, (max-width: 2560px) 100vw, 2560px\" \/><\/a><\/p>\n<p>Aprofitant que\u00a0est\u00e0vem\u00a0a Coma-ruga, vam visitar la casa on\u00a0estiuejava\u00a0el gran compositor, Pau Casals. L&#8217;espai era preci\u00f3s i oferia unes vistes privilegiades al Mediterrani. No tenim cap dubte\u00a0de per qu\u00e8\u00a0se\u00a0sentia tan inspirat per compondre les seves meravelloses peces musicals.<\/p>\n<p>Va ser una visita molt interessant i fins i tot vam tenir un acompanyament especial. La tele! TV3 ens va acompanyar en la nostra visita i ens va fer un reportatge i va entrevistar a cinc dels nostres alumnes; la Bruna, la Candela, la Lucia, l&#8217;\u00c8ric i l&#8217;Oriol. Voleu veure el reportatge? Aqu\u00ed el teniu!<\/p>\n<p><iframe loading=\"lazy\" src=\"https:\/\/www.ccma.cat\/video\/embed\/sx3\/6245958\/\" width=\"500px\" height=\"281px\" frameborder=\"0\" scrolling=\"no\" allowfullscreen=\"allowfullscreen\"><\/iframe><\/p>\n","protected":false},"excerpt":{"rendered":"<p>El passat 4 i 5 d&#8217;octubre, l&#8217;alumnat de 1r d&#8217;ESO va fer les maletes i van marxar a una casa de col\u00f2nies a Coma-ruga. All\u00e0 van fer moltes activitats i jocs a la platja i van viure moments molt divertits de conviv\u00e8ncia. Com podeu veure a les imatges, ens ho vam passar genial amb els [&hellip;]<\/p>\n","protected":false},"author":1,"featured_media":4121,"comment_status":"open","ping_status":"closed","sticky":false,"template":"","format":"standard","meta":{"_bbp_topic_count":0,"_bbp_reply_count":0,"_bbp_total_topic_count":0,"_bbp_total_reply_count":0,"_bbp_voice_count":0,"_bbp_anonymous_reply_count":0,"_bbp_topic_count_hidden":0,"_bbp_reply_count_hidden":0,"_bbp_forum_subforum_count":0,"site-sidebar-layout":"default","site-content-layout":"","ast-site-content-layout":"","site-content-style":"default","site-sidebar-style":"default","ast-global-header-display":"","ast-banner-title-visibility":"","ast-main-header-display":"","ast-hfb-above-header-display":"","ast-hfb-below-header-display":"","ast-hfb-mobile-header-display":"","site-post-title":"","ast-breadcrumbs-content":"","ast-featured-img":"","footer-sml-layout":"","theme-transparent-header-meta":"","adv-header-id-meta":"","stick-header-meta":"","header-above-stick-meta":"","header-main-stick-meta":"","header-below-stick-meta":"","astra-migrate-meta-layouts":"default","ast-page-background-enabled":"default","ast-page-background-meta":{"desktop":{"background-color":"var(--ast-global-color-4)","background-image":"","background-repeat":"repeat","background-position":"center center","background-size":"auto","background-attachment":"scroll","background-type":"","background-media":"","overlay-type":"","overlay-color":"","overlay-opacity":"","overlay-gradient":""},"tablet":{"background-color":"","background-image":"","background-repeat":"repeat","background-position":"center center","background-size":"auto","background-attachment":"scroll","background-type":"","background-media":"","overlay-type":"","overlay-color":"","overlay-opacity":"","overlay-gradient":""},"mobile":{"background-color":"","background-image":"","background-repeat":"repeat","background-position":"center center","background-size":"auto","background-attachment":"scroll","background-type":"","background-media":"","overlay-type":"","overlay-color":"","overlay-opacity":"","overlay-gradient":""}},"ast-content-background-meta":{"desktop":{"background-color":"var(--ast-global-color-5)","background-image":"","background-repeat":"repeat","background-position":"center center","background-size":"auto","background-attachment":"scroll","background-type":"","background-media":"","overlay-type":"","overlay-color":"","overlay-opacity":"","overlay-gradient":""},"tablet":{"background-color":"var(--ast-global-color-5)","background-image":"","background-repeat":"repeat","background-position":"center center","background-size":"auto","background-attachment":"scroll","background-type":"","background-media":"","overlay-type":"","overlay-color":"","overlay-opacity":"","overlay-gradient":""},"mobile":{"background-color":"var(--ast-global-color-5)","background-image":"","background-repeat":"repeat","background-position":"center center","background-size":"auto","background-attachment":"scroll","background-type":"","background-media":"","overlay-type":"","overlay-color":"","overlay-opacity":"","overlay-gradient":""}},"footnotes":""},"categories":[29],"tags":[],"class_list":["post-4112","post","type-post","status-publish","format-standard","has-post-thumbnail","hentry","category-portada"],"post_mailing_queue_ids":[],"_links":{"self":[{"href":"https:\/\/agora.xtec.cat\/ieslamallola\/wp-json\/wp\/v2\/posts\/4112","targetHints":{"allow":["GET"]}}],"collection":[{"href":"https:\/\/agora.xtec.cat\/ieslamallola\/wp-json\/wp\/v2\/posts"}],"about":[{"href":"https:\/\/agora.xtec.cat\/ieslamallola\/wp-json\/wp\/v2\/types\/post"}],"author":[{"embeddable":true,"href":"https:\/\/agora.xtec.cat\/ieslamallola\/wp-json\/wp\/v2\/users\/1"}],"replies":[{"embeddable":true,"href":"https:\/\/agora.xtec.cat\/ieslamallola\/wp-json\/wp\/v2\/comments?post=4112"}],"version-history":[{"count":6,"href":"https:\/\/agora.xtec.cat\/ieslamallola\/wp-json\/wp\/v2\/posts\/4112\/revisions"}],"predecessor-version":[{"id":4142,"href":"https:\/\/agora.xtec.cat\/ieslamallola\/wp-json\/wp\/v2\/posts\/4112\/revisions\/4142"}],"wp:featuredmedia":[{"embeddable":true,"href":"https:\/\/agora.xtec.cat\/ieslamallola\/wp-json\/wp\/v2\/media\/4121"}],"wp:attachment":[{"href":"https:\/\/agora.xtec.cat\/ieslamallola\/wp-json\/wp\/v2\/media?parent=4112"}],"wp:term":[{"taxonomy":"category","embeddable":true,"href":"https:\/\/agora.xtec.cat\/ieslamallola\/wp-json\/wp\/v2\/categories?post=4112"},{"taxonomy":"post_tag","embeddable":true,"href":"https:\/\/agora.xtec.cat\/ieslamallola\/wp-json\/wp\/v2\/tags?post=4112"}],"curies":[{"name":"wp","href":"https:\/\/api.w.org\/{rel}","templated":true}]}}