{"id":4072,"date":"2023-09-12T19:24:11","date_gmt":"2023-09-12T17:24:11","guid":{"rendered":"https:\/\/agora.xtec.cat\/ieslamallola\/?p=4072"},"modified":"2023-09-12T19:24:11","modified_gmt":"2023-09-12T17:24:11","slug":"activitats-extraescolars-curs-2023-2024","status":"publish","type":"post","link":"https:\/\/agora.xtec.cat\/ieslamallola\/general\/activitats-extraescolars-curs-2023-2024\/","title":{"rendered":"Activitats extraescolars curs 2023-2024"},"content":{"rendered":"<p>Benvolgudes fam\u00edlies,<\/p>\n<p>Des de l&#8217;AFA volem donar suport a l&#8217;\u00e8xit educatiu de tots i totes les joves del Centre i \u00e9s per aix\u00f2 que hem preparat una oferta d&#8217;activitats extraescolars diversa, que reculli els interessos i aficions dels nostres fills i filles.<\/p>\n<p><strong>OFERTA D&#8217;ACTIVITATS EXTRAESCOLARS DE LA MALLOLA<\/strong><\/p>\n<table style=\"width: 75.7796%;\" width=\"100%\">\n<tbody>\n<tr>\n<td style=\"width: 8.38216%;\" width=\"21%\"><strong>ACTIVITAT<\/strong><\/td>\n<td style=\"width: 25.6178%;\" width=\"13%\"><strong>DESCRIPCI\u00d3<\/strong><\/td>\n<td style=\"width: 12.9891%;\" width=\"28%\"><strong>HORARI<\/strong><\/td>\n<td style=\"width: 15.1567%;\" width=\"19%\"><strong>PREU<\/strong><\/td>\n<td style=\"width: 11.6338%;\" width=\"17%\"><strong>Empresa organitzadora<\/strong><\/td>\n<\/tr>\n<tr>\n<td style=\"width: 8.38216%;\" width=\"21%\"><strong>B\u00e0squet<br \/>\n3X3<\/strong><\/p>\n<p><strong>\u00a0<\/strong><\/td>\n<td style=\"width: 25.6178%;\" width=\"13%\">Equips de 4 jugadors\/es.<br \/>\nJuguen 3 contra 3 en una cistella i amb un canvi per equip.<br \/>\nEsport divertit i din\u00e0mic.<\/td>\n<td style=\"width: 12.9891%;\" width=\"28%\">Dimarts i\u00a0dijous<br \/>\n15.45-17.00<\/td>\n<td style=\"width: 15.1567%;\" width=\"19%\">1 dia a la setmana: 24\u20ac\/mes<\/p>\n<p>2 dies a la setmana: 32\u20ac\/mes<\/td>\n<td style=\"width: 11.6338%;\" width=\"17%\">Nomadball<\/td>\n<\/tr>\n<tr>\n<td style=\"width: 8.38216%;\" width=\"21%\"><strong>Parkour<\/strong><\/p>\n<p><strong>\u00a0<\/strong><\/td>\n<td style=\"width: 25.6178%;\" width=\"13%\">Disciplina t\u00e8cnica i f\u00edsica, la finalitat de la qual \u00e9s despla\u00e7ar-se d\u2019un punt a un altre superant tot tipus de dificultats i obstacles.<br \/>\nEsport per millorar l\u2019equilibri, la concentraci\u00f3 i l\u2019estat f\u00edsic.<\/td>\n<td style=\"width: 12.9891%;\" width=\"28%\">Dimarts i\u00a0dijous<br \/>\n15.45-17.00<\/td>\n<td style=\"width: 15.1567%;\" width=\"19%\">1 dia a la setmana: 24\u20ac\/mes<\/p>\n<p>2 dies a la setmana: 32\u20ac\/mes<\/td>\n<td style=\"width: 11.6338%;\" width=\"17%\">Nomadball<\/td>\n<\/tr>\n<tr>\n<td style=\"width: 8.38216%;\" width=\"21%\"><strong>Dansa<br \/>\nUrbana<\/strong><\/p>\n<p><strong>\u00a0<\/strong><\/td>\n<td style=\"width: 25.6178%;\" width=\"13%\">Al ritme de la m\u00fasica es desenvolupa un ball r\u00e0pid i fluid que implica tot el cos i, en etapes avan\u00e7ades, pot implicar acrob\u00e0cies.<\/td>\n<td style=\"width: 12.9891%;\" width=\"28%\">Dimarts i dijous<br \/>\n15.45-17.00<\/td>\n<td style=\"width: 15.1567%;\" width=\"19%\">1 dia a la setmana: 24\u20ac\/mes<\/p>\n<p>2 dies a la setmana: 32\u20ac\/mes<\/td>\n<td style=\"width: 11.6338%;\" width=\"17%\">Nomadball<\/td>\n<\/tr>\n<tr>\n<td style=\"width: 8.38216%;\" width=\"21%\"><strong>Futbol<br \/>\nSala<\/strong><\/td>\n<td style=\"width: 25.6178%;\" width=\"13%\">Entrenaments de futbol sala amb opci\u00f3 de lliga i partit els divendres tarda o dissabtes mat\u00ed.<br \/>\nDues categories:<br \/>\nInfantil 12-13 anys<br \/>\nCadet 14-15 anys<\/td>\n<td style=\"width: 12.9891%;\" width=\"28%\">Dilluns i dimecres<\/p>\n<p>15.45-17.00<\/td>\n<td style=\"width: 15.1567%;\" width=\"19%\">2 entrenaments + partit: 30\u20ac\/mes<\/p>\n<p>1 entrenament + 1 partit: 25\u20ac\/mes<\/p>\n<p>2 entrenaments sense partit:\u00a025\u20ac\/mes<\/p>\n<p>1 entrenament sense partit:\u00a020\u20ac\/mes<\/td>\n<td style=\"width: 11.6338%;\" width=\"17%\">AECS<\/td>\n<\/tr>\n<tr>\n<td style=\"width: 8.38216%;\" width=\"21%\"><strong>Ball<br \/>\nModern<\/strong><\/td>\n<td style=\"width: 25.6178%;\" width=\"13%\">Classes de ball modern amb possibilitat de fer competici\u00f3 al Consell Escolar de l\u2019Hospitalet.<\/td>\n<td style=\"width: 12.9891%;\" width=\"28%\">Dilluns i dimecres<\/p>\n<p>15.45-17.00<\/td>\n<td style=\"width: 15.1567%;\" width=\"19%\">2 entrenaments + competici\u00f3: 30\u20ac\/mes<\/p>\n<p>1 entrenament + competici\u00f3: 25\u20ac\/mes<\/p>\n<p>2 entrenaments sense competici\u00f3: 25\u20ac\/mes<\/p>\n<p>1 entrenament sense competici\u00f3: 20\u20ac\/mes<\/td>\n<td style=\"width: 11.6338%;\" width=\"17%\">AECS<\/td>\n<\/tr>\n<tr>\n<td style=\"width: 8.38216%;\" width=\"21%\"><strong>Angl\u00e8s<\/strong><\/td>\n<td style=\"width: 25.6178%;\" width=\"13%\">Activitats pr\u00e0ctiques i l\u00fadiques que amplien i reforcen el contingut, vocabulari i\u00a0estructures gramaticals apreses a classe,\u00a0amb l\u2019objectiu de treballar per\u00a0a\u00a0l\u2019assoliment de l&#8217;autonomia suficient per expressar-se sense limitacions.<br \/>\nGrups redu\u00efts de m\u00e0xim 10 alumnes<\/td>\n<td style=\"width: 12.9891%;\" width=\"28%\"><strong>English Initial<\/strong><\/p>\n<p>1r\u00a0i\u00a02n\u00a0ESO<br \/>\nDimarts i dijous<br \/>\n16.00-17.00<\/p>\n<p><strong>English Intermediate<\/strong><\/p>\n<p>3r i\u00a04t\u00a0ESO<br \/>\nDimarts i dijous<br \/>\n17.00-18.00<\/p>\n<p><strong>Preparaci\u00f3 FCE (First\u00a0Certificate English)\u00a0\u00a0<\/strong><\/p>\n<p>Dilluns i dimecres<br \/>\n16.00-17.30<\/td>\n<td style=\"width: 15.1567%;\" width=\"19%\">English Initial i English Intermediate: matr\u00edcula 15\u20ac + 39\u20ac\/mes<\/p>\n<p>Preparaci\u00f3 FCE:\u00a0matr\u00edcula 15\u20ac + 70\u20ac\/mes<\/td>\n<td style=\"width: 11.6338%;\" width=\"17%\">Mysecondlanguage<\/td>\n<\/tr>\n<tr>\n<td style=\"width: 8.38216%;\" width=\"21%\"><strong>Rob\u00f2tica<\/strong><\/td>\n<td style=\"width: 25.6178%;\" width=\"13%\">Activitats pr\u00e0ctiques i l\u00fadiques que\u00a0desenvolupin la creativitat i el treball en equip i que permetin crear solucions sorprenents i inesperades per als desafiaments quotidians. Grups redu\u00efts de 6 a 8 alumnes.<\/td>\n<td style=\"width: 12.9891%;\" width=\"28%\">Dijous<\/p>\n<p>18.00-19.00<\/td>\n<td style=\"width: 15.1567%;\" width=\"19%\">Matr\u00edcula 15\u20ac + 39,50\u20ac\/mes<\/td>\n<td style=\"width: 11.6338%;\" width=\"17%\">Mysecondlanguage<\/td>\n<\/tr>\n<tr>\n<td style=\"width: 8.38216%;\" width=\"21%\"><strong>Refor\u00e7<br \/>\nEscolar<\/strong><\/td>\n<td style=\"width: 25.6178%;\" width=\"13%\">Activitats i recursos educatius per a ajudar els estudiants en el seu aprenentatge i per refor\u00e7ar les seves habilitats i coneixements en les diferents mat\u00e8ries curriculars. Per a 1r i 2n d\u2019ESO.<\/td>\n<td style=\"width: 12.9891%;\" width=\"28%\">Dilluns<\/p>\n<p>16.00-17.00<\/td>\n<td style=\"width: 15.1567%;\" width=\"19%\">Matr\u00edcula 15\u20ac + 26\u20ac\/mes<\/td>\n<td style=\"width: 11.6338%;\" width=\"17%\">Mysecondlanguage<\/td>\n<\/tr>\n<tr>\n<td style=\"width: 8.38216%;\" width=\"21%\"><strong>Voleibol<\/strong><\/td>\n<td style=\"width: 25.6178%;\" width=\"13%\">Activitat esportiva dissenyada per fomentar l&#8217;inter\u00e8s i la pr\u00e0ctica continuada del voleibol i per promoure els beneficis de l&#8217;activitat f\u00edsica i l&#8217;esport. Equips de m\u00e0x. 12 alumnes.<\/td>\n<td style=\"width: 12.9891%;\" width=\"28%\">Dimarts i dijous<\/p>\n<p>15.45-16.45<\/td>\n<td style=\"width: 15.1567%;\" width=\"19%\">Llic\u00e8ncia esportiva: 18\u20ac a l\u2019inici de curs + 36\u20ac\/mes<\/td>\n<td style=\"width: 11.6338%;\" width=\"17%\">Mysecondlanguage<\/td>\n<\/tr>\n<\/tbody>\n<\/table>\n<p>En cas que\u00a0<strong>NO\u00a0<\/strong>sigueu s\u00f2cies de l&#8217;AFA,\u00a0<strong>cal que ingresseu la quantitat de 30\u20ac com a quota d&#8217;inscripci\u00f3 per poder realitzar les activitats extraescolars<\/strong>, indicant el nom de l&#8217;alumna\/e,<strong>\u00a0<\/strong>al seg\u00fcent n\u00famero de compte bancari:<\/p>\n<p><strong>Banc Sabadell:\u00a0ES59 0081\u00a00156 2800\u00a00162 3861<\/strong><\/p>\n<p>Us recordem que la quota de l&#8217;AFA s\u00f3n 25\u20ac\/any. Si us en voleu fer s\u00f2cies\u00a0nom\u00e9s cal que\u00a0feu l&#8217;ingr\u00e9s al mateix compte bancari,\u00a0indicant el nom de l&#8217;alumna\/e.<\/p>\n<p><strong>Per\u00edode d\u2019inscripci\u00f3: del 06 de setembre fins al 30 de setembre<\/strong>. \u00c9s necessari un nombre m\u00ednim d\u2019alumnes per a que l\u2019activitat es pugui realitzar.\u00a0\u00a0Acabat el per\u00edode d\u2019inscripci\u00f3\u00a0 us informarem si \u00e9s possible dur a terme l\u2019activitat.<\/p>\n<p>Als cartells de les tres empreses que gestionen les activitats hi ha les instruccions per inscriure-us a les que us\u00a0interessin.<\/p>\n<p>Les i els alumnes que facin activitats extraescolars tenen l&#8217;opci\u00f3 de quedar-se a dinar a la cantina de\u00a0l\u2019institut.<\/p>\n<p>La quota de 10\u20ac mensuals dona dret a guardar i escalfar el dinar, fer \u00fas de\u00a0l\u2019espai\u00a0i monitoratge.<\/p>\n<p>Bon inici de curs!<\/p>\n<p>&nbsp;<\/p>\n<p>AFA Institut La Mallola<\/p>\n<p><a href=\"https:\/\/agora.xtec.cat\/ieslamallola\/general\/activitats-extraescolars-curs-2023-2024\/attachment\/nomadball\/\" rel=\"attachment wp-att-4080\"><img loading=\"lazy\" decoding=\"async\" class=\"alignnone  wp-image-4080\" src=\"https:\/\/agora.xtec.cat\/ieslamallola\/wp-content\/uploads\/usu515\/2023\/09\/Nomadball.jpg\" alt=\"\" width=\"622\" height=\"880\" srcset=\"https:\/\/agora.xtec.cat\/ieslamallola\/wp-content\/uploads\/usu515\/2023\/09\/Nomadball.jpg 842w, https:\/\/agora.xtec.cat\/ieslamallola\/wp-content\/uploads\/usu515\/2023\/09\/Nomadball-212x300.jpg 212w, https:\/\/agora.xtec.cat\/ieslamallola\/wp-content\/uploads\/usu515\/2023\/09\/Nomadball-724x1024.jpg 724w, https:\/\/agora.xtec.cat\/ieslamallola\/wp-content\/uploads\/usu515\/2023\/09\/Nomadball-768x1086.jpg 768w\" sizes=\"auto, (max-width: 622px) 100vw, 622px\" \/><\/a> <a href=\"https:\/\/agora.xtec.cat\/ieslamallola\/general\/activitats-extraescolars-curs-2023-2024\/attachment\/mysecondlanguage-2\/\" rel=\"attachment wp-att-4079\"><img loading=\"lazy\" decoding=\"async\" class=\"alignnone  wp-image-4079\" src=\"https:\/\/agora.xtec.cat\/ieslamallola\/wp-content\/uploads\/usu515\/2023\/09\/Mysecondlanguage.jpg\" alt=\"\" width=\"614\" height=\"862\" srcset=\"https:\/\/agora.xtec.cat\/ieslamallola\/wp-content\/uploads\/usu515\/2023\/09\/Mysecondlanguage.jpg 769w, https:\/\/agora.xtec.cat\/ieslamallola\/wp-content\/uploads\/usu515\/2023\/09\/Mysecondlanguage-214x300.jpg 214w, https:\/\/agora.xtec.cat\/ieslamallola\/wp-content\/uploads\/usu515\/2023\/09\/Mysecondlanguage-730x1024.jpg 730w\" sizes=\"auto, (max-width: 614px) 100vw, 614px\" \/><\/a> <a href=\"https:\/\/agora.xtec.cat\/ieslamallola\/general\/activitats-extraescolars-curs-2023-2024\/attachment\/futbol-sala\/\" rel=\"attachment wp-att-4078\"><img loading=\"lazy\" decoding=\"async\" class=\"alignnone  wp-image-4078\" src=\"https:\/\/agora.xtec.cat\/ieslamallola\/wp-content\/uploads\/usu515\/2023\/09\/Futbol-sala.jpg\" alt=\"\" width=\"613\" height=\"864\" srcset=\"https:\/\/agora.xtec.cat\/ieslamallola\/wp-content\/uploads\/usu515\/2023\/09\/Futbol-sala.jpg 765w, https:\/\/agora.xtec.cat\/ieslamallola\/wp-content\/uploads\/usu515\/2023\/09\/Futbol-sala-213x300.jpg 213w, https:\/\/agora.xtec.cat\/ieslamallola\/wp-content\/uploads\/usu515\/2023\/09\/Futbol-sala-726x1024.jpg 726w\" sizes=\"auto, (max-width: 613px) 100vw, 613px\" \/><\/a> <a href=\"https:\/\/agora.xtec.cat\/ieslamallola\/general\/activitats-extraescolars-curs-2023-2024\/attachment\/ball-modern\/\" rel=\"attachment wp-att-4077\"><img loading=\"lazy\" decoding=\"async\" class=\"alignnone  wp-image-4077\" src=\"https:\/\/agora.xtec.cat\/ieslamallola\/wp-content\/uploads\/usu515\/2023\/09\/Ball-modern.jpg\" alt=\"\" width=\"611\" height=\"863\" srcset=\"https:\/\/agora.xtec.cat\/ieslamallola\/wp-content\/uploads\/usu515\/2023\/09\/Ball-modern.jpg 764w, https:\/\/agora.xtec.cat\/ieslamallola\/wp-content\/uploads\/usu515\/2023\/09\/Ball-modern-212x300.jpg 212w, https:\/\/agora.xtec.cat\/ieslamallola\/wp-content\/uploads\/usu515\/2023\/09\/Ball-modern-724x1024.jpg 724w\" sizes=\"auto, (max-width: 611px) 100vw, 611px\" \/><\/a><\/p>\n","protected":false},"excerpt":{"rendered":"<p>Benvolgudes fam\u00edlies, Des de l&#8217;AFA volem donar suport a l&#8217;\u00e8xit educatiu de tots i totes les joves del Centre i \u00e9s per aix\u00f2 que hem preparat una oferta d&#8217;activitats extraescolars diversa, que reculli els interessos i aficions dels nostres fills i filles. OFERTA D&#8217;ACTIVITATS EXTRAESCOLARS DE LA MALLOLA ACTIVITAT DESCRIPCI\u00d3 HORARI PREU Empresa organitzadora B\u00e0squet [&hellip;]<\/p>\n","protected":false},"author":1,"featured_media":0,"comment_status":"open","ping_status":"closed","sticky":false,"template":"","format":"standard","meta":{"_bbp_topic_count":0,"_bbp_reply_count":0,"_bbp_total_topic_count":0,"_bbp_total_reply_count":0,"_bbp_voice_count":0,"_bbp_anonymous_reply_count":0,"_bbp_topic_count_hidden":0,"_bbp_reply_count_hidden":0,"_bbp_forum_subforum_count":0,"site-sidebar-layout":"default","site-content-layout":"","ast-site-content-layout":"","site-content-style":"default","site-sidebar-style":"default","ast-global-header-display":"","ast-banner-title-visibility":"","ast-main-header-display":"","ast-hfb-above-header-display":"","ast-hfb-below-header-display":"","ast-hfb-mobile-header-display":"","site-post-title":"","ast-breadcrumbs-content":"","ast-featured-img":"","footer-sml-layout":"","theme-transparent-header-meta":"","adv-header-id-meta":"","stick-header-meta":"","header-above-stick-meta":"","header-main-stick-meta":"","header-below-stick-meta":"","astra-migrate-meta-layouts":"default","ast-page-background-enabled":"default","ast-page-background-meta":{"desktop":{"background-color":"var(--ast-global-color-4)","background-image":"","background-repeat":"repeat","background-position":"center center","background-size":"auto","background-attachment":"scroll","background-type":"","background-media":"","overlay-type":"","overlay-color":"","overlay-opacity":"","overlay-gradient":""},"tablet":{"background-color":"","background-image":"","background-repeat":"repeat","background-position":"center center","background-size":"auto","background-attachment":"scroll","background-type":"","background-media":"","overlay-type":"","overlay-color":"","overlay-opacity":"","overlay-gradient":""},"mobile":{"background-color":"","background-image":"","background-repeat":"repeat","background-position":"center center","background-size":"auto","background-attachment":"scroll","background-type":"","background-media":"","overlay-type":"","overlay-color":"","overlay-opacity":"","overlay-gradient":""}},"ast-content-background-meta":{"desktop":{"background-color":"var(--ast-global-color-5)","background-image":"","background-repeat":"repeat","background-position":"center center","background-size":"auto","background-attachment":"scroll","background-type":"","background-media":"","overlay-type":"","overlay-color":"","overlay-opacity":"","overlay-gradient":""},"tablet":{"background-color":"var(--ast-global-color-5)","background-image":"","background-repeat":"repeat","background-position":"center center","background-size":"auto","background-attachment":"scroll","background-type":"","background-media":"","overlay-type":"","overlay-color":"","overlay-opacity":"","overlay-gradient":""},"mobile":{"background-color":"var(--ast-global-color-5)","background-image":"","background-repeat":"repeat","background-position":"center center","background-size":"auto","background-attachment":"scroll","background-type":"","background-media":"","overlay-type":"","overlay-color":"","overlay-opacity":"","overlay-gradient":""}},"footnotes":""},"categories":[31,8,3,1,29],"tags":[],"class_list":["post-4072","post","type-post","status-publish","format-standard","hentry","category-afa","category-batxillerat","category-eso","category-general","category-portada"],"post_mailing_queue_ids":[],"_links":{"self":[{"href":"https:\/\/agora.xtec.cat\/ieslamallola\/wp-json\/wp\/v2\/posts\/4072","targetHints":{"allow":["GET"]}}],"collection":[{"href":"https:\/\/agora.xtec.cat\/ieslamallola\/wp-json\/wp\/v2\/posts"}],"about":[{"href":"https:\/\/agora.xtec.cat\/ieslamallola\/wp-json\/wp\/v2\/types\/post"}],"author":[{"embeddable":true,"href":"https:\/\/agora.xtec.cat\/ieslamallola\/wp-json\/wp\/v2\/users\/1"}],"replies":[{"embeddable":true,"href":"https:\/\/agora.xtec.cat\/ieslamallola\/wp-json\/wp\/v2\/comments?post=4072"}],"version-history":[{"count":2,"href":"https:\/\/agora.xtec.cat\/ieslamallola\/wp-json\/wp\/v2\/posts\/4072\/revisions"}],"predecessor-version":[{"id":4082,"href":"https:\/\/agora.xtec.cat\/ieslamallola\/wp-json\/wp\/v2\/posts\/4072\/revisions\/4082"}],"wp:attachment":[{"href":"https:\/\/agora.xtec.cat\/ieslamallola\/wp-json\/wp\/v2\/media?parent=4072"}],"wp:term":[{"taxonomy":"category","embeddable":true,"href":"https:\/\/agora.xtec.cat\/ieslamallola\/wp-json\/wp\/v2\/categories?post=4072"},{"taxonomy":"post_tag","embeddable":true,"href":"https:\/\/agora.xtec.cat\/ieslamallola\/wp-json\/wp\/v2\/tags?post=4072"}],"curies":[{"name":"wp","href":"https:\/\/api.w.org\/{rel}","templated":true}]}}