{"id":3843,"date":"2022-07-21T20:02:49","date_gmt":"2022-07-21T18:02:49","guid":{"rendered":"https:\/\/agora.xtec.cat\/ieslamallola\/?p=3843"},"modified":"2022-07-21T20:05:50","modified_gmt":"2022-07-21T18:05:50","slug":"informacions-diverses-curs-2022-2023","status":"publish","type":"post","link":"https:\/\/agora.xtec.cat\/ieslamallola\/general\/informacions-diverses-curs-2022-2023\/","title":{"rendered":"INFORMACIONS DIVERSES CURS 2022-2023"},"content":{"rendered":"<p><span style=\"font-weight: 400;\">Benvolgudes fam\u00edlies,<\/span><\/p>\n<p><span style=\"font-weight: 400;\">Com molts de vosaltres ja sabreu, hi ha hagut un canvi en l\u2019equip directiu de l\u2019institut i des del dia 1 de juliol hem comen\u00e7at a treballar per tal d\u2019implementar els principis del nostre projecte de Direcci\u00f3 i, alhora, comen\u00e7ar a aplicar el nou curr\u00edculum, per tant, de cara al curs 2022-2023, percebreu alguns canvis estructurals i metodol\u00f2gics tant a l\u2019ESO com al Batxillerat.<\/span><\/p>\n<p><span style=\"font-weight: 400;\">Per una altra banda, despr\u00e9s de dos cursos convivint amb mesures sanit\u00e0ries front la pand\u00e8mia COVID, comen\u00e7arem el curs amb normalitat i aix\u00f2 ens permetr\u00e0 tornar a reprendre els projectes i els trets d&#8217;identitat de l\u2019institut.<\/span><\/p>\n<p><span style=\"font-weight: 400;\">Enguany volem compartir amb vosaltres algunes novetats que s\u00f3n rellevants at\u00e8s que afecten al centre i, en conseq\u00fc\u00e8ncia, a tota la comunitat educativa:<\/span><\/p>\n<ul>\n<li style=\"font-weight: 400;\" aria-level=\"1\"><b>Avan\u00e7ament de curs: <\/b><span style=\"font-weight: 400;\">El curs s&#8217;inicia el dia 7 de setembre a tots els centres d\u2019ESO i Batxillerat.<\/span><\/li>\n<li style=\"font-weight: 400;\" aria-level=\"1\"><b>Aplicaci\u00f3 nova llei educativa LOMLOE:<\/b><span style=\"font-weight: 400;\"> Als instituts hem de comen\u00e7ar a aplicar la nova llei educativa LOMLOE, si m\u00e9s no, als cursos senars (1r i 3r d\u2019ESO i 1r de Batxillerat), per\u00f2 d\u2019acord amb el nostre Projecte de Direcci\u00f3 tamb\u00e9 aplicarem canvis a 2n i 4t d\u2019ESO.<\/span><\/li>\n<li style=\"font-weight: 400;\" aria-level=\"1\"><b>Reduccions de r\u00e0tios a les aules:<\/b><span style=\"font-weight: 400;\"> Un dels objectius del nostre projecte \u00e9s la reducci\u00f3 de la r\u00e0tio en totes les mat\u00e8ries, de manera que hem invertit les hores del professoart en obrir un nou grup per a cada nivell de l\u2019ESO i no s\u2019excediran els 25 alumnes per grup.<\/span><\/li>\n<li style=\"font-weight: 400;\" aria-level=\"1\"><b>Ampliaci\u00f3 de grups:<\/b><span style=\"font-weight: 400;\"> Des del Departament d&#8217;Educaci\u00f3 ens han comunicat que a l&#8217;institut La Mallola hi haur\u00e0 un grup m\u00e9s de 1r d\u2019ESO, com ja havia passat en cursos anteriors. Aquesta novetat ha comportat una nova redistribuci\u00f3 d&#8217;espais que hem anat fent aquests dies.<\/span><\/li>\n<li style=\"font-weight: 400;\" aria-level=\"1\"><b>Sortides i viatges:<\/b><span style=\"font-weight: 400;\"> Es reprendran algunes sortides i viatges curriculars i l\u00fadiques que havien quedat aparcades per la pand\u00e8mia. M\u00e9s avall us informem de les primeres que farem.<\/span><\/li>\n<\/ul>\n<p><span style=\"font-weight: 400;\">Dir-vos que l&#8217;avan\u00e7ament de l&#8217;inici de curs ha vingut acompanyat amb l&#8217;anticipaci\u00f3 dels nomenament de nou professorat del curs 2022-2023. \u00c9s per aix\u00f2 que, durant els primers dies de juliol, tot el Claustre hem estat treballant perqu\u00e8 el dia 7 de setembre estigui tot a punt per comen\u00e7ar.<\/span><\/p>\n<p><span style=\"font-weight: 400;\">A continuaci\u00f3 us detallem el <\/span><b>calendari i l\u2019horari <\/b><span style=\"font-weight: 400;\">per al <\/span><b>curs 2022-2023:<\/b><\/p>\n<ul>\n<li style=\"font-weight: 400;\" aria-level=\"1\"><span style=\"font-weight: 400;\">El curs escolar <\/span><b>per als alumnes<\/b><span style=\"font-weight: 400;\">, comen\u00e7ar\u00e0 <\/span><b>dimecres 7 de setembre de 2022 i finalitzar\u00e0 el 20 de juny de 2023<\/b><span style=\"font-weight: 400;\">.<\/span><\/li>\n<li style=\"font-weight: 400;\" aria-level=\"1\"><span style=\"font-weight: 400;\">L\u2019<\/span><b>horari lectiu<\/b><span style=\"font-weight: 400;\"> per a tot l&#8217;alumnat tant d\u2019ESO com de Batxillerat ser\u00e0 <\/span><b>de 8.15 a 14.45<\/b><span style=\"font-weight: 400;\"> amb un esbarjo d\u201911.15 a 11.45.<\/span><\/li>\n<li style=\"font-weight: 400;\" aria-level=\"1\"><span style=\"font-weight: 400;\">L\u2019alumnat ser\u00e0 rebut progressivament durant els tres primers dies lectius amb una lleugera modificaci\u00f3 de l\u2019horari marc:<\/span><\/li>\n<\/ul>\n<table>\n<tbody>\n<tr>\n<td><\/td>\n<td><span style=\"font-weight: 400;\">1r i 2n d\u2019ESO<\/span><\/td>\n<td><span style=\"font-weight: 400;\">3r i 4t d\u2019ESO<\/span><\/td>\n<td><span style=\"font-weight: 400;\">1r i 2n Batxillerat<\/span><\/td>\n<\/tr>\n<tr>\n<td><span style=\"font-weight: 400;\">7 de setembre<\/span><\/td>\n<td><span style=\"font-weight: 400;\">9.15-13.45<\/span><\/td>\n<td><\/td>\n<td><\/td>\n<\/tr>\n<tr>\n<td><span style=\"font-weight: 400;\">8 de setembre<\/span><\/td>\n<td><span style=\"font-weight: 400;\">8.15-14-45<\/span><\/td>\n<td><span style=\"font-weight: 400;\">9.15-13.45<\/span><\/td>\n<td><\/td>\n<\/tr>\n<tr>\n<td><span style=\"font-weight: 400;\">9 de setembre<\/span><\/td>\n<td><span style=\"font-weight: 400;\">8.15-14-45<\/span><\/td>\n<td><span style=\"font-weight: 400;\">8.15-14-45<\/span><\/td>\n<td><span style=\"font-weight: 400;\">9.15-13.45<\/span><\/td>\n<\/tr>\n<\/tbody>\n<\/table>\n<ul>\n<li style=\"font-weight: 400;\" aria-level=\"1\"><span style=\"font-weight: 400;\">Hi haur\u00e0 dos dies en qu\u00e8 l\u2019horari ser\u00e0 modificat, per ser dies especials: 21 de desembre de 2022 i 20 de juny de 2023.<\/span><\/li>\n<li style=\"font-weight: 400;\" aria-level=\"1\"><span style=\"font-weight: 400;\">Les <\/span><b>vacances de Nadal <\/b><span style=\"font-weight: 400;\">seran del <\/span><b>22 de desembre de 2022 al 8 de gener de 2023 <\/b><span style=\"font-weight: 400;\">(ambd\u00f3s inclosos).<\/span><\/li>\n<li style=\"font-weight: 400;\" aria-level=\"1\"><span style=\"font-weight: 400;\">Les <\/span><b>vacances de Setmana Santa <\/b><span style=\"font-weight: 400;\">seran del <\/span><b>3 al 10 d&#8217;abril de 2023 <\/b><span style=\"font-weight: 400;\">(ambd\u00f3s inclosos).<\/span><\/li>\n<li style=\"font-weight: 400;\" aria-level=\"1\"><span style=\"font-weight: 400;\">Els <\/span><b>4 dies festius de lliure disposici\u00f3 <\/b><span style=\"font-weight: 400;\">aprovats pel Consell Escolar Municipal seran:<\/span>\n<ul>\n<li style=\"font-weight: 400;\" aria-level=\"3\"><span style=\"font-weight: 400;\">5 de desembre de 2022<\/span><\/li>\n<li style=\"font-weight: 400;\" aria-level=\"3\"><span style=\"font-weight: 400;\">20 de febrer de 2023<\/span><\/li>\n<li style=\"font-weight: 400;\" aria-level=\"3\"><span style=\"font-weight: 400;\">17 de mar\u00e7 de 2023<\/span><\/li>\n<li style=\"font-weight: 400;\" aria-level=\"3\"><span style=\"font-weight: 400;\">2 de juny de 2023<\/span><\/li>\n<\/ul>\n<\/li>\n<\/ul>\n<p><span style=\"font-weight: 400;\">Tamb\u00e9 informar-vos que el <\/span><b>dimecres 21 de setembre \u00e9s festa local <\/b><span style=\"font-weight: 400;\">a Esplugues de Llobregat.<\/span><\/p>\n<p><b>SORTIDES DESTACADES<\/b><\/p>\n<ul>\n<li style=\"font-weight: 400;\" aria-level=\"1\"><b>Sortida de conviv\u00e8ncia 29-30 de setembre de 2022:<\/b><span style=\"font-weight: 400;\"> els grups de 1r i 2n d\u2019ESO encetaran el curs amb una sortida de 2 dies (1 nit) per tal d\u2019engegar el Pla d\u2019acci\u00f3 tutorial de cada grup. Pr\u00f2ximament us enviarem la informaci\u00f3 sobre el contingut de la mateixa i el pagament.<\/span><\/li>\n<li style=\"font-weight: 400;\" aria-level=\"1\"><b>Sortida de la castanyada 25 d\u2019octubre:<\/b><span style=\"font-weight: 400;\"> tots els grups des de 1r d\u2019ESO fins a 2n de batxillerat faran una sortida de cohesi\u00f3 de la qual informarem un cop h\u00e0gim comen\u00e7at el curs.<\/span><\/li>\n<\/ul>\n<p><span style=\"font-weight: 400;\">Els primers dies de setembre rebreu m\u00e9s informaci\u00f3 de caire organitzatiu: gesti\u00f3 d&#8217;entrades i sortides, normativa del centre, etc.<\/span><\/p>\n<p><span style=\"font-weight: 400;\">Ara s\u00ed \u00e9s hora de descansar i carregar piles per comen\u00e7ar un nou curs!<\/span><\/p>\n<p><span style=\"font-weight: 400;\">L\u2019equip directiu, el claustre de professors i professores, el personal d&#8217;administraci\u00f3 i serveis i l&#8217;AFA de l&#8217;institut us desitgem a tots i a totes que gaudiu d&#8217;un molt bon estiu.<\/span><\/p>\n<p><span style=\"font-weight: 400;\">Ens veiem al setembre!<\/span><span style=\"font-weight: 400;\"><br \/>\n<\/span><span style=\"font-weight: 400;\"><br \/>\n<\/span><span style=\"font-weight: 400;\">Equip directiu<\/span><\/p>\n<p><span style=\"font-weight: 400;\">INS La Mallola<\/span><\/p>\n<div style=\"text-align: center;\">\n<div style=\"margin: 8px 0px 4px;\"><\/div>\n<p><iframe loading=\"lazy\" style=\"margin: 0 auto;\" src=\"\/\/v.calameo.com\/?bkcode=00713057170c20c6951fb&amp;mode=mini\" width=\"480\" height=\"300\" frameborder=\"0\" scrolling=\"no\" allowfullscreen=\"allowfullscreen\"><\/iframe><\/p>\n<\/div>\n","protected":false},"excerpt":{"rendered":"<p>Benvolgudes fam\u00edlies,<\/p>\n<p>Com molts de vosaltres ja sabreu, hi ha hagut un canvi en l\u2019equip directiu de l\u2019institut i des del dia 1 de juliol hem comen\u00e7at a treballar per tal d\u2019implementar els principis del nostre projecte de Direcci\u00f3 i, alhora, comen\u00e7ar a aplicar el nou curr\u00edculum, per tant, de cara al curs 2022-2023, percebreu alguns canvis estructurals i metodol\u00f2gics tant a l\u2019ESO com al Batxillerat.<\/p>\n","protected":false},"author":1,"featured_media":0,"comment_status":"open","ping_status":"closed","sticky":false,"template":"","format":"standard","meta":{"_bbp_topic_count":0,"_bbp_reply_count":0,"_bbp_total_topic_count":0,"_bbp_total_reply_count":0,"_bbp_voice_count":0,"_bbp_anonymous_reply_count":0,"_bbp_topic_count_hidden":0,"_bbp_reply_count_hidden":0,"_bbp_forum_subforum_count":0,"site-sidebar-layout":"default","site-content-layout":"","ast-site-content-layout":"","site-content-style":"default","site-sidebar-style":"default","ast-global-header-display":"","ast-banner-title-visibility":"","ast-main-header-display":"","ast-hfb-above-header-display":"","ast-hfb-below-header-display":"","ast-hfb-mobile-header-display":"","site-post-title":"","ast-breadcrumbs-content":"","ast-featured-img":"","footer-sml-layout":"","theme-transparent-header-meta":"","adv-header-id-meta":"","stick-header-meta":"","header-above-stick-meta":"","header-main-stick-meta":"","header-below-stick-meta":"","astra-migrate-meta-layouts":"default","ast-page-background-enabled":"default","ast-page-background-meta":{"desktop":{"background-color":"var(--ast-global-color-4)","background-image":"","background-repeat":"repeat","background-position":"center center","background-size":"auto","background-attachment":"scroll","background-type":"","background-media":"","overlay-type":"","overlay-color":"","overlay-opacity":"","overlay-gradient":""},"tablet":{"background-color":"","background-image":"","background-repeat":"repeat","background-position":"center center","background-size":"auto","background-attachment":"scroll","background-type":"","background-media":"","overlay-type":"","overlay-color":"","overlay-opacity":"","overlay-gradient":""},"mobile":{"background-color":"","background-image":"","background-repeat":"repeat","background-position":"center center","background-size":"auto","background-attachment":"scroll","background-type":"","background-media":"","overlay-type":"","overlay-color":"","overlay-opacity":"","overlay-gradient":""}},"ast-content-background-meta":{"desktop":{"background-color":"var(--ast-global-color-5)","background-image":"","background-repeat":"repeat","background-position":"center center","background-size":"auto","background-attachment":"scroll","background-type":"","background-media":"","overlay-type":"","overlay-color":"","overlay-opacity":"","overlay-gradient":""},"tablet":{"background-color":"var(--ast-global-color-5)","background-image":"","background-repeat":"repeat","background-position":"center center","background-size":"auto","background-attachment":"scroll","background-type":"","background-media":"","overlay-type":"","overlay-color":"","overlay-opacity":"","overlay-gradient":""},"mobile":{"background-color":"var(--ast-global-color-5)","background-image":"","background-repeat":"repeat","background-position":"center center","background-size":"auto","background-attachment":"scroll","background-type":"","background-media":"","overlay-type":"","overlay-color":"","overlay-opacity":"","overlay-gradient":""}},"footnotes":""},"categories":[1,29],"tags":[108,128,125,130,129,127],"class_list":["post-3843","post","type-post","status-publish","format-standard","hentry","category-general","category-portada","tag-batxillerat","tag-calendari","tag-curs22-23","tag-eso","tag-horari","tag-inici-de-curs"],"post_mailing_queue_ids":[],"_links":{"self":[{"href":"https:\/\/agora.xtec.cat\/ieslamallola\/wp-json\/wp\/v2\/posts\/3843","targetHints":{"allow":["GET"]}}],"collection":[{"href":"https:\/\/agora.xtec.cat\/ieslamallola\/wp-json\/wp\/v2\/posts"}],"about":[{"href":"https:\/\/agora.xtec.cat\/ieslamallola\/wp-json\/wp\/v2\/types\/post"}],"author":[{"embeddable":true,"href":"https:\/\/agora.xtec.cat\/ieslamallola\/wp-json\/wp\/v2\/users\/1"}],"replies":[{"embeddable":true,"href":"https:\/\/agora.xtec.cat\/ieslamallola\/wp-json\/wp\/v2\/comments?post=3843"}],"version-history":[{"count":2,"href":"https:\/\/agora.xtec.cat\/ieslamallola\/wp-json\/wp\/v2\/posts\/3843\/revisions"}],"predecessor-version":[{"id":3845,"href":"https:\/\/agora.xtec.cat\/ieslamallola\/wp-json\/wp\/v2\/posts\/3843\/revisions\/3845"}],"wp:attachment":[{"href":"https:\/\/agora.xtec.cat\/ieslamallola\/wp-json\/wp\/v2\/media?parent=3843"}],"wp:term":[{"taxonomy":"category","embeddable":true,"href":"https:\/\/agora.xtec.cat\/ieslamallola\/wp-json\/wp\/v2\/categories?post=3843"},{"taxonomy":"post_tag","embeddable":true,"href":"https:\/\/agora.xtec.cat\/ieslamallola\/wp-json\/wp\/v2\/tags?post=3843"}],"curies":[{"name":"wp","href":"https:\/\/api.w.org\/{rel}","templated":true}]}}