{"id":355,"date":"2017-09-14T17:11:55","date_gmt":"2017-09-14T15:11:55","guid":{"rendered":"http:\/\/agora.xtec.cat\/ieslamallola\/?p=355"},"modified":"2017-11-15T17:09:09","modified_gmt":"2017-11-15T16:09:09","slug":"ara-si","status":"publish","type":"post","link":"https:\/\/agora.xtec.cat\/ieslamallola\/general\/ara-si\/","title":{"rendered":"Ara s\u00ed!"},"content":{"rendered":"<p><a href=\"http:\/\/agora.xtec.cat\/ieslamallola\/wp-content\/uploads\/usu515\/2017\/09\/TOT-ESTA-PER-FER.jpg\"><img loading=\"lazy\" decoding=\"async\" class=\"alignnone size-full wp-image-359\" src=\"http:\/\/agora.xtec.cat\/ieslamallola\/wp-content\/uploads\/usu515\/2017\/09\/TOT-ESTA-PER-FER.jpg\" alt=\"\" width=\"634\" height=\"134\" srcset=\"https:\/\/agora.xtec.cat\/ieslamallola\/wp-content\/uploads\/usu515\/2017\/09\/TOT-ESTA-PER-FER.jpg 634w, https:\/\/agora.xtec.cat\/ieslamallola\/wp-content\/uploads\/usu515\/2017\/09\/TOT-ESTA-PER-FER-300x63.jpg 300w\" sizes=\"auto, (max-width: 634px) 100vw, 634px\" \/><\/a><\/p>\n<p>Ja ho tenim tot preparat! L\u2019agenda nova, els bol\u00edgrafs, la llibreta, la carpeta&#8230; i qu\u00e8 toca ara? Estrenar-ho tot! Comen\u00e7a el curs 2017-2018 i estem a punt de descobrir com anir\u00e0&#8230;<\/p>\n<p>Els alumnes de 2n de Batxillerat comenceu a adonar-vos que aquest curs ser\u00e0 curt i intens. Un consell: no us angoixeu i organitzeu-vos b\u00e9 el temps per a poder estudiar i dur els treballs al dia, FEINA FETA NO T\u00c9 DESTORB!<\/p>\n<p>Els de 1r de Batxillerat enceteu una nova etapa, enrere queda l\u2019ESO, nom\u00e9s us podem dir que intenteu gaudir-la i treballar, ara ve la bona.<\/p>\n<p>Els de 4t d\u2019ESO ja sou a l\u2019inici del final. Agafeu el curs amb moltes ganes i amb positivitat, recordeu que haureu de prendre moltes decisions al juny.<\/p>\n<p>I els alumnes de 3r d\u2019ESO, no teniu ganes de con\u00e8ixer els vostres tutoritzats de primer?<\/p>\n<p>Els de 2n d\u2019ESO esteu d\u2019all\u00f2 m\u00e9s contents, ja no sou els m\u00e9s petits per\u00f2&#8230; alerta! Deixar de ser els petits comporta m\u00e9s responsabilitats.<\/p>\n<p>I als de 1r ESO, benvinguts!, us desitgem molt\u00edssima sort en aquesta nova etapa i no us preocupeu, no trigareu a adaptar-vos.<\/p>\n<p>Aquesta nit abans d\u2019anar a dormir, recordeu posar el despertador i descansar b\u00e9, dem\u00e0 heu de\u00a0venir tots amb les piles ben carregades i amb tot preparat; i als que us faci mandra, tranquils, que ser\u00e0 divendres i tindreu el cap de setmana per a descansar.<\/p>\n","protected":false},"excerpt":{"rendered":"<p>Ja ho tenim tot preparat! L\u2019agenda nova, els bol\u00edgrafs, la llibreta, la carpeta&#8230; i qu\u00e8 toca ara? Estrenar-ho tot! Comen\u00e7a el curs 2017-2018 i estem a punt de descobrir com anir\u00e0&#8230; Els alumnes de 2n de Batxillerat comenceu a adonar-vos que aquest curs ser\u00e0 curt i intens. Un consell: no us angoixeu i organitzeu-vos b\u00e9 [&hellip;]<\/p>\n","protected":false},"author":1,"featured_media":359,"comment_status":"open","ping_status":"closed","sticky":false,"template":"","format":"standard","meta":{"_bbp_topic_count":0,"_bbp_reply_count":0,"_bbp_total_topic_count":0,"_bbp_total_reply_count":0,"_bbp_voice_count":0,"_bbp_anonymous_reply_count":0,"_bbp_topic_count_hidden":0,"_bbp_reply_count_hidden":0,"_bbp_forum_subforum_count":0,"site-sidebar-layout":"default","site-content-layout":"","ast-site-content-layout":"","site-content-style":"default","site-sidebar-style":"default","ast-global-header-display":"","ast-banner-title-visibility":"","ast-main-header-display":"","ast-hfb-above-header-display":"","ast-hfb-below-header-display":"","ast-hfb-mobile-header-display":"","site-post-title":"","ast-breadcrumbs-content":"","ast-featured-img":"","footer-sml-layout":"","theme-transparent-header-meta":"","adv-header-id-meta":"","stick-header-meta":"","header-above-stick-meta":"","header-main-stick-meta":"","header-below-stick-meta":"","astra-migrate-meta-layouts":"default","ast-page-background-enabled":"default","ast-page-background-meta":{"desktop":{"background-color":"var(--ast-global-color-4)","background-image":"","background-repeat":"repeat","background-position":"center center","background-size":"auto","background-attachment":"scroll","background-type":"","background-media":"","overlay-type":"","overlay-color":"","overlay-opacity":"","overlay-gradient":""},"tablet":{"background-color":"","background-image":"","background-repeat":"repeat","background-position":"center center","background-size":"auto","background-attachment":"scroll","background-type":"","background-media":"","overlay-type":"","overlay-color":"","overlay-opacity":"","overlay-gradient":""},"mobile":{"background-color":"","background-image":"","background-repeat":"repeat","background-position":"center center","background-size":"auto","background-attachment":"scroll","background-type":"","background-media":"","overlay-type":"","overlay-color":"","overlay-opacity":"","overlay-gradient":""}},"ast-content-background-meta":{"desktop":{"background-color":"var(--ast-global-color-5)","background-image":"","background-repeat":"repeat","background-position":"center center","background-size":"auto","background-attachment":"scroll","background-type":"","background-media":"","overlay-type":"","overlay-color":"","overlay-opacity":"","overlay-gradient":""},"tablet":{"background-color":"var(--ast-global-color-5)","background-image":"","background-repeat":"repeat","background-position":"center center","background-size":"auto","background-attachment":"scroll","background-type":"","background-media":"","overlay-type":"","overlay-color":"","overlay-opacity":"","overlay-gradient":""},"mobile":{"background-color":"var(--ast-global-color-5)","background-image":"","background-repeat":"repeat","background-position":"center center","background-size":"auto","background-attachment":"scroll","background-type":"","background-media":"","overlay-type":"","overlay-color":"","overlay-opacity":"","overlay-gradient":""}},"footnotes":""},"categories":[31,8,3,1,29],"tags":[],"class_list":["post-355","post","type-post","status-publish","format-standard","has-post-thumbnail","hentry","category-afa","category-batxillerat","category-eso","category-general","category-portada"],"post_mailing_queue_ids":[],"_links":{"self":[{"href":"https:\/\/agora.xtec.cat\/ieslamallola\/wp-json\/wp\/v2\/posts\/355","targetHints":{"allow":["GET"]}}],"collection":[{"href":"https:\/\/agora.xtec.cat\/ieslamallola\/wp-json\/wp\/v2\/posts"}],"about":[{"href":"https:\/\/agora.xtec.cat\/ieslamallola\/wp-json\/wp\/v2\/types\/post"}],"author":[{"embeddable":true,"href":"https:\/\/agora.xtec.cat\/ieslamallola\/wp-json\/wp\/v2\/users\/1"}],"replies":[{"embeddable":true,"href":"https:\/\/agora.xtec.cat\/ieslamallola\/wp-json\/wp\/v2\/comments?post=355"}],"version-history":[{"count":3,"href":"https:\/\/agora.xtec.cat\/ieslamallola\/wp-json\/wp\/v2\/posts\/355\/revisions"}],"predecessor-version":[{"id":360,"href":"https:\/\/agora.xtec.cat\/ieslamallola\/wp-json\/wp\/v2\/posts\/355\/revisions\/360"}],"wp:featuredmedia":[{"embeddable":true,"href":"https:\/\/agora.xtec.cat\/ieslamallola\/wp-json\/wp\/v2\/media\/359"}],"wp:attachment":[{"href":"https:\/\/agora.xtec.cat\/ieslamallola\/wp-json\/wp\/v2\/media?parent=355"}],"wp:term":[{"taxonomy":"category","embeddable":true,"href":"https:\/\/agora.xtec.cat\/ieslamallola\/wp-json\/wp\/v2\/categories?post=355"},{"taxonomy":"post_tag","embeddable":true,"href":"https:\/\/agora.xtec.cat\/ieslamallola\/wp-json\/wp\/v2\/tags?post=355"}],"curies":[{"name":"wp","href":"https:\/\/api.w.org\/{rel}","templated":true}]}}