{"id":3296,"date":"2021-07-07T18:42:36","date_gmt":"2021-07-07T16:42:36","guid":{"rendered":"http:\/\/agora.xtec.cat\/ieslamallola\/?p=3296"},"modified":"2021-07-23T12:04:00","modified_gmt":"2021-07-23T10:04:00","slug":"3296","status":"publish","type":"post","link":"https:\/\/agora.xtec.cat\/ieslamallola\/general\/3296\/","title":{"rendered":"Preinscripci\u00f3 curs 2020-2021"},"content":{"rendered":"<h2 style=\"text-align: center;\"><a href=\"https:\/\/preinscripcio.gencat.cat\/ca\/inici\/\" target=\"_blank\" rel=\"noopener noreferrer\"><img loading=\"lazy\" decoding=\"async\" class=\"wp-image-3322 aligncenter\" src=\"https:\/\/agora.xtec.cat\/ieslamallola\/wp-content\/uploads\/usu515\/2021\/02\/web-oficial-Depatm-educacio.png\" alt=\"\" width=\"912\" height=\"228\" srcset=\"https:\/\/agora.xtec.cat\/ieslamallola\/wp-content\/uploads\/usu515\/2021\/02\/web-oficial-Depatm-educacio.png 1920w, https:\/\/agora.xtec.cat\/ieslamallola\/wp-content\/uploads\/usu515\/2021\/02\/web-oficial-Depatm-educacio-300x75.png 300w, https:\/\/agora.xtec.cat\/ieslamallola\/wp-content\/uploads\/usu515\/2021\/02\/web-oficial-Depatm-educacio-768x192.png 768w, https:\/\/agora.xtec.cat\/ieslamallola\/wp-content\/uploads\/usu515\/2021\/02\/web-oficial-Depatm-educacio-1024x256.png 1024w\" sizes=\"auto, (max-width: 912px) 100vw, 912px\" \/><\/a><\/h2>\n<h2 style=\"text-align: center;\"><a href=\"https:\/\/preinscripcio.gencat.cat\/ca\/inici\/\" target=\"_blank\" rel=\"noopener noreferrer\">BATXILLERAT<\/a><\/h2>\n<h4 style=\"text-align: center;\"><a href=\"https:\/\/preinscripcio.gencat.cat\/ca\/inici\/\" target=\"_blank\" rel=\"noopener noreferrer\"><span style=\"color: #0000ff;\"><strong>De l&#8217;11 al 17 de maig<\/strong><\/span><\/a><\/h4>\n<h4>\u00a0 \u00a0 \u00a0 \u00a0 \u00a0 <span style=\"color: #0000ff;\">\u00a09 de juliol Publicaci\u00f3 llistes.<\/span><\/h4>\n<ul>\n<li style=\"list-style-type: none;\">\n<ul>\n<li style=\"list-style-type: none;\">\n<ul>\n<li style=\"list-style-type: none;\">\n<ul>\n<li><a href=\"https:\/\/agora.xtec.cat\/ieslamallola\/wp-content\/uploads\/usu515\/2021\/05\/INFORME_PREINSCRITES_OME_INFORME_PREINSCRITES_OME-1.pdf\"><span style=\"color: #0000ff;\">Alumnes assignats al centre amb indicaci\u00f3 de la primera petici\u00f3.<\/span><\/a><\/li>\n<li><a href=\"https:\/\/agora.xtec.cat\/ieslamallola\/wp-content\/uploads\/usu515\/2021\/05\/INFORME_PREINSCRITES_OME_INFORME_PREINSCRITES_OME-1.pdf\"><span style=\"color: #0000ff;\">Alumnes preinscrits al centre.<\/span><\/a><\/li>\n<li><a href=\"https:\/\/agora.xtec.cat\/ieslamallola\/wp-content\/uploads\/usu515\/2021\/05\/INFORME_LLISTA_ESPERA_OME_LLISTA_ESPERA-1.pdf\"><span style=\"color: #0000ff;\">Llista d&#8217;espera.<\/span><\/a><\/li>\n<\/ul>\n<\/li>\n<\/ul>\n<\/li>\n<\/ul>\n<\/li>\n<\/ul>\n<h4 style=\"text-align: center;\"><span style=\"color: #0000ff;\"><a style=\"color: #0000ff;\" href=\"https:\/\/agora.xtec.cat\/ieslamallola\/wp-content\/uploads\/usu515\/2021\/05\/INFORME_BAREM_PROVISIONAL_BAREM.pdf\">8 de juny: Publicaci\u00f3 de la llista de sol\u00b7licituds que han demanat el centre i l&#8217;ensenyament en primera<\/a><\/span><br \/>\n<span style=\"color: #0000ff;\">petici\u00f3 amb el barem provisional\u00a0<\/span><\/h4>\n<h4 style=\"text-align: center;\"><a href=\"https:\/\/agora.xtec.cat\/ieslamallola\/wp-content\/uploads\/usu515\/2021\/05\/INFORME_BAREM_DEFINITIU_BAREM.pdf\">23 de juny : llista de sol\u00b7licituds que han demanat el centre i l&#8217;ensenyament en primera petici\u00f3 ordenada<\/a><\/h4>\n<h2 style=\"text-align: center;\">ESO<\/h2>\n<h4 style=\"text-align: center;\"><a href=\"https:\/\/agora.xtec.cat\/ieslamallola\/wp-content\/uploads\/usu515\/2021\/05\/INFORME_LLISTA_ESPERA_OME_LLISTA_ESPERA.pdf\">7 de juny:\u00a0 Publicaci\u00f3 de la llista d&#8217;espera del centre a 07\/06\/2021<\/a><\/h4>\n<h4 style=\"text-align: center;\"><span style=\"color: #0000ff;\"><a style=\"color: #0000ff;\" href=\"https:\/\/agora.xtec.cat\/ieslamallola\/wp-content\/uploads\/usu515\/2021\/05\/INFORME_ASSIGNADES_INFORME_ASSIGNADES.pdf\">7 de juny: llista alumnes assignats al centre amb indicaci\u00f3 de la primera petici\u00f3\u00a0<\/a><\/span><\/h4>\n<h4 style=\"text-align: center;\"><span style=\"color: #3366ff;\"><a style=\"color: #3366ff;\" href=\"https:\/\/agora.xtec.cat\/ieslamallola\/wp-content\/uploads\/usu515\/2021\/05\/INFORME_OFERTA_OME_INFORME_OFERTA-3.pdf\">4 de juny: Publicaci\u00f3 oferta definitiva.<\/a><\/span><\/h4>\n<h4 style=\"text-align: center;\"><a href=\"https:\/\/agora.xtec.cat\/ieslamallola\/wp-content\/uploads\/usu515\/2021\/03\/INFORME_BAREM_PROVISIONAL_BAREM-1.pdf\"><span style=\"color: #0000ff;\">19 d&#8217;abril de 2021: llista de sol\u00b7licituds amb puntuaci\u00f3 provisional<\/span><\/a><\/h4>\n<h4 class=\"descripcio\" style=\"text-align: center;\"><span style=\"color: #0000ff;\"><a style=\"color: #0000ff;\" href=\"https:\/\/agora.xtec.cat\/ieslamallola\/wp-content\/uploads\/usu515\/2021\/03\/INFORME_BAREM_RESOLTES_BAREM-1.pdf\">30 d&#8217;abril de 2021: llistes amb el barem un cop resoltes les reclamacions<\/a><\/span><\/h4>\n<h4 style=\"text-align: center;\"><a href=\"https:\/\/agora.xtec.cat\/ieslamallola\/wp-content\/uploads\/usu515\/2021\/03\/INFORME_BAREM_DEFINITIU_BAREM.pdf\"><span style=\"color: #3366ff;\">7 de maig de 2021: Llista ordenada definitiva<\/span><\/a><\/h4>\n<div><\/div>\n<div class=\"container\">\n<div class=\"content\">\n<p style=\"text-align: center;\"><strong>Publicaci\u00f3 oferta inicial\u00a0<\/strong><\/p>\n<p style=\"text-align: center;\"><a href=\"https:\/\/agora.xtec.cat\/ieslamallola\/wp-content\/uploads\/usu515\/2021\/03\/oferta-inicial.jpg\"><img loading=\"lazy\" decoding=\"async\" class=\"wp-image-3347 alignnone\" src=\"https:\/\/agora.xtec.cat\/ieslamallola\/wp-content\/uploads\/usu515\/2021\/03\/oferta-inicial.jpg\" alt=\"\" width=\"587\" height=\"206\" srcset=\"https:\/\/agora.xtec.cat\/ieslamallola\/wp-content\/uploads\/usu515\/2021\/03\/oferta-inicial.jpg 436w, https:\/\/agora.xtec.cat\/ieslamallola\/wp-content\/uploads\/usu515\/2021\/03\/oferta-inicial-300x105.jpg 300w\" sizes=\"auto, (max-width: 587px) 100vw, 587px\" \/><\/a><\/p>\n<h2 style=\"text-align: center;\">BATXILLERAT<\/h2>\n<\/div>\n<p style=\"text-align: center;\"><a href=\"https:\/\/agora.xtec.cat\/ieslamallola\/wp-content\/uploads\/usu515\/2021\/03\/oferta-batx-1.jpg\"><strong><span style=\"color: #000000;\">Publicaci\u00f3 oferta inicial<\/span><\/strong><img loading=\"lazy\" decoding=\"async\" class=\"size-full wp-image-3460 aligncenter\" src=\"https:\/\/agora.xtec.cat\/ieslamallola\/wp-content\/uploads\/usu515\/2021\/03\/oferta-batx-1.jpg\" alt=\"\" width=\"701\" height=\"128\" srcset=\"https:\/\/agora.xtec.cat\/ieslamallola\/wp-content\/uploads\/usu515\/2021\/03\/oferta-batx-1.jpg 701w, https:\/\/agora.xtec.cat\/ieslamallola\/wp-content\/uploads\/usu515\/2021\/03\/oferta-batx-1-300x55.jpg 300w\" sizes=\"auto, (max-width: 701px) 100vw, 701px\" \/><\/a><\/p>\n<\/div>\n","protected":false},"excerpt":{"rendered":"<p>BATXILLERAT De l&#8217;11 al 17 de maig \u00a0 \u00a0 \u00a0 \u00a0 \u00a0 \u00a09 de juliol Publicaci\u00f3 llistes. Alumnes assignats al centre amb indicaci\u00f3 de la primera petici\u00f3. Alumnes preinscrits al centre. Llista d&#8217;espera. 8 de juny: Publicaci\u00f3 de la llista de sol\u00b7licituds que han demanat el centre i l&#8217;ensenyament en primera petici\u00f3 amb el barem [&hellip;]<\/p>\n","protected":false},"author":1,"featured_media":3297,"comment_status":"open","ping_status":"closed","sticky":false,"template":"","format":"standard","meta":{"_bbp_topic_count":0,"_bbp_reply_count":0,"_bbp_total_topic_count":0,"_bbp_total_reply_count":0,"_bbp_voice_count":0,"_bbp_anonymous_reply_count":0,"_bbp_topic_count_hidden":0,"_bbp_reply_count_hidden":0,"_bbp_forum_subforum_count":0,"site-sidebar-layout":"default","site-content-layout":"","ast-site-content-layout":"","site-content-style":"default","site-sidebar-style":"default","ast-global-header-display":"","ast-banner-title-visibility":"","ast-main-header-display":"","ast-hfb-above-header-display":"","ast-hfb-below-header-display":"","ast-hfb-mobile-header-display":"","site-post-title":"","ast-breadcrumbs-content":"","ast-featured-img":"","footer-sml-layout":"","theme-transparent-header-meta":"","adv-header-id-meta":"","stick-header-meta":"","header-above-stick-meta":"","header-main-stick-meta":"","header-below-stick-meta":"","astra-migrate-meta-layouts":"default","ast-page-background-enabled":"default","ast-page-background-meta":{"desktop":{"background-color":"var(--ast-global-color-4)","background-image":"","background-repeat":"repeat","background-position":"center center","background-size":"auto","background-attachment":"scroll","background-type":"","background-media":"","overlay-type":"","overlay-color":"","overlay-opacity":"","overlay-gradient":""},"tablet":{"background-color":"","background-image":"","background-repeat":"repeat","background-position":"center center","background-size":"auto","background-attachment":"scroll","background-type":"","background-media":"","overlay-type":"","overlay-color":"","overlay-opacity":"","overlay-gradient":""},"mobile":{"background-color":"","background-image":"","background-repeat":"repeat","background-position":"center center","background-size":"auto","background-attachment":"scroll","background-type":"","background-media":"","overlay-type":"","overlay-color":"","overlay-opacity":"","overlay-gradient":""}},"ast-content-background-meta":{"desktop":{"background-color":"var(--ast-global-color-5)","background-image":"","background-repeat":"repeat","background-position":"center center","background-size":"auto","background-attachment":"scroll","background-type":"","background-media":"","overlay-type":"","overlay-color":"","overlay-opacity":"","overlay-gradient":""},"tablet":{"background-color":"var(--ast-global-color-5)","background-image":"","background-repeat":"repeat","background-position":"center center","background-size":"auto","background-attachment":"scroll","background-type":"","background-media":"","overlay-type":"","overlay-color":"","overlay-opacity":"","overlay-gradient":""},"mobile":{"background-color":"var(--ast-global-color-5)","background-image":"","background-repeat":"repeat","background-position":"center center","background-size":"auto","background-attachment":"scroll","background-type":"","background-media":"","overlay-type":"","overlay-color":"","overlay-opacity":"","overlay-gradient":""}},"footnotes":""},"categories":[8,3,1,29],"tags":[],"class_list":["post-3296","post","type-post","status-publish","format-standard","has-post-thumbnail","hentry","category-batxillerat","category-eso","category-general","category-portada"],"post_mailing_queue_ids":[],"_links":{"self":[{"href":"https:\/\/agora.xtec.cat\/ieslamallola\/wp-json\/wp\/v2\/posts\/3296","targetHints":{"allow":["GET"]}}],"collection":[{"href":"https:\/\/agora.xtec.cat\/ieslamallola\/wp-json\/wp\/v2\/posts"}],"about":[{"href":"https:\/\/agora.xtec.cat\/ieslamallola\/wp-json\/wp\/v2\/types\/post"}],"author":[{"embeddable":true,"href":"https:\/\/agora.xtec.cat\/ieslamallola\/wp-json\/wp\/v2\/users\/1"}],"replies":[{"embeddable":true,"href":"https:\/\/agora.xtec.cat\/ieslamallola\/wp-json\/wp\/v2\/comments?post=3296"}],"version-history":[{"count":3,"href":"https:\/\/agora.xtec.cat\/ieslamallola\/wp-json\/wp\/v2\/posts\/3296\/revisions"}],"predecessor-version":[{"id":3523,"href":"https:\/\/agora.xtec.cat\/ieslamallola\/wp-json\/wp\/v2\/posts\/3296\/revisions\/3523"}],"wp:featuredmedia":[{"embeddable":true,"href":"https:\/\/agora.xtec.cat\/ieslamallola\/wp-json\/wp\/v2\/media\/3297"}],"wp:attachment":[{"href":"https:\/\/agora.xtec.cat\/ieslamallola\/wp-json\/wp\/v2\/media?parent=3296"}],"wp:term":[{"taxonomy":"category","embeddable":true,"href":"https:\/\/agora.xtec.cat\/ieslamallola\/wp-json\/wp\/v2\/categories?post=3296"},{"taxonomy":"post_tag","embeddable":true,"href":"https:\/\/agora.xtec.cat\/ieslamallola\/wp-json\/wp\/v2\/tags?post=3296"}],"curies":[{"name":"wp","href":"https:\/\/api.w.org\/{rel}","templated":true}]}}