{"id":325,"date":"2018-09-04T11:21:14","date_gmt":"2018-09-04T09:21:14","guid":{"rendered":"http:\/\/agora.xtec.cat\/ieslamallola\/?p=325"},"modified":"2018-10-03T13:55:12","modified_gmt":"2018-10-03T11:55:12","slug":"comenca-el-nous-curs-2017-2018-benvinguts-i-benvingudes","status":"publish","type":"post","link":"https:\/\/agora.xtec.cat\/ieslamallola\/general\/comenca-el-nous-curs-2017-2018-benvinguts-i-benvingudes\/","title":{"rendered":"Comen\u00e7a el nous curs 2018-2019 i les activitats extraescolars."},"content":{"rendered":"<p><a href=\"http:\/\/agora.xtec.cat\/ieslamallola\/wp-content\/uploads\/usu515\/2017\/09\/nou-curs-1-e1505037319260.jpg\"><img loading=\"lazy\" decoding=\"async\" class=\"wp-image-333 alignleft\" src=\"http:\/\/agora.xtec.cat\/ieslamallola\/wp-content\/uploads\/usu515\/2017\/09\/nou-curs-1-e1505037319260.jpg\" alt=\"\" width=\"336\" height=\"208\" srcset=\"https:\/\/agora.xtec.cat\/ieslamallola\/wp-content\/uploads\/usu515\/2017\/09\/nou-curs-1-e1505037319260.jpg 548w, https:\/\/agora.xtec.cat\/ieslamallola\/wp-content\/uploads\/usu515\/2017\/09\/nou-curs-1-e1505037319260-300x186.jpg 300w\" sizes=\"auto, (max-width: 336px) 100vw, 336px\" \/><\/a><\/p>\n<p>El dimecres 12 de setembre comen\u00e7arem el nou curs, l&#8217;alumnat de primer d&#8217;ESO entrar\u00e0 a les 9:00 i la resta de nivells a les 9:15, la sortida ser\u00e0 a les 14:00. A patir del dijous 13 l&#8217;horari ser\u00e0 com sempre, de 8:15 a 15:00. Bon curs a tothom!<\/p>\n<p>&nbsp;<\/p>\n<p>&nbsp;<\/p>\n<p style=\"text-align: center;\"><strong>OFERTA D\u2019EXTRAESCOLARS 2018-2019<\/strong><\/p>\n<p><strong>LLENG\u00dcES ESTRANGERES<\/strong><\/p>\n<table>\n<tbody>\n<tr>\n<td width=\"113\"><strong>LANGUAGE<\/strong><\/td>\n<td width=\"113\"><strong>CURS<\/strong><\/td>\n<td width=\"113\"><strong>DIES<\/strong><\/td>\n<td width=\"113\"><strong>HORARI<\/strong><\/td>\n<td width=\"113\"><strong>QUOTA<\/strong><\/td>\n<\/tr>\n<tr>\n<td width=\"113\">English<\/td>\n<td width=\"113\">1r i 2n ESO<\/td>\n<td width=\"113\">Dimarts i Dijous<\/td>\n<td width=\"113\">16:00 a 17:00<\/td>\n<td width=\"113\">35,50\u20ac<\/td>\n<\/tr>\n<tr>\n<td width=\"113\">English<\/td>\n<td width=\"113\">3r i 4t ESO<\/td>\n<td width=\"113\">Dimarts i Dijous<\/td>\n<td width=\"113\">17:00 a 18:00<\/td>\n<td width=\"113\">35,50\u00a0\u20ac<\/td>\n<\/tr>\n<tr>\n<td width=\"113\">English<\/td>\n<td width=\"113\">First Certificate 4t ESO i BATX<\/td>\n<td width=\"113\">Dimarts i Dijous<\/td>\n<td width=\"113\">16:00 a17:00<\/td>\n<td width=\"113\">44, 50\u00a0\u20ac<\/p>\n<p>No inclou llibres<\/td>\n<\/tr>\n<tr>\n<td width=\"113\"><\/td>\n<td width=\"113\"><\/td>\n<td width=\"113\"><\/td>\n<td width=\"113\"><\/td>\n<td width=\"113\"><\/td>\n<\/tr>\n<\/tbody>\n<\/table>\n<p><strong>Hores de classe<\/strong> setmanals distribu\u00efdes en dues sessions d&#8217;1 h.<\/p>\n<p><strong>Grups redu\u00efts<\/strong> de 10 a 12 alumnes.<\/p>\n<p><strong>Dos informes<\/strong> anuals.<\/p>\n<p>Una <strong>ressenya setmanal<\/strong> amb informaci\u00f3 d&#8217;all\u00f2 treballat a classe.<\/p>\n<p>Disseny de les programacions amb l&#8217;equip coordinador de llengua estrangera de l\u2019Institut.<\/p>\n<p>Refor\u00e7ament\u00a0 dels continguts apresos a classe. Preparaci\u00f3 del <em>First Certificate.<\/em><\/p>\n<p>&nbsp;<\/p>\n<p>&nbsp;<\/p>\n<p><strong>ROB\u00d2TICA EDUCATIVA<\/strong><\/p>\n<table>\n<tbody>\n<tr>\n<td width=\"189\"><strong>ACTIVITAT<\/strong><\/td>\n<td width=\"189\"><strong>HORARI a concretar<\/strong><\/td>\n<td width=\"189\"><strong>QUOTA<\/strong><\/td>\n<\/tr>\n<tr>\n<td width=\"189\">10 A 16 Anys<\/td>\n<td width=\"189\">1h catal\u00e0<\/p>\n<p>&nbsp;<\/p>\n<p>&nbsp;<\/td>\n<td width=\"189\">36,50\u20ac<\/td>\n<\/tr>\n<tr>\n<td width=\"189\"><\/td>\n<td width=\"189\"><\/td>\n<td width=\"189\"><strong>\u00a0<\/strong><\/td>\n<\/tr>\n<\/tbody>\n<\/table>\n<p><strong>Hores de classe setmanals:<\/strong> 1 hora.<\/p>\n<p><strong>Grups molt redu\u00efts<\/strong> de 8 a 10 alumnes.<\/p>\n<p>Tres projectes anuals. <em>Lego WeDo<\/em> per nens de 7 a 12 anys,<em> Lego Mindstorm<\/em> per nens de 10 a 16 anys.<\/p>\n<p>&nbsp;<\/p>\n<p>&nbsp;<\/p>\n<p><strong>ESTUDI ASSISTIT<\/strong><\/p>\n<table>\n<tbody>\n<tr>\n<td width=\"189\"><strong>ACTIVITAT<\/strong><\/td>\n<td width=\"189\"><strong>HORARI<\/strong><\/td>\n<td width=\"189\"><strong>QUOTA<\/strong><\/td>\n<\/tr>\n<tr>\n<td width=\"189\">Estudi assistit 1r i 2n d\u2019ESO<\/td>\n<td width=\"189\">Dimarts i dijous de 17:00 a 18:00<\/td>\n<td width=\"189\">28\u00a0\u20ac<\/td>\n<\/tr>\n<tr>\n<td width=\"189\">Estudi assistit 3r i 4t d\u2019ESO<\/td>\n<td width=\"189\">Dimarts i dijous de 16:00 a 17:00<\/td>\n<td width=\"189\">28\u00a0\u20ac<\/td>\n<\/tr>\n<\/tbody>\n<\/table>\n<p><strong>Dues hores de classe<\/strong> setmanals distribu\u00efdes en dues sessions d&#8217;1 h.<\/p>\n<p><strong>Grups redu\u00efts<\/strong> de 10 a 12 alumnes.<\/p>\n<p>Acompanyament en l\u2019organitzaci\u00f3 i realitzaci\u00f3 de tasques acad\u00e8miques com preparaci\u00f3 de controls, dossiers, produccions escrites i refor\u00e7ament dels continguts apresos a classe.<\/p>\n<p>&nbsp;<\/p>\n<p><strong>FEM TEATRE<\/strong><\/p>\n<table>\n<tbody>\n<tr>\n<td width=\"189\"><strong>ACTIVITAT<\/strong><\/td>\n<td width=\"189\"><strong>HORARI<\/strong><\/td>\n<td width=\"189\"><strong>QUOTA<\/strong><\/td>\n<\/tr>\n<tr>\n<td width=\"189\">Teatre<\/p>\n<p>&nbsp;<\/td>\n<td width=\"189\">Dijous\u00a0 de 16:00 a 18:00<\/td>\n<td width=\"189\">20\u00a0\u20ac<\/td>\n<\/tr>\n<\/tbody>\n<\/table>\n<p><strong>\u00a0<\/strong><\/p>\n<p>El dinamitzador de l\u2019activitat de teatre prepara petites obres de teatre amb aquest grup i participen en les diferents celebracions de l\u2019institut al llarg del curs escolar.<\/p>\n<p>&nbsp;<\/p>\n<p>&nbsp;<\/p>\n<p><strong>TOTS JUNTS, SOM VALORS I SOM ESPORT!<\/strong><\/p>\n<p><strong>FUTBOL<\/strong><\/p>\n<table>\n<tbody>\n<tr>\n<td width=\"189\"><strong>ACTIVITAT<\/strong><\/td>\n<td width=\"189\"><strong>HORARI<\/strong><\/td>\n<td width=\"189\"><strong>QUOTA<\/strong><\/td>\n<\/tr>\n<tr>\n<td width=\"189\">Futbol sala<\/p>\n<p>&nbsp;<\/td>\n<td width=\"189\">\u00a0Dilluns i dimecres<\/p>\n<p>Hora: a determinar<\/td>\n<td width=\"189\">\u00a025\u00a0\u20ac<\/td>\n<\/tr>\n<\/tbody>\n<\/table>\n<p><strong>\u00a0<\/strong><\/p>\n<p>Activitat esportiva on es treballen valors com la responsabilitat, igualtat, respecte, autocontrol, amistat. S\u00f3n sessions d\u2019una hora i quart de durada dos dies a la setmana. Inscripcions de l\u2019equip al CEBLL amb partits de competici\u00f3.<\/p>\n<p>&nbsp;<\/p>\n<p>&nbsp;<\/p>\n<p><strong>TENNIS<\/strong><\/p>\n<table>\n<tbody>\n<tr>\n<td width=\"189\"><strong>ACTIVITAT<\/strong><\/td>\n<td width=\"189\"><strong>HORARI<\/strong><\/td>\n<td width=\"189\"><strong>QUOTA<\/strong><\/td>\n<\/tr>\n<tr>\n<td width=\"189\">Tennis<\/p>\n<p>&nbsp;<\/td>\n<td width=\"189\">A determinar<\/td>\n<td width=\"189\"><strong>\u00a0<\/strong><\/td>\n<\/tr>\n<\/tbody>\n<\/table>\n<p>&nbsp;<\/p>\n<p>L\u2019activitat de tennis es porta a terme a\u00a0 l\u2019Sport Club La Mallola. Cal contactar amb el monitor per concretar l\u2019horari. Els alumnes es repartiran en dos grups segons el nivell.<\/p>\n<p>&nbsp;<\/p>\n<p><strong>Per inscriure-us a les diferents activitats cal passar per secretaria\u00a0 i emplenar el formulari corresponent.<\/strong><\/p>\n<p><strong>Si voleu m\u00e9s informaci\u00f3 sobre alguna de les activitats extraescolars, hi ha fulls informatius a secretaria.<\/strong><\/p>\n<p><strong>\u00a0<\/strong><\/p>\n<p>&nbsp;<\/p>\n<p>&nbsp;<\/p>\n","protected":false},"excerpt":{"rendered":"<p>El dimecres 12 de setembre comen\u00e7arem el nou curs, l&#8217;alumnat de primer d&#8217;ESO entrar\u00e0 a les 9:00 i la resta de nivells a les 9:15, la sortida ser\u00e0 a les 14:00. A patir del dijous 13 l&#8217;horari ser\u00e0 com sempre, de 8:15 a 15:00. Bon curs a tothom! &nbsp; &nbsp; OFERTA D\u2019EXTRAESCOLARS 2018-2019 LLENG\u00dcES ESTRANGERES [&hellip;]<\/p>\n","protected":false},"author":1,"featured_media":333,"comment_status":"open","ping_status":"closed","sticky":false,"template":"","format":"standard","meta":{"_bbp_topic_count":0,"_bbp_reply_count":0,"_bbp_total_topic_count":0,"_bbp_total_reply_count":0,"_bbp_voice_count":0,"_bbp_anonymous_reply_count":0,"_bbp_topic_count_hidden":0,"_bbp_reply_count_hidden":0,"_bbp_forum_subforum_count":0,"site-sidebar-layout":"default","site-content-layout":"","ast-site-content-layout":"","site-content-style":"default","site-sidebar-style":"default","ast-global-header-display":"","ast-banner-title-visibility":"","ast-main-header-display":"","ast-hfb-above-header-display":"","ast-hfb-below-header-display":"","ast-hfb-mobile-header-display":"","site-post-title":"","ast-breadcrumbs-content":"","ast-featured-img":"","footer-sml-layout":"","theme-transparent-header-meta":"","adv-header-id-meta":"","stick-header-meta":"","header-above-stick-meta":"","header-main-stick-meta":"","header-below-stick-meta":"","astra-migrate-meta-layouts":"default","ast-page-background-enabled":"default","ast-page-background-meta":{"desktop":{"background-color":"var(--ast-global-color-4)","background-image":"","background-repeat":"repeat","background-position":"center center","background-size":"auto","background-attachment":"scroll","background-type":"","background-media":"","overlay-type":"","overlay-color":"","overlay-opacity":"","overlay-gradient":""},"tablet":{"background-color":"","background-image":"","background-repeat":"repeat","background-position":"center center","background-size":"auto","background-attachment":"scroll","background-type":"","background-media":"","overlay-type":"","overlay-color":"","overlay-opacity":"","overlay-gradient":""},"mobile":{"background-color":"","background-image":"","background-repeat":"repeat","background-position":"center center","background-size":"auto","background-attachment":"scroll","background-type":"","background-media":"","overlay-type":"","overlay-color":"","overlay-opacity":"","overlay-gradient":""}},"ast-content-background-meta":{"desktop":{"background-color":"var(--ast-global-color-5)","background-image":"","background-repeat":"repeat","background-position":"center center","background-size":"auto","background-attachment":"scroll","background-type":"","background-media":"","overlay-type":"","overlay-color":"","overlay-opacity":"","overlay-gradient":""},"tablet":{"background-color":"var(--ast-global-color-5)","background-image":"","background-repeat":"repeat","background-position":"center center","background-size":"auto","background-attachment":"scroll","background-type":"","background-media":"","overlay-type":"","overlay-color":"","overlay-opacity":"","overlay-gradient":""},"mobile":{"background-color":"var(--ast-global-color-5)","background-image":"","background-repeat":"repeat","background-position":"center center","background-size":"auto","background-attachment":"scroll","background-type":"","background-media":"","overlay-type":"","overlay-color":"","overlay-opacity":"","overlay-gradient":""}},"footnotes":""},"categories":[1,29],"tags":[],"class_list":["post-325","post","type-post","status-publish","format-standard","has-post-thumbnail","hentry","category-general","category-portada"],"post_mailing_queue_ids":[],"_links":{"self":[{"href":"https:\/\/agora.xtec.cat\/ieslamallola\/wp-json\/wp\/v2\/posts\/325","targetHints":{"allow":["GET"]}}],"collection":[{"href":"https:\/\/agora.xtec.cat\/ieslamallola\/wp-json\/wp\/v2\/posts"}],"about":[{"href":"https:\/\/agora.xtec.cat\/ieslamallola\/wp-json\/wp\/v2\/types\/post"}],"author":[{"embeddable":true,"href":"https:\/\/agora.xtec.cat\/ieslamallola\/wp-json\/wp\/v2\/users\/1"}],"replies":[{"embeddable":true,"href":"https:\/\/agora.xtec.cat\/ieslamallola\/wp-json\/wp\/v2\/comments?post=325"}],"version-history":[{"count":3,"href":"https:\/\/agora.xtec.cat\/ieslamallola\/wp-json\/wp\/v2\/posts\/325\/revisions"}],"predecessor-version":[{"id":1707,"href":"https:\/\/agora.xtec.cat\/ieslamallola\/wp-json\/wp\/v2\/posts\/325\/revisions\/1707"}],"wp:featuredmedia":[{"embeddable":true,"href":"https:\/\/agora.xtec.cat\/ieslamallola\/wp-json\/wp\/v2\/media\/333"}],"wp:attachment":[{"href":"https:\/\/agora.xtec.cat\/ieslamallola\/wp-json\/wp\/v2\/media?parent=325"}],"wp:term":[{"taxonomy":"category","embeddable":true,"href":"https:\/\/agora.xtec.cat\/ieslamallola\/wp-json\/wp\/v2\/categories?post=325"},{"taxonomy":"post_tag","embeddable":true,"href":"https:\/\/agora.xtec.cat\/ieslamallola\/wp-json\/wp\/v2\/tags?post=325"}],"curies":[{"name":"wp","href":"https:\/\/api.w.org\/{rel}","templated":true}]}}