{"id":2712,"date":"2020-05-10T21:10:36","date_gmt":"2020-05-10T19:10:36","guid":{"rendered":"http:\/\/agora.xtec.cat\/ieslamallola\/?p=2712"},"modified":"2020-07-16T08:54:38","modified_gmt":"2020-07-16T06:54:38","slug":"preinscripcions-eso-2020-2021","status":"publish","type":"post","link":"https:\/\/agora.xtec.cat\/ieslamallola\/general\/preinscripcions-eso-2020-2021\/","title":{"rendered":"Preinscripci\u00f3 BATX 20\/21"},"content":{"rendered":"<h4 style=\"text-align: center;\"><span style=\"color: #333333;\">\u00a0Preinscripci\u00f3 alumnat nou BATX. 20 &#8211; 21<\/span><\/h4>\n<table class=\" aligncenter\" style=\"height: 96px; width: 389px;\" width=\"498\">\n<tbody>\n<tr>\n<td style=\"width: 67px;\">\n<h3><a href=\"https:\/\/agora.xtec.cat\/ieslamallola\/wp-content\/uploads\/usu515\/2019\/07\/desde-hoy-y-hasta-el-domingo-una-feria-del-libro-en-mar-azul-azul.jpg\"><img loading=\"lazy\" decoding=\"async\" class=\"wp-image-2259 alignnone\" src=\"https:\/\/agora.xtec.cat\/ieslamallola\/wp-content\/uploads\/usu515\/2019\/07\/desde-hoy-y-hasta-el-domingo-una-feria-del-libro-en-mar-azul-azul.jpg\" alt=\"\" width=\"137\" height=\"91\" srcset=\"https:\/\/agora.xtec.cat\/ieslamallola\/wp-content\/uploads\/usu515\/2019\/07\/desde-hoy-y-hasta-el-domingo-una-feria-del-libro-en-mar-azul-azul.jpg 1000w, https:\/\/agora.xtec.cat\/ieslamallola\/wp-content\/uploads\/usu515\/2019\/07\/desde-hoy-y-hasta-el-domingo-una-feria-del-libro-en-mar-azul-azul-300x200.jpg 300w, https:\/\/agora.xtec.cat\/ieslamallola\/wp-content\/uploads\/usu515\/2019\/07\/desde-hoy-y-hasta-el-domingo-una-feria-del-libro-en-mar-azul-azul-768x512.jpg 768w\" sizes=\"auto, (max-width: 137px) 100vw, 137px\" \/><\/a><\/h3>\n<\/td>\n<td style=\"width: 314px; border-style: groove; border-color: #f51b1b; background-color: #15ede6; text-align: center; vertical-align: middle;\" scope=\"row\">\n<h6><em><span style=\"color: #333333;\"><a style=\"color: #333333;\" href=\"https:\/\/agora.xtec.cat\/ieslamallola\/wp-content\/uploads\/usu515\/2020\/05\/presentaci\u00f3-BAX20-definitiu-alumnat-nou.pdf\">Document informatiu dels nostres Batxillerats<\/a><\/span><\/em><\/h6>\n<h6 style=\"text-align: right;\"><span style=\"color: #000000;\"><code><a style=\"color: #000000;\" href=\"https:\/\/agora.xtec.cat\/ieslamallola\/wp-content\/uploads\/usu515\/2020\/05\/full-tria-1-batxi-20-21.pdf\">Document per triar mat\u00e8ries de modalitat 1r BATX<\/a><\/code><\/span><\/h6>\n<\/td>\n<\/tr>\n<\/tbody>\n<\/table>\n<h3 style=\"font-weight: 400; text-align: center;\"><\/h3>\n<table class=\" aligncenter\" style=\"height: 244px; border-style: outset; width: 377px; border-color: #000000;\" width=\"356\">\n<tbody>\n<tr style=\"height: 55px;\">\n<td style=\"width: 371px; height: 55px; background-color: #18f2d9; text-align: center;\">\n<h5><a href=\"http:\/\/queestudiar.gencat.cat\/ca\/preinscripcio\/estudis\/batxillerat\/calendari\/\"><strong><span style=\"color: #ff0000;\">Calendari preinscripci\u00f3 BATX<\/span><\/strong><\/a><\/h5>\n<\/td>\n<\/tr>\n<tr style=\"height: 43px;\">\n<td style=\"width: 371px; height: 43px; background-color: #2ff768; text-align: center;\"><span style=\"color: #000000;\"><a style=\"color: #000000;\" href=\"https:\/\/agora.xtec.cat\/ieslamallola\/wp-content\/uploads\/usu515\/2020\/05\/INFORME_BAREM_PROVISIONAL_BAREM-10.pdf\">INFORME BAREM PROVISIONAL<\/a><\/span><\/td>\n<\/tr>\n<tr style=\"height: 44px;\">\n<td style=\"width: 371px; height: 44px; background-color: #f5f507; text-align: center;\"><span style=\"color: #000000;\">INFORME BAREM RESOLTES RECLAMACIONS<\/span><\/td>\n<\/tr>\n<tr style=\"height: 42px;\">\n<td style=\"width: 371px; height: 42px; background-color: #ce17eb; text-align: center;\"><span style=\"color: #000000;\">INFORME BAREM DEFINITIU<\/span><\/td>\n<\/tr>\n<tr style=\"height: 23px;\">\n<td style=\"width: 371px; height: 23px; background-color: #f50717; text-align: center;\">\n<h6><span style=\"color: #000000;\"><a style=\"color: #000000;\" href=\"https:\/\/agora.xtec.cat\/ieslamallola\/wp-content\/uploads\/usu515\/2020\/05\/INFORME_ASSIGNADES_INFORME_ASSIGNADES-1.pdf\">INFORME\u00a0 ALUMNAT ASSIGNAT<\/a><\/span><\/h6>\n<\/td>\n<\/tr>\n<\/tbody>\n<\/table>\n<h5><span style=\"color: #ff0000;\">\u00a0<\/span><\/h5>\n","protected":false},"excerpt":{"rendered":"<p>\u00a0Preinscripci\u00f3 alumnat nou BATX. 20 &#8211; 21 Document informatiu dels nostres Batxillerats Document per triar mat\u00e8ries de modalitat 1r BATX Calendari preinscripci\u00f3 BATX INFORME BAREM PROVISIONAL INFORME BAREM RESOLTES RECLAMACIONS INFORME BAREM DEFINITIU INFORME\u00a0 ALUMNAT ASSIGNAT \u00a0<\/p>\n","protected":false},"author":1,"featured_media":0,"comment_status":"open","ping_status":"closed","sticky":false,"template":"","format":"standard","meta":{"_bbp_topic_count":0,"_bbp_reply_count":0,"_bbp_total_topic_count":0,"_bbp_total_reply_count":0,"_bbp_voice_count":0,"_bbp_anonymous_reply_count":0,"_bbp_topic_count_hidden":0,"_bbp_reply_count_hidden":0,"_bbp_forum_subforum_count":0,"site-sidebar-layout":"default","site-content-layout":"","ast-site-content-layout":"","site-content-style":"default","site-sidebar-style":"default","ast-global-header-display":"","ast-banner-title-visibility":"","ast-main-header-display":"","ast-hfb-above-header-display":"","ast-hfb-below-header-display":"","ast-hfb-mobile-header-display":"","site-post-title":"","ast-breadcrumbs-content":"","ast-featured-img":"","footer-sml-layout":"","theme-transparent-header-meta":"","adv-header-id-meta":"","stick-header-meta":"","header-above-stick-meta":"","header-main-stick-meta":"","header-below-stick-meta":"","astra-migrate-meta-layouts":"default","ast-page-background-enabled":"default","ast-page-background-meta":{"desktop":{"background-color":"var(--ast-global-color-4)","background-image":"","background-repeat":"repeat","background-position":"center center","background-size":"auto","background-attachment":"scroll","background-type":"","background-media":"","overlay-type":"","overlay-color":"","overlay-opacity":"","overlay-gradient":""},"tablet":{"background-color":"","background-image":"","background-repeat":"repeat","background-position":"center center","background-size":"auto","background-attachment":"scroll","background-type":"","background-media":"","overlay-type":"","overlay-color":"","overlay-opacity":"","overlay-gradient":""},"mobile":{"background-color":"","background-image":"","background-repeat":"repeat","background-position":"center center","background-size":"auto","background-attachment":"scroll","background-type":"","background-media":"","overlay-type":"","overlay-color":"","overlay-opacity":"","overlay-gradient":""}},"ast-content-background-meta":{"desktop":{"background-color":"var(--ast-global-color-5)","background-image":"","background-repeat":"repeat","background-position":"center center","background-size":"auto","background-attachment":"scroll","background-type":"","background-media":"","overlay-type":"","overlay-color":"","overlay-opacity":"","overlay-gradient":""},"tablet":{"background-color":"var(--ast-global-color-5)","background-image":"","background-repeat":"repeat","background-position":"center center","background-size":"auto","background-attachment":"scroll","background-type":"","background-media":"","overlay-type":"","overlay-color":"","overlay-opacity":"","overlay-gradient":""},"mobile":{"background-color":"var(--ast-global-color-5)","background-image":"","background-repeat":"repeat","background-position":"center center","background-size":"auto","background-attachment":"scroll","background-type":"","background-media":"","overlay-type":"","overlay-color":"","overlay-opacity":"","overlay-gradient":""}},"footnotes":""},"categories":[1,29],"tags":[],"class_list":["post-2712","post","type-post","status-publish","format-standard","hentry","category-general","category-portada"],"post_mailing_queue_ids":[],"_links":{"self":[{"href":"https:\/\/agora.xtec.cat\/ieslamallola\/wp-json\/wp\/v2\/posts\/2712","targetHints":{"allow":["GET"]}}],"collection":[{"href":"https:\/\/agora.xtec.cat\/ieslamallola\/wp-json\/wp\/v2\/posts"}],"about":[{"href":"https:\/\/agora.xtec.cat\/ieslamallola\/wp-json\/wp\/v2\/types\/post"}],"author":[{"embeddable":true,"href":"https:\/\/agora.xtec.cat\/ieslamallola\/wp-json\/wp\/v2\/users\/1"}],"replies":[{"embeddable":true,"href":"https:\/\/agora.xtec.cat\/ieslamallola\/wp-json\/wp\/v2\/comments?post=2712"}],"version-history":[{"count":4,"href":"https:\/\/agora.xtec.cat\/ieslamallola\/wp-json\/wp\/v2\/posts\/2712\/revisions"}],"predecessor-version":[{"id":2890,"href":"https:\/\/agora.xtec.cat\/ieslamallola\/wp-json\/wp\/v2\/posts\/2712\/revisions\/2890"}],"wp:attachment":[{"href":"https:\/\/agora.xtec.cat\/ieslamallola\/wp-json\/wp\/v2\/media?parent=2712"}],"wp:term":[{"taxonomy":"category","embeddable":true,"href":"https:\/\/agora.xtec.cat\/ieslamallola\/wp-json\/wp\/v2\/categories?post=2712"},{"taxonomy":"post_tag","embeddable":true,"href":"https:\/\/agora.xtec.cat\/ieslamallola\/wp-json\/wp\/v2\/tags?post=2712"}],"curies":[{"name":"wp","href":"https:\/\/api.w.org\/{rel}","templated":true}]}}