{"id":2370,"date":"2019-11-20T02:46:13","date_gmt":"2019-11-20T01:46:13","guid":{"rendered":"http:\/\/agora.xtec.cat\/ieslamallola\/?p=2370"},"modified":"2019-12-12T10:12:07","modified_gmt":"2019-12-12T09:12:07","slug":"blog-de-laula-dacollida-un-aula-que-connecta-amb-el-mon","status":"publish","type":"post","link":"https:\/\/agora.xtec.cat\/ieslamallola\/general\/blog-de-laula-dacollida-un-aula-que-connecta-amb-el-mon\/","title":{"rendered":"Blog de l&#8217;aula d&#8217;acollida. Un aula que connecta amb el m\u00f3n."},"content":{"rendered":"<p><a href=\"https:\/\/agora.xtec.cat\/ieslamallola\/wp-content\/uploads\/usu515\/2019\/11\/20191025_135451.jpg\"><img loading=\"lazy\" decoding=\"async\" class=\"alignnone size-large wp-image-2372\" src=\"https:\/\/agora.xtec.cat\/ieslamallola\/wp-content\/uploads\/usu515\/2019\/11\/20191025_135451-1024x1024.jpg\" alt=\"\" width=\"1024\" height=\"1024\" srcset=\"https:\/\/agora.xtec.cat\/ieslamallola\/wp-content\/uploads\/usu515\/2019\/11\/20191025_135451-1024x1024.jpg 1024w, https:\/\/agora.xtec.cat\/ieslamallola\/wp-content\/uploads\/usu515\/2019\/11\/20191025_135451-150x150.jpg 150w, https:\/\/agora.xtec.cat\/ieslamallola\/wp-content\/uploads\/usu515\/2019\/11\/20191025_135451-300x300.jpg 300w, https:\/\/agora.xtec.cat\/ieslamallola\/wp-content\/uploads\/usu515\/2019\/11\/20191025_135451-768x768.jpg 768w, https:\/\/agora.xtec.cat\/ieslamallola\/wp-content\/uploads\/usu515\/2019\/11\/20191025_135451.jpg 1600w\" sizes=\"auto, (max-width: 1024px) 100vw, 1024px\" \/><\/a><a href=\"https:\/\/acollidamallola.blogspot.com\/?m=1\">https:\/\/acollidamallola.blogspot.com\/?m=1<\/a><\/p>\n<div>Aquest any, a l&#8217;aula d&#8217;acollida de l&#8217;institut La Mallola, vam comen\u00e7ar 18 alumnes i ara en som 22.<\/div>\n<div><\/div>\n<div>Alguns, acabem d&#8217;arribar dels nostres pa\u00efsos d&#8217;origen i no sabem catal\u00e0.<\/div>\n<div>D&#8217;altres, comencem el nostre \u00faltim curs com a alumnes d&#8217;acollida.<\/div>\n<div>I uns quants (per\u00f2 pocs) rebem un refor\u00e7 per acabar de consolidar el catal\u00e0 oral i escrit.<\/div>\n","protected":false},"excerpt":{"rendered":"<p>Aquest any, a l&#8217;aula d&#8217;acollida de l&#8217;institut La Mallola, vam comen\u00e7ar 18 alumnes i ara en som 22.<\/p>\n<p>Alguns, acabem d&#8217;arribar dels nostres pa\u00efsos d&#8217;origen i no sabem catal\u00e0.<br \/>\nD&#8217;altres, comencem el nostre \u00faltim curs com a alumnes d&#8217;acollida.<br \/>\nI uns quants (per\u00f2 pocs) rebem un refor\u00e7 per acabar de consolidar el catal\u00e0 oral i escrit.<\/p>\n","protected":false},"author":1,"featured_media":2372,"comment_status":"open","ping_status":"closed","sticky":false,"template":"","format":"standard","meta":{"_bbp_topic_count":0,"_bbp_reply_count":0,"_bbp_total_topic_count":0,"_bbp_total_reply_count":0,"_bbp_voice_count":0,"_bbp_anonymous_reply_count":0,"_bbp_topic_count_hidden":0,"_bbp_reply_count_hidden":0,"_bbp_forum_subforum_count":0,"site-sidebar-layout":"default","site-content-layout":"","ast-site-content-layout":"","site-content-style":"default","site-sidebar-style":"default","ast-global-header-display":"","ast-banner-title-visibility":"","ast-main-header-display":"","ast-hfb-above-header-display":"","ast-hfb-below-header-display":"","ast-hfb-mobile-header-display":"","site-post-title":"","ast-breadcrumbs-content":"","ast-featured-img":"","footer-sml-layout":"","theme-transparent-header-meta":"","adv-header-id-meta":"","stick-header-meta":"","header-above-stick-meta":"","header-main-stick-meta":"","header-below-stick-meta":"","astra-migrate-meta-layouts":"default","ast-page-background-enabled":"default","ast-page-background-meta":{"desktop":{"background-color":"var(--ast-global-color-4)","background-image":"","background-repeat":"repeat","background-position":"center center","background-size":"auto","background-attachment":"scroll","background-type":"","background-media":"","overlay-type":"","overlay-color":"","overlay-opacity":"","overlay-gradient":""},"tablet":{"background-color":"","background-image":"","background-repeat":"repeat","background-position":"center center","background-size":"auto","background-attachment":"scroll","background-type":"","background-media":"","overlay-type":"","overlay-color":"","overlay-opacity":"","overlay-gradient":""},"mobile":{"background-color":"","background-image":"","background-repeat":"repeat","background-position":"center center","background-size":"auto","background-attachment":"scroll","background-type":"","background-media":"","overlay-type":"","overlay-color":"","overlay-opacity":"","overlay-gradient":""}},"ast-content-background-meta":{"desktop":{"background-color":"var(--ast-global-color-5)","background-image":"","background-repeat":"repeat","background-position":"center center","background-size":"auto","background-attachment":"scroll","background-type":"","background-media":"","overlay-type":"","overlay-color":"","overlay-opacity":"","overlay-gradient":""},"tablet":{"background-color":"var(--ast-global-color-5)","background-image":"","background-repeat":"repeat","background-position":"center center","background-size":"auto","background-attachment":"scroll","background-type":"","background-media":"","overlay-type":"","overlay-color":"","overlay-opacity":"","overlay-gradient":""},"mobile":{"background-color":"var(--ast-global-color-5)","background-image":"","background-repeat":"repeat","background-position":"center center","background-size":"auto","background-attachment":"scroll","background-type":"","background-media":"","overlay-type":"","overlay-color":"","overlay-opacity":"","overlay-gradient":""}},"footnotes":""},"categories":[1,29],"tags":[],"class_list":["post-2370","post","type-post","status-publish","format-standard","has-post-thumbnail","hentry","category-general","category-portada"],"post_mailing_queue_ids":[],"_links":{"self":[{"href":"https:\/\/agora.xtec.cat\/ieslamallola\/wp-json\/wp\/v2\/posts\/2370","targetHints":{"allow":["GET"]}}],"collection":[{"href":"https:\/\/agora.xtec.cat\/ieslamallola\/wp-json\/wp\/v2\/posts"}],"about":[{"href":"https:\/\/agora.xtec.cat\/ieslamallola\/wp-json\/wp\/v2\/types\/post"}],"author":[{"embeddable":true,"href":"https:\/\/agora.xtec.cat\/ieslamallola\/wp-json\/wp\/v2\/users\/1"}],"replies":[{"embeddable":true,"href":"https:\/\/agora.xtec.cat\/ieslamallola\/wp-json\/wp\/v2\/comments?post=2370"}],"version-history":[{"count":3,"href":"https:\/\/agora.xtec.cat\/ieslamallola\/wp-json\/wp\/v2\/posts\/2370\/revisions"}],"predecessor-version":[{"id":2389,"href":"https:\/\/agora.xtec.cat\/ieslamallola\/wp-json\/wp\/v2\/posts\/2370\/revisions\/2389"}],"wp:featuredmedia":[{"embeddable":true,"href":"https:\/\/agora.xtec.cat\/ieslamallola\/wp-json\/wp\/v2\/media\/2372"}],"wp:attachment":[{"href":"https:\/\/agora.xtec.cat\/ieslamallola\/wp-json\/wp\/v2\/media?parent=2370"}],"wp:term":[{"taxonomy":"category","embeddable":true,"href":"https:\/\/agora.xtec.cat\/ieslamallola\/wp-json\/wp\/v2\/categories?post=2370"},{"taxonomy":"post_tag","embeddable":true,"href":"https:\/\/agora.xtec.cat\/ieslamallola\/wp-json\/wp\/v2\/tags?post=2370"}],"curies":[{"name":"wp","href":"https:\/\/api.w.org\/{rel}","templated":true}]}}