{"id":1746,"date":"2018-10-24T16:42:44","date_gmt":"2018-10-24T14:42:44","guid":{"rendered":"http:\/\/agora.xtec.cat\/ieslamallola\/?p=1746"},"modified":"2018-11-21T14:42:10","modified_gmt":"2018-11-21T13:42:10","slug":"sortides-culturals-per-la-castanyada","status":"publish","type":"post","link":"https:\/\/agora.xtec.cat\/ieslamallola\/general\/sortides-culturals-per-la-castanyada\/","title":{"rendered":"Sortides culturals per la Castanyada."},"content":{"rendered":"<p><a href=\"https:\/\/agora.xtec.cat\/ieslamallola\/wp-content\/uploads\/usu515\/2018\/10\/20181023_103045_Burst01.jpg\"><img loading=\"lazy\" decoding=\"async\" class=\"alignnone size-large wp-image-1748\" src=\"https:\/\/agora.xtec.cat\/ieslamallola\/wp-content\/uploads\/usu515\/2018\/10\/20181023_103045_Burst01-1024x768.jpg\" alt=\"\" width=\"1024\" height=\"768\" srcset=\"https:\/\/agora.xtec.cat\/ieslamallola\/wp-content\/uploads\/usu515\/2018\/10\/20181023_103045_Burst01-1024x768.jpg 1024w, https:\/\/agora.xtec.cat\/ieslamallola\/wp-content\/uploads\/usu515\/2018\/10\/20181023_103045_Burst01-300x225.jpg 300w, https:\/\/agora.xtec.cat\/ieslamallola\/wp-content\/uploads\/usu515\/2018\/10\/20181023_103045_Burst01-768x576.jpg 768w, https:\/\/agora.xtec.cat\/ieslamallola\/wp-content\/uploads\/usu515\/2018\/10\/20181023_103045_Burst01-200x150.jpg 200w\" sizes=\"auto, (max-width: 1024px) 100vw, 1024px\" \/><\/a>Dimarts 23 d&#8217;octubre vam fer les sortides corresponents a la castanyada, els alumnes de primer d&#8217;ESO juntament amb els de tercer van fer activitats l\u00fadiques i esportives a la pla\u00e7a Mireia on es va fomentar l&#8217;esperit de companyerisme i de superaci\u00f3 en un ambient formidable en mig de la natura.\u00a0 A segon van a anar al poliesportiu de La Plana a fer activitats dirigides, els alumnes de quart van gaudir de la natura fen una ruta d&#8217;uns 12 quilometres per la serra de Collserola fent aturades culturals al mol\u00ed fariner de Sant Just,\u00a0 Penya del Moro, Font del Ferro. A Batxillerat van fer la ruta modernista per Sant Joan Desp\u00ed, Centre Jujol, Can Negre i Torre de la Creu.<\/p>\n<div id='gallery-1' class='gallery galleryid-1746 gallery-columns-3 gallery-size-medium'><figure class='gallery-item'>\n\t\t\t<div class='gallery-icon landscape'>\n\t\t\t\t<a href='https:\/\/agora.xtec.cat\/ieslamallola\/general\/sortides-culturals-per-la-castanyada\/attachment\/img-20181023-wa0011\/'><img loading=\"lazy\" decoding=\"async\" width=\"300\" height=\"225\" src=\"https:\/\/agora.xtec.cat\/ieslamallola\/wp-content\/uploads\/usu515\/2018\/10\/IMG-20181023-WA0011-300x225.jpg\" class=\"attachment-medium size-medium\" alt=\"\" srcset=\"https:\/\/agora.xtec.cat\/ieslamallola\/wp-content\/uploads\/usu515\/2018\/10\/IMG-20181023-WA0011-300x225.jpg 300w, https:\/\/agora.xtec.cat\/ieslamallola\/wp-content\/uploads\/usu515\/2018\/10\/IMG-20181023-WA0011-768x576.jpg 768w, https:\/\/agora.xtec.cat\/ieslamallola\/wp-content\/uploads\/usu515\/2018\/10\/IMG-20181023-WA0011-1024x768.jpg 1024w, https:\/\/agora.xtec.cat\/ieslamallola\/wp-content\/uploads\/usu515\/2018\/10\/IMG-20181023-WA0011-200x150.jpg 200w, https:\/\/agora.xtec.cat\/ieslamallola\/wp-content\/uploads\/usu515\/2018\/10\/IMG-20181023-WA0011.jpg 1600w\" sizes=\"auto, (max-width: 300px) 100vw, 300px\" \/><\/a>\n\t\t\t<\/div><\/figure><figure class='gallery-item'>\n\t\t\t<div class='gallery-icon portrait'>\n\t\t\t\t<a href='https:\/\/agora.xtec.cat\/ieslamallola\/general\/sortides-culturals-per-la-castanyada\/attachment\/img-20181023-wa0008\/'><img loading=\"lazy\" decoding=\"async\" width=\"225\" height=\"300\" src=\"https:\/\/agora.xtec.cat\/ieslamallola\/wp-content\/uploads\/usu515\/2018\/10\/IMG-20181023-WA0008-225x300.jpg\" class=\"attachment-medium size-medium\" alt=\"\" srcset=\"https:\/\/agora.xtec.cat\/ieslamallola\/wp-content\/uploads\/usu515\/2018\/10\/IMG-20181023-WA0008-225x300.jpg 225w, https:\/\/agora.xtec.cat\/ieslamallola\/wp-content\/uploads\/usu515\/2018\/10\/IMG-20181023-WA0008-768x1024.jpg 768w, https:\/\/agora.xtec.cat\/ieslamallola\/wp-content\/uploads\/usu515\/2018\/10\/IMG-20181023-WA0008.jpg 1200w\" sizes=\"auto, (max-width: 225px) 100vw, 225px\" \/><\/a>\n\t\t\t<\/div><\/figure><figure class='gallery-item'>\n\t\t\t<div class='gallery-icon portrait'>\n\t\t\t\t<a href='https:\/\/agora.xtec.cat\/ieslamallola\/general\/sortides-culturals-per-la-castanyada\/attachment\/img-20181023-wa0012\/'><img loading=\"lazy\" decoding=\"async\" width=\"225\" height=\"300\" src=\"https:\/\/agora.xtec.cat\/ieslamallola\/wp-content\/uploads\/usu515\/2018\/10\/IMG-20181023-WA0012-225x300.jpg\" class=\"attachment-medium size-medium\" alt=\"\" srcset=\"https:\/\/agora.xtec.cat\/ieslamallola\/wp-content\/uploads\/usu515\/2018\/10\/IMG-20181023-WA0012-225x300.jpg 225w, https:\/\/agora.xtec.cat\/ieslamallola\/wp-content\/uploads\/usu515\/2018\/10\/IMG-20181023-WA0012-768x1024.jpg 768w, https:\/\/agora.xtec.cat\/ieslamallola\/wp-content\/uploads\/usu515\/2018\/10\/IMG-20181023-WA0012.jpg 1200w\" sizes=\"auto, (max-width: 225px) 100vw, 225px\" \/><\/a>\n\t\t\t<\/div><\/figure><figure class='gallery-item'>\n\t\t\t<div class='gallery-icon portrait'>\n\t\t\t\t<a href='https:\/\/agora.xtec.cat\/ieslamallola\/general\/sortides-culturals-per-la-castanyada\/attachment\/img-20181023-wa0007\/'><img loading=\"lazy\" decoding=\"async\" width=\"225\" height=\"300\" src=\"https:\/\/agora.xtec.cat\/ieslamallola\/wp-content\/uploads\/usu515\/2018\/10\/IMG-20181023-WA0007-225x300.jpg\" class=\"attachment-medium size-medium\" alt=\"\" srcset=\"https:\/\/agora.xtec.cat\/ieslamallola\/wp-content\/uploads\/usu515\/2018\/10\/IMG-20181023-WA0007-225x300.jpg 225w, https:\/\/agora.xtec.cat\/ieslamallola\/wp-content\/uploads\/usu515\/2018\/10\/IMG-20181023-WA0007-768x1024.jpg 768w, https:\/\/agora.xtec.cat\/ieslamallola\/wp-content\/uploads\/usu515\/2018\/10\/IMG-20181023-WA0007.jpg 1200w\" sizes=\"auto, (max-width: 225px) 100vw, 225px\" \/><\/a>\n\t\t\t<\/div><\/figure><figure class='gallery-item'>\n\t\t\t<div class='gallery-icon portrait'>\n\t\t\t\t<a href='https:\/\/agora.xtec.cat\/ieslamallola\/general\/sortides-culturals-per-la-castanyada\/attachment\/img-20181023-wa0013\/'><img loading=\"lazy\" decoding=\"async\" width=\"225\" height=\"300\" src=\"https:\/\/agora.xtec.cat\/ieslamallola\/wp-content\/uploads\/usu515\/2018\/10\/IMG-20181023-WA0013-225x300.jpg\" class=\"attachment-medium size-medium\" alt=\"\" srcset=\"https:\/\/agora.xtec.cat\/ieslamallola\/wp-content\/uploads\/usu515\/2018\/10\/IMG-20181023-WA0013-225x300.jpg 225w, https:\/\/agora.xtec.cat\/ieslamallola\/wp-content\/uploads\/usu515\/2018\/10\/IMG-20181023-WA0013-768x1024.jpg 768w, https:\/\/agora.xtec.cat\/ieslamallola\/wp-content\/uploads\/usu515\/2018\/10\/IMG-20181023-WA0013.jpg 1200w\" sizes=\"auto, (max-width: 225px) 100vw, 225px\" \/><\/a>\n\t\t\t<\/div><\/figure><figure class='gallery-item'>\n\t\t\t<div class='gallery-icon landscape'>\n\t\t\t\t<a href='https:\/\/agora.xtec.cat\/ieslamallola\/general\/sortides-culturals-per-la-castanyada\/attachment\/img-20181023-wa0009\/'><img loading=\"lazy\" decoding=\"async\" width=\"300\" height=\"225\" src=\"https:\/\/agora.xtec.cat\/ieslamallola\/wp-content\/uploads\/usu515\/2018\/10\/IMG-20181023-WA0009-300x225.jpg\" class=\"attachment-medium size-medium\" alt=\"\" srcset=\"https:\/\/agora.xtec.cat\/ieslamallola\/wp-content\/uploads\/usu515\/2018\/10\/IMG-20181023-WA0009-300x225.jpg 300w, https:\/\/agora.xtec.cat\/ieslamallola\/wp-content\/uploads\/usu515\/2018\/10\/IMG-20181023-WA0009-768x576.jpg 768w, https:\/\/agora.xtec.cat\/ieslamallola\/wp-content\/uploads\/usu515\/2018\/10\/IMG-20181023-WA0009-1024x768.jpg 1024w, https:\/\/agora.xtec.cat\/ieslamallola\/wp-content\/uploads\/usu515\/2018\/10\/IMG-20181023-WA0009-200x150.jpg 200w, https:\/\/agora.xtec.cat\/ieslamallola\/wp-content\/uploads\/usu515\/2018\/10\/IMG-20181023-WA0009.jpg 1600w\" sizes=\"auto, (max-width: 300px) 100vw, 300px\" \/><\/a>\n\t\t\t<\/div><\/figure><figure class='gallery-item'>\n\t\t\t<div class='gallery-icon portrait'>\n\t\t\t\t<a href='https:\/\/agora.xtec.cat\/ieslamallola\/general\/sortides-culturals-per-la-castanyada\/attachment\/img-20181023-wa0006\/'><img loading=\"lazy\" decoding=\"async\" width=\"225\" height=\"300\" src=\"https:\/\/agora.xtec.cat\/ieslamallola\/wp-content\/uploads\/usu515\/2018\/10\/IMG-20181023-WA0006-225x300.jpg\" class=\"attachment-medium size-medium\" alt=\"\" srcset=\"https:\/\/agora.xtec.cat\/ieslamallola\/wp-content\/uploads\/usu515\/2018\/10\/IMG-20181023-WA0006-225x300.jpg 225w, https:\/\/agora.xtec.cat\/ieslamallola\/wp-content\/uploads\/usu515\/2018\/10\/IMG-20181023-WA0006-768x1024.jpg 768w, https:\/\/agora.xtec.cat\/ieslamallola\/wp-content\/uploads\/usu515\/2018\/10\/IMG-20181023-WA0006.jpg 1200w\" sizes=\"auto, (max-width: 225px) 100vw, 225px\" \/><\/a>\n\t\t\t<\/div><\/figure><figure class='gallery-item'>\n\t\t\t<div class='gallery-icon portrait'>\n\t\t\t\t<a href='https:\/\/agora.xtec.cat\/ieslamallola\/general\/sortides-culturals-per-la-castanyada\/attachment\/img-20181023-wa0010\/'><img loading=\"lazy\" decoding=\"async\" width=\"225\" height=\"300\" src=\"https:\/\/agora.xtec.cat\/ieslamallola\/wp-content\/uploads\/usu515\/2018\/10\/IMG-20181023-WA0010-225x300.jpg\" class=\"attachment-medium size-medium\" alt=\"\" srcset=\"https:\/\/agora.xtec.cat\/ieslamallola\/wp-content\/uploads\/usu515\/2018\/10\/IMG-20181023-WA0010-225x300.jpg 225w, https:\/\/agora.xtec.cat\/ieslamallola\/wp-content\/uploads\/usu515\/2018\/10\/IMG-20181023-WA0010-768x1024.jpg 768w, https:\/\/agora.xtec.cat\/ieslamallola\/wp-content\/uploads\/usu515\/2018\/10\/IMG-20181023-WA0010.jpg 1200w\" sizes=\"auto, (max-width: 225px) 100vw, 225px\" \/><\/a>\n\t\t\t<\/div><\/figure><figure class='gallery-item'>\n\t\t\t<div class='gallery-icon portrait'>\n\t\t\t\t<a href='https:\/\/agora.xtec.cat\/ieslamallola\/general\/sortides-culturals-per-la-castanyada\/attachment\/img-20181023-wa0005\/'><img loading=\"lazy\" decoding=\"async\" width=\"225\" height=\"300\" src=\"https:\/\/agora.xtec.cat\/ieslamallola\/wp-content\/uploads\/usu515\/2018\/10\/IMG-20181023-WA0005-225x300.jpg\" class=\"attachment-medium size-medium\" alt=\"\" srcset=\"https:\/\/agora.xtec.cat\/ieslamallola\/wp-content\/uploads\/usu515\/2018\/10\/IMG-20181023-WA0005-225x300.jpg 225w, https:\/\/agora.xtec.cat\/ieslamallola\/wp-content\/uploads\/usu515\/2018\/10\/IMG-20181023-WA0005-768x1024.jpg 768w, https:\/\/agora.xtec.cat\/ieslamallola\/wp-content\/uploads\/usu515\/2018\/10\/IMG-20181023-WA0005.jpg 1200w\" sizes=\"auto, (max-width: 225px) 100vw, 225px\" \/><\/a>\n\t\t\t<\/div><\/figure><figure class='gallery-item'>\n\t\t\t<div class='gallery-icon portrait'>\n\t\t\t\t<a href='https:\/\/agora.xtec.cat\/ieslamallola\/general\/sortides-culturals-per-la-castanyada\/attachment\/img-20181023-wa0002\/'><img loading=\"lazy\" decoding=\"async\" width=\"225\" height=\"300\" src=\"https:\/\/agora.xtec.cat\/ieslamallola\/wp-content\/uploads\/usu515\/2018\/10\/IMG-20181023-WA0002-225x300.jpg\" class=\"attachment-medium size-medium\" alt=\"\" srcset=\"https:\/\/agora.xtec.cat\/ieslamallola\/wp-content\/uploads\/usu515\/2018\/10\/IMG-20181023-WA0002-225x300.jpg 225w, https:\/\/agora.xtec.cat\/ieslamallola\/wp-content\/uploads\/usu515\/2018\/10\/IMG-20181023-WA0002-768x1024.jpg 768w, https:\/\/agora.xtec.cat\/ieslamallola\/wp-content\/uploads\/usu515\/2018\/10\/IMG-20181023-WA0002.jpg 1200w\" sizes=\"auto, (max-width: 225px) 100vw, 225px\" \/><\/a>\n\t\t\t<\/div><\/figure><figure class='gallery-item'>\n\t\t\t<div class='gallery-icon portrait'>\n\t\t\t\t<a href='https:\/\/agora.xtec.cat\/ieslamallola\/general\/sortides-culturals-per-la-castanyada\/attachment\/img-20181023-wa0003\/'><img loading=\"lazy\" decoding=\"async\" width=\"225\" height=\"300\" src=\"https:\/\/agora.xtec.cat\/ieslamallola\/wp-content\/uploads\/usu515\/2018\/10\/IMG-20181023-WA0003-225x300.jpg\" class=\"attachment-medium size-medium\" alt=\"\" srcset=\"https:\/\/agora.xtec.cat\/ieslamallola\/wp-content\/uploads\/usu515\/2018\/10\/IMG-20181023-WA0003-225x300.jpg 225w, https:\/\/agora.xtec.cat\/ieslamallola\/wp-content\/uploads\/usu515\/2018\/10\/IMG-20181023-WA0003-768x1024.jpg 768w, https:\/\/agora.xtec.cat\/ieslamallola\/wp-content\/uploads\/usu515\/2018\/10\/IMG-20181023-WA0003.jpg 1200w\" sizes=\"auto, (max-width: 225px) 100vw, 225px\" \/><\/a>\n\t\t\t<\/div><\/figure><figure class='gallery-item'>\n\t\t\t<div class='gallery-icon landscape'>\n\t\t\t\t<a href='https:\/\/agora.xtec.cat\/ieslamallola\/general\/sortides-culturals-per-la-castanyada\/attachment\/img-20181023-wa0004\/'><img loading=\"lazy\" decoding=\"async\" width=\"300\" height=\"225\" src=\"https:\/\/agora.xtec.cat\/ieslamallola\/wp-content\/uploads\/usu515\/2018\/10\/IMG-20181023-WA0004-300x225.jpg\" class=\"attachment-medium size-medium\" alt=\"\" srcset=\"https:\/\/agora.xtec.cat\/ieslamallola\/wp-content\/uploads\/usu515\/2018\/10\/IMG-20181023-WA0004-300x225.jpg 300w, https:\/\/agora.xtec.cat\/ieslamallola\/wp-content\/uploads\/usu515\/2018\/10\/IMG-20181023-WA0004-768x576.jpg 768w, https:\/\/agora.xtec.cat\/ieslamallola\/wp-content\/uploads\/usu515\/2018\/10\/IMG-20181023-WA0004-1024x768.jpg 1024w, https:\/\/agora.xtec.cat\/ieslamallola\/wp-content\/uploads\/usu515\/2018\/10\/IMG-20181023-WA0004-200x150.jpg 200w, https:\/\/agora.xtec.cat\/ieslamallola\/wp-content\/uploads\/usu515\/2018\/10\/IMG-20181023-WA0004.jpg 1600w\" sizes=\"auto, (max-width: 300px) 100vw, 300px\" \/><\/a>\n\t\t\t<\/div><\/figure><figure class='gallery-item'>\n\t\t\t<div class='gallery-icon landscape'>\n\t\t\t\t<a href='https:\/\/agora.xtec.cat\/ieslamallola\/general\/sortides-culturals-per-la-castanyada\/attachment\/20181023_103045_burst01\/'><img loading=\"lazy\" decoding=\"async\" width=\"300\" height=\"225\" src=\"https:\/\/agora.xtec.cat\/ieslamallola\/wp-content\/uploads\/usu515\/2018\/10\/20181023_103045_Burst01-300x225.jpg\" class=\"attachment-medium size-medium\" alt=\"\" srcset=\"https:\/\/agora.xtec.cat\/ieslamallola\/wp-content\/uploads\/usu515\/2018\/10\/20181023_103045_Burst01-300x225.jpg 300w, https:\/\/agora.xtec.cat\/ieslamallola\/wp-content\/uploads\/usu515\/2018\/10\/20181023_103045_Burst01-768x576.jpg 768w, https:\/\/agora.xtec.cat\/ieslamallola\/wp-content\/uploads\/usu515\/2018\/10\/20181023_103045_Burst01-1024x768.jpg 1024w, https:\/\/agora.xtec.cat\/ieslamallola\/wp-content\/uploads\/usu515\/2018\/10\/20181023_103045_Burst01-200x150.jpg 200w\" sizes=\"auto, (max-width: 300px) 100vw, 300px\" \/><\/a>\n\t\t\t<\/div><\/figure><figure class='gallery-item'>\n\t\t\t<div class='gallery-icon portrait'>\n\t\t\t\t<a href='https:\/\/agora.xtec.cat\/ieslamallola\/general\/sortides-culturals-per-la-castanyada\/attachment\/20181023_123354\/'><img loading=\"lazy\" decoding=\"async\" width=\"225\" height=\"300\" src=\"https:\/\/agora.xtec.cat\/ieslamallola\/wp-content\/uploads\/usu515\/2018\/10\/20181023_123354-225x300.jpg\" class=\"attachment-medium size-medium\" alt=\"\" srcset=\"https:\/\/agora.xtec.cat\/ieslamallola\/wp-content\/uploads\/usu515\/2018\/10\/20181023_123354-225x300.jpg 225w, https:\/\/agora.xtec.cat\/ieslamallola\/wp-content\/uploads\/usu515\/2018\/10\/20181023_123354-768x1024.jpg 768w, https:\/\/agora.xtec.cat\/ieslamallola\/wp-content\/uploads\/usu515\/2018\/10\/20181023_123354.jpg 1560w\" sizes=\"auto, (max-width: 225px) 100vw, 225px\" \/><\/a>\n\t\t\t<\/div><\/figure><figure class='gallery-item'>\n\t\t\t<div class='gallery-icon portrait'>\n\t\t\t\t<a href='https:\/\/agora.xtec.cat\/ieslamallola\/general\/sortides-culturals-per-la-castanyada\/attachment\/20181023_123350\/'><img loading=\"lazy\" decoding=\"async\" width=\"225\" height=\"300\" src=\"https:\/\/agora.xtec.cat\/ieslamallola\/wp-content\/uploads\/usu515\/2018\/10\/20181023_123350-225x300.jpg\" class=\"attachment-medium size-medium\" alt=\"\" srcset=\"https:\/\/agora.xtec.cat\/ieslamallola\/wp-content\/uploads\/usu515\/2018\/10\/20181023_123350-225x300.jpg 225w, https:\/\/agora.xtec.cat\/ieslamallola\/wp-content\/uploads\/usu515\/2018\/10\/20181023_123350-768x1024.jpg 768w, https:\/\/agora.xtec.cat\/ieslamallola\/wp-content\/uploads\/usu515\/2018\/10\/20181023_123350.jpg 1560w\" sizes=\"auto, (max-width: 225px) 100vw, 225px\" \/><\/a>\n\t\t\t<\/div><\/figure><figure class='gallery-item'>\n\t\t\t<div class='gallery-icon landscape'>\n\t\t\t\t<a href='https:\/\/agora.xtec.cat\/ieslamallola\/general\/sortides-culturals-per-la-castanyada\/attachment\/20181023_122441\/'><img loading=\"lazy\" decoding=\"async\" width=\"300\" height=\"225\" src=\"https:\/\/agora.xtec.cat\/ieslamallola\/wp-content\/uploads\/usu515\/2018\/10\/20181023_122441-300x225.jpg\" class=\"attachment-medium size-medium\" alt=\"\" srcset=\"https:\/\/agora.xtec.cat\/ieslamallola\/wp-content\/uploads\/usu515\/2018\/10\/20181023_122441-300x225.jpg 300w, https:\/\/agora.xtec.cat\/ieslamallola\/wp-content\/uploads\/usu515\/2018\/10\/20181023_122441-768x576.jpg 768w, https:\/\/agora.xtec.cat\/ieslamallola\/wp-content\/uploads\/usu515\/2018\/10\/20181023_122441-1024x768.jpg 1024w, https:\/\/agora.xtec.cat\/ieslamallola\/wp-content\/uploads\/usu515\/2018\/10\/20181023_122441-200x150.jpg 200w\" sizes=\"auto, (max-width: 300px) 100vw, 300px\" \/><\/a>\n\t\t\t<\/div><\/figure><figure class='gallery-item'>\n\t\t\t<div class='gallery-icon landscape'>\n\t\t\t\t<a href='https:\/\/agora.xtec.cat\/ieslamallola\/general\/sortides-culturals-per-la-castanyada\/attachment\/20181023_102516\/'><img loading=\"lazy\" decoding=\"async\" width=\"300\" height=\"171\" src=\"https:\/\/agora.xtec.cat\/ieslamallola\/wp-content\/uploads\/usu515\/2018\/10\/20181023_102516-300x171.jpg\" class=\"attachment-medium size-medium\" alt=\"\" srcset=\"https:\/\/agora.xtec.cat\/ieslamallola\/wp-content\/uploads\/usu515\/2018\/10\/20181023_102516-300x171.jpg 300w, https:\/\/agora.xtec.cat\/ieslamallola\/wp-content\/uploads\/usu515\/2018\/10\/20181023_102516-768x439.jpg 768w, https:\/\/agora.xtec.cat\/ieslamallola\/wp-content\/uploads\/usu515\/2018\/10\/20181023_102516-1024x585.jpg 1024w, https:\/\/agora.xtec.cat\/ieslamallola\/wp-content\/uploads\/usu515\/2018\/10\/20181023_102516.jpg 1273w\" sizes=\"auto, (max-width: 300px) 100vw, 300px\" \/><\/a>\n\t\t\t<\/div><\/figure><figure class='gallery-item'>\n\t\t\t<div class='gallery-icon landscape'>\n\t\t\t\t<a href='https:\/\/agora.xtec.cat\/ieslamallola\/general\/sortides-culturals-per-la-castanyada\/attachment\/20181023_102522-2\/'><img loading=\"lazy\" decoding=\"async\" width=\"300\" height=\"227\" src=\"https:\/\/agora.xtec.cat\/ieslamallola\/wp-content\/uploads\/usu515\/2018\/10\/20181023_102522-1-300x227.jpg\" class=\"attachment-medium size-medium\" alt=\"\" srcset=\"https:\/\/agora.xtec.cat\/ieslamallola\/wp-content\/uploads\/usu515\/2018\/10\/20181023_102522-1-300x227.jpg 300w, https:\/\/agora.xtec.cat\/ieslamallola\/wp-content\/uploads\/usu515\/2018\/10\/20181023_102522-1-768x582.jpg 768w, https:\/\/agora.xtec.cat\/ieslamallola\/wp-content\/uploads\/usu515\/2018\/10\/20181023_102522-1-1024x776.jpg 1024w, https:\/\/agora.xtec.cat\/ieslamallola\/wp-content\/uploads\/usu515\/2018\/10\/20181023_102522-1-200x150.jpg 200w, https:\/\/agora.xtec.cat\/ieslamallola\/wp-content\/uploads\/usu515\/2018\/10\/20181023_102522-1.jpg 1468w\" sizes=\"auto, (max-width: 300px) 100vw, 300px\" \/><\/a>\n\t\t\t<\/div><\/figure><figure class='gallery-item'>\n\t\t\t<div class='gallery-icon landscape'>\n\t\t\t\t<a href='https:\/\/agora.xtec.cat\/ieslamallola\/general\/sortides-culturals-per-la-castanyada\/attachment\/20181023_102709\/'><img loading=\"lazy\" decoding=\"async\" width=\"300\" height=\"249\" src=\"https:\/\/agora.xtec.cat\/ieslamallola\/wp-content\/uploads\/usu515\/2018\/10\/20181023_102709-300x249.jpg\" class=\"attachment-medium size-medium\" alt=\"\" srcset=\"https:\/\/agora.xtec.cat\/ieslamallola\/wp-content\/uploads\/usu515\/2018\/10\/20181023_102709-300x250.jpg 300w, https:\/\/agora.xtec.cat\/ieslamallola\/wp-content\/uploads\/usu515\/2018\/10\/20181023_102709-768x637.jpg 768w, https:\/\/agora.xtec.cat\/ieslamallola\/wp-content\/uploads\/usu515\/2018\/10\/20181023_102709-1024x850.jpg 1024w, https:\/\/agora.xtec.cat\/ieslamallola\/wp-content\/uploads\/usu515\/2018\/10\/20181023_102709.jpg 1399w\" sizes=\"auto, (max-width: 300px) 100vw, 300px\" \/><\/a>\n\t\t\t<\/div><\/figure><figure class='gallery-item'>\n\t\t\t<div class='gallery-icon landscape'>\n\t\t\t\t<a href='https:\/\/agora.xtec.cat\/ieslamallola\/general\/sortides-culturals-per-la-castanyada\/attachment\/20181023_102917\/'><img loading=\"lazy\" decoding=\"async\" width=\"300\" height=\"232\" src=\"https:\/\/agora.xtec.cat\/ieslamallola\/wp-content\/uploads\/usu515\/2018\/10\/20181023_102917-300x232.jpg\" class=\"attachment-medium size-medium\" alt=\"\" srcset=\"https:\/\/agora.xtec.cat\/ieslamallola\/wp-content\/uploads\/usu515\/2018\/10\/20181023_102917-300x232.jpg 300w, https:\/\/agora.xtec.cat\/ieslamallola\/wp-content\/uploads\/usu515\/2018\/10\/20181023_102917-768x594.jpg 768w, https:\/\/agora.xtec.cat\/ieslamallola\/wp-content\/uploads\/usu515\/2018\/10\/20181023_102917-1024x792.jpg 1024w, https:\/\/agora.xtec.cat\/ieslamallola\/wp-content\/uploads\/usu515\/2018\/10\/20181023_102917.jpg 1331w\" sizes=\"auto, (max-width: 300px) 100vw, 300px\" \/><\/a>\n\t\t\t<\/div><\/figure><figure class='gallery-item'>\n\t\t\t<div class='gallery-icon landscape'>\n\t\t\t\t<a href='https:\/\/agora.xtec.cat\/ieslamallola\/general\/sortides-culturals-per-la-castanyada\/attachment\/20181023_102953\/'><img loading=\"lazy\" decoding=\"async\" width=\"300\" height=\"266\" src=\"https:\/\/agora.xtec.cat\/ieslamallola\/wp-content\/uploads\/usu515\/2018\/10\/20181023_102953-300x266.jpg\" class=\"attachment-medium size-medium\" alt=\"\" srcset=\"https:\/\/agora.xtec.cat\/ieslamallola\/wp-content\/uploads\/usu515\/2018\/10\/20181023_102953-300x266.jpg 300w, https:\/\/agora.xtec.cat\/ieslamallola\/wp-content\/uploads\/usu515\/2018\/10\/20181023_102953-768x682.jpg 768w, https:\/\/agora.xtec.cat\/ieslamallola\/wp-content\/uploads\/usu515\/2018\/10\/20181023_102953-1024x909.jpg 1024w, https:\/\/agora.xtec.cat\/ieslamallola\/wp-content\/uploads\/usu515\/2018\/10\/20181023_102953.jpg 1308w\" sizes=\"auto, (max-width: 300px) 100vw, 300px\" \/><\/a>\n\t\t\t<\/div><\/figure><figure class='gallery-item'>\n\t\t\t<div class='gallery-icon landscape'>\n\t\t\t\t<a href='https:\/\/agora.xtec.cat\/ieslamallola\/general\/sortides-culturals-per-la-castanyada\/attachment\/20181023_103016-2\/'><img loading=\"lazy\" decoding=\"async\" width=\"300\" height=\"169\" src=\"https:\/\/agora.xtec.cat\/ieslamallola\/wp-content\/uploads\/usu515\/2018\/10\/20181023_103016-1-300x169.jpg\" class=\"attachment-medium size-medium\" alt=\"\" srcset=\"https:\/\/agora.xtec.cat\/ieslamallola\/wp-content\/uploads\/usu515\/2018\/10\/20181023_103016-1-300x169.jpg 300w, https:\/\/agora.xtec.cat\/ieslamallola\/wp-content\/uploads\/usu515\/2018\/10\/20181023_103016-1-768x432.jpg 768w, https:\/\/agora.xtec.cat\/ieslamallola\/wp-content\/uploads\/usu515\/2018\/10\/20181023_103016-1-1024x576.jpg 1024w\" sizes=\"auto, (max-width: 300px) 100vw, 300px\" \/><\/a>\n\t\t\t<\/div><\/figure><figure class='gallery-item'>\n\t\t\t<div class='gallery-icon landscape'>\n\t\t\t\t<a href='https:\/\/agora.xtec.cat\/ieslamallola\/general\/sortides-culturals-per-la-castanyada\/attachment\/20181023_103017\/'><img loading=\"lazy\" decoding=\"async\" width=\"300\" height=\"169\" src=\"https:\/\/agora.xtec.cat\/ieslamallola\/wp-content\/uploads\/usu515\/2018\/10\/20181023_103017-300x169.jpg\" class=\"attachment-medium size-medium\" alt=\"\" srcset=\"https:\/\/agora.xtec.cat\/ieslamallola\/wp-content\/uploads\/usu515\/2018\/10\/20181023_103017-300x169.jpg 300w, https:\/\/agora.xtec.cat\/ieslamallola\/wp-content\/uploads\/usu515\/2018\/10\/20181023_103017-768x432.jpg 768w, https:\/\/agora.xtec.cat\/ieslamallola\/wp-content\/uploads\/usu515\/2018\/10\/20181023_103017-1024x576.jpg 1024w\" sizes=\"auto, (max-width: 300px) 100vw, 300px\" \/><\/a>\n\t\t\t<\/div><\/figure><figure class='gallery-item'>\n\t\t\t<div class='gallery-icon landscape'>\n\t\t\t\t<a href='https:\/\/agora.xtec.cat\/ieslamallola\/general\/sortides-culturals-per-la-castanyada\/attachment\/20181023_103111\/'><img loading=\"lazy\" decoding=\"async\" width=\"300\" height=\"252\" src=\"https:\/\/agora.xtec.cat\/ieslamallola\/wp-content\/uploads\/usu515\/2018\/10\/20181023_103111-300x252.jpg\" class=\"attachment-medium size-medium\" alt=\"\" srcset=\"https:\/\/agora.xtec.cat\/ieslamallola\/wp-content\/uploads\/usu515\/2018\/10\/20181023_103111-300x252.jpg 300w, https:\/\/agora.xtec.cat\/ieslamallola\/wp-content\/uploads\/usu515\/2018\/10\/20181023_103111-768x645.jpg 768w, https:\/\/agora.xtec.cat\/ieslamallola\/wp-content\/uploads\/usu515\/2018\/10\/20181023_103111-1024x861.jpg 1024w, https:\/\/agora.xtec.cat\/ieslamallola\/wp-content\/uploads\/usu515\/2018\/10\/20181023_103111.jpg 1316w\" sizes=\"auto, (max-width: 300px) 100vw, 300px\" \/><\/a>\n\t\t\t<\/div><\/figure><figure class='gallery-item'>\n\t\t\t<div class='gallery-icon landscape'>\n\t\t\t\t<a href='https:\/\/agora.xtec.cat\/ieslamallola\/general\/sortides-culturals-per-la-castanyada\/attachment\/20181023_103255\/'><img loading=\"lazy\" decoding=\"async\" width=\"300\" height=\"204\" src=\"https:\/\/agora.xtec.cat\/ieslamallola\/wp-content\/uploads\/usu515\/2018\/10\/20181023_103255-300x204.jpg\" class=\"attachment-medium size-medium\" alt=\"\" srcset=\"https:\/\/agora.xtec.cat\/ieslamallola\/wp-content\/uploads\/usu515\/2018\/10\/20181023_103255-300x204.jpg 300w, https:\/\/agora.xtec.cat\/ieslamallola\/wp-content\/uploads\/usu515\/2018\/10\/20181023_103255-768x523.jpg 768w, https:\/\/agora.xtec.cat\/ieslamallola\/wp-content\/uploads\/usu515\/2018\/10\/20181023_103255-1024x697.jpg 1024w, https:\/\/agora.xtec.cat\/ieslamallola\/wp-content\/uploads\/usu515\/2018\/10\/20181023_103255.jpg 1706w\" sizes=\"auto, (max-width: 300px) 100vw, 300px\" \/><\/a>\n\t\t\t<\/div><\/figure><figure class='gallery-item'>\n\t\t\t<div class='gallery-icon landscape'>\n\t\t\t\t<a href='https:\/\/agora.xtec.cat\/ieslamallola\/general\/sortides-culturals-per-la-castanyada\/attachment\/img_5583\/'><img loading=\"lazy\" decoding=\"async\" width=\"300\" height=\"225\" src=\"https:\/\/agora.xtec.cat\/ieslamallola\/wp-content\/uploads\/usu515\/2018\/10\/IMG_5583-300x225.jpg\" class=\"attachment-medium size-medium\" alt=\"\" srcset=\"https:\/\/agora.xtec.cat\/ieslamallola\/wp-content\/uploads\/usu515\/2018\/10\/IMG_5583-300x225.jpg 300w, https:\/\/agora.xtec.cat\/ieslamallola\/wp-content\/uploads\/usu515\/2018\/10\/IMG_5583-768x576.jpg 768w, https:\/\/agora.xtec.cat\/ieslamallola\/wp-content\/uploads\/usu515\/2018\/10\/IMG_5583-1024x768.jpg 1024w, https:\/\/agora.xtec.cat\/ieslamallola\/wp-content\/uploads\/usu515\/2018\/10\/IMG_5583-200x150.jpg 200w, https:\/\/agora.xtec.cat\/ieslamallola\/wp-content\/uploads\/usu515\/2018\/10\/IMG_5583.jpg 1632w\" sizes=\"auto, (max-width: 300px) 100vw, 300px\" \/><\/a>\n\t\t\t<\/div><\/figure><figure class='gallery-item'>\n\t\t\t<div class='gallery-icon landscape'>\n\t\t\t\t<a href='https:\/\/agora.xtec.cat\/ieslamallola\/general\/sortides-culturals-per-la-castanyada\/attachment\/img_5584\/'><img loading=\"lazy\" decoding=\"async\" width=\"300\" height=\"225\" src=\"https:\/\/agora.xtec.cat\/ieslamallola\/wp-content\/uploads\/usu515\/2018\/10\/IMG_5584-300x225.jpg\" class=\"attachment-medium size-medium\" alt=\"\" srcset=\"https:\/\/agora.xtec.cat\/ieslamallola\/wp-content\/uploads\/usu515\/2018\/10\/IMG_5584-300x225.jpg 300w, https:\/\/agora.xtec.cat\/ieslamallola\/wp-content\/uploads\/usu515\/2018\/10\/IMG_5584-768x576.jpg 768w, https:\/\/agora.xtec.cat\/ieslamallola\/wp-content\/uploads\/usu515\/2018\/10\/IMG_5584-1024x768.jpg 1024w, https:\/\/agora.xtec.cat\/ieslamallola\/wp-content\/uploads\/usu515\/2018\/10\/IMG_5584-200x150.jpg 200w, https:\/\/agora.xtec.cat\/ieslamallola\/wp-content\/uploads\/usu515\/2018\/10\/IMG_5584.jpg 1632w\" sizes=\"auto, (max-width: 300px) 100vw, 300px\" \/><\/a>\n\t\t\t<\/div><\/figure><figure class='gallery-item'>\n\t\t\t<div class='gallery-icon landscape'>\n\t\t\t\t<a href='https:\/\/agora.xtec.cat\/ieslamallola\/general\/sortides-culturals-per-la-castanyada\/attachment\/img_5585\/'><img loading=\"lazy\" decoding=\"async\" width=\"300\" height=\"225\" src=\"https:\/\/agora.xtec.cat\/ieslamallola\/wp-content\/uploads\/usu515\/2018\/10\/IMG_5585-300x225.jpg\" class=\"attachment-medium size-medium\" alt=\"\" srcset=\"https:\/\/agora.xtec.cat\/ieslamallola\/wp-content\/uploads\/usu515\/2018\/10\/IMG_5585-300x225.jpg 300w, https:\/\/agora.xtec.cat\/ieslamallola\/wp-content\/uploads\/usu515\/2018\/10\/IMG_5585-768x576.jpg 768w, https:\/\/agora.xtec.cat\/ieslamallola\/wp-content\/uploads\/usu515\/2018\/10\/IMG_5585-1024x768.jpg 1024w, https:\/\/agora.xtec.cat\/ieslamallola\/wp-content\/uploads\/usu515\/2018\/10\/IMG_5585-200x150.jpg 200w, https:\/\/agora.xtec.cat\/ieslamallola\/wp-content\/uploads\/usu515\/2018\/10\/IMG_5585.jpg 1632w\" sizes=\"auto, (max-width: 300px) 100vw, 300px\" \/><\/a>\n\t\t\t<\/div><\/figure><figure class='gallery-item'>\n\t\t\t<div class='gallery-icon landscape'>\n\t\t\t\t<a href='https:\/\/agora.xtec.cat\/ieslamallola\/general\/sortides-culturals-per-la-castanyada\/attachment\/img_5587\/'><img loading=\"lazy\" decoding=\"async\" width=\"300\" height=\"225\" src=\"https:\/\/agora.xtec.cat\/ieslamallola\/wp-content\/uploads\/usu515\/2018\/10\/IMG_5587-300x225.jpg\" class=\"attachment-medium size-medium\" alt=\"\" srcset=\"https:\/\/agora.xtec.cat\/ieslamallola\/wp-content\/uploads\/usu515\/2018\/10\/IMG_5587-300x225.jpg 300w, https:\/\/agora.xtec.cat\/ieslamallola\/wp-content\/uploads\/usu515\/2018\/10\/IMG_5587-768x576.jpg 768w, https:\/\/agora.xtec.cat\/ieslamallola\/wp-content\/uploads\/usu515\/2018\/10\/IMG_5587-1024x768.jpg 1024w, https:\/\/agora.xtec.cat\/ieslamallola\/wp-content\/uploads\/usu515\/2018\/10\/IMG_5587-200x150.jpg 200w, https:\/\/agora.xtec.cat\/ieslamallola\/wp-content\/uploads\/usu515\/2018\/10\/IMG_5587.jpg 1632w\" sizes=\"auto, (max-width: 300px) 100vw, 300px\" \/><\/a>\n\t\t\t<\/div><\/figure><figure class='gallery-item'>\n\t\t\t<div class='gallery-icon landscape'>\n\t\t\t\t<a href='https:\/\/agora.xtec.cat\/ieslamallola\/general\/sortides-culturals-per-la-castanyada\/attachment\/img_5591\/'><img loading=\"lazy\" decoding=\"async\" width=\"300\" height=\"225\" src=\"https:\/\/agora.xtec.cat\/ieslamallola\/wp-content\/uploads\/usu515\/2018\/10\/IMG_5591-300x225.jpg\" class=\"attachment-medium size-medium\" alt=\"\" srcset=\"https:\/\/agora.xtec.cat\/ieslamallola\/wp-content\/uploads\/usu515\/2018\/10\/IMG_5591-300x225.jpg 300w, https:\/\/agora.xtec.cat\/ieslamallola\/wp-content\/uploads\/usu515\/2018\/10\/IMG_5591-768x576.jpg 768w, https:\/\/agora.xtec.cat\/ieslamallola\/wp-content\/uploads\/usu515\/2018\/10\/IMG_5591-1024x768.jpg 1024w, https:\/\/agora.xtec.cat\/ieslamallola\/wp-content\/uploads\/usu515\/2018\/10\/IMG_5591-200x150.jpg 200w, https:\/\/agora.xtec.cat\/ieslamallola\/wp-content\/uploads\/usu515\/2018\/10\/IMG_5591.jpg 1632w\" sizes=\"auto, (max-width: 300px) 100vw, 300px\" \/><\/a>\n\t\t\t<\/div><\/figure><figure class='gallery-item'>\n\t\t\t<div class='gallery-icon landscape'>\n\t\t\t\t<a href='https:\/\/agora.xtec.cat\/ieslamallola\/general\/sortides-culturals-per-la-castanyada\/attachment\/img_5592\/'><img loading=\"lazy\" decoding=\"async\" width=\"300\" height=\"225\" src=\"https:\/\/agora.xtec.cat\/ieslamallola\/wp-content\/uploads\/usu515\/2018\/10\/IMG_5592-300x225.jpg\" class=\"attachment-medium size-medium\" alt=\"\" srcset=\"https:\/\/agora.xtec.cat\/ieslamallola\/wp-content\/uploads\/usu515\/2018\/10\/IMG_5592-300x225.jpg 300w, https:\/\/agora.xtec.cat\/ieslamallola\/wp-content\/uploads\/usu515\/2018\/10\/IMG_5592-768x576.jpg 768w, https:\/\/agora.xtec.cat\/ieslamallola\/wp-content\/uploads\/usu515\/2018\/10\/IMG_5592-1024x768.jpg 1024w, https:\/\/agora.xtec.cat\/ieslamallola\/wp-content\/uploads\/usu515\/2018\/10\/IMG_5592-200x150.jpg 200w, https:\/\/agora.xtec.cat\/ieslamallola\/wp-content\/uploads\/usu515\/2018\/10\/IMG_5592.jpg 1632w\" sizes=\"auto, (max-width: 300px) 100vw, 300px\" \/><\/a>\n\t\t\t<\/div><\/figure><figure class='gallery-item'>\n\t\t\t<div class='gallery-icon portrait'>\n\t\t\t\t<a href='https:\/\/agora.xtec.cat\/ieslamallola\/general\/sortides-culturals-per-la-castanyada\/attachment\/img_5593\/'><img loading=\"lazy\" decoding=\"async\" width=\"225\" height=\"300\" src=\"https:\/\/agora.xtec.cat\/ieslamallola\/wp-content\/uploads\/usu515\/2018\/10\/IMG_5593-225x300.jpg\" class=\"attachment-medium size-medium\" alt=\"\" srcset=\"https:\/\/agora.xtec.cat\/ieslamallola\/wp-content\/uploads\/usu515\/2018\/10\/IMG_5593-225x300.jpg 225w, https:\/\/agora.xtec.cat\/ieslamallola\/wp-content\/uploads\/usu515\/2018\/10\/IMG_5593-768x1024.jpg 768w, https:\/\/agora.xtec.cat\/ieslamallola\/wp-content\/uploads\/usu515\/2018\/10\/IMG_5593.jpg 1224w\" sizes=\"auto, (max-width: 225px) 100vw, 225px\" \/><\/a>\n\t\t\t<\/div><\/figure><figure class='gallery-item'>\n\t\t\t<div class='gallery-icon portrait'>\n\t\t\t\t<a href='https:\/\/agora.xtec.cat\/ieslamallola\/general\/sortides-culturals-per-la-castanyada\/attachment\/img_5594\/'><img loading=\"lazy\" decoding=\"async\" width=\"225\" height=\"300\" src=\"https:\/\/agora.xtec.cat\/ieslamallola\/wp-content\/uploads\/usu515\/2018\/10\/IMG_5594-225x300.jpg\" class=\"attachment-medium size-medium\" alt=\"\" srcset=\"https:\/\/agora.xtec.cat\/ieslamallola\/wp-content\/uploads\/usu515\/2018\/10\/IMG_5594-225x300.jpg 225w, https:\/\/agora.xtec.cat\/ieslamallola\/wp-content\/uploads\/usu515\/2018\/10\/IMG_5594-768x1024.jpg 768w, https:\/\/agora.xtec.cat\/ieslamallola\/wp-content\/uploads\/usu515\/2018\/10\/IMG_5594.jpg 1224w\" sizes=\"auto, (max-width: 225px) 100vw, 225px\" \/><\/a>\n\t\t\t<\/div><\/figure><figure class='gallery-item'>\n\t\t\t<div class='gallery-icon landscape'>\n\t\t\t\t<a href='https:\/\/agora.xtec.cat\/ieslamallola\/general\/sortides-culturals-per-la-castanyada\/attachment\/img_5595\/'><img loading=\"lazy\" decoding=\"async\" width=\"300\" height=\"225\" src=\"https:\/\/agora.xtec.cat\/ieslamallola\/wp-content\/uploads\/usu515\/2018\/10\/IMG_5595-300x225.jpg\" class=\"attachment-medium size-medium\" alt=\"\" srcset=\"https:\/\/agora.xtec.cat\/ieslamallola\/wp-content\/uploads\/usu515\/2018\/10\/IMG_5595-300x225.jpg 300w, https:\/\/agora.xtec.cat\/ieslamallola\/wp-content\/uploads\/usu515\/2018\/10\/IMG_5595-768x576.jpg 768w, https:\/\/agora.xtec.cat\/ieslamallola\/wp-content\/uploads\/usu515\/2018\/10\/IMG_5595-1024x768.jpg 1024w, https:\/\/agora.xtec.cat\/ieslamallola\/wp-content\/uploads\/usu515\/2018\/10\/IMG_5595-200x150.jpg 200w, https:\/\/agora.xtec.cat\/ieslamallola\/wp-content\/uploads\/usu515\/2018\/10\/IMG_5595.jpg 1632w\" sizes=\"auto, (max-width: 300px) 100vw, 300px\" \/><\/a>\n\t\t\t<\/div><\/figure><figure class='gallery-item'>\n\t\t\t<div class='gallery-icon landscape'>\n\t\t\t\t<a href='https:\/\/agora.xtec.cat\/ieslamallola\/general\/sortides-culturals-per-la-castanyada\/attachment\/img_5596\/'><img loading=\"lazy\" decoding=\"async\" width=\"300\" height=\"225\" src=\"https:\/\/agora.xtec.cat\/ieslamallola\/wp-content\/uploads\/usu515\/2018\/10\/IMG_5596-300x225.jpg\" class=\"attachment-medium size-medium\" alt=\"\" srcset=\"https:\/\/agora.xtec.cat\/ieslamallola\/wp-content\/uploads\/usu515\/2018\/10\/IMG_5596-300x225.jpg 300w, https:\/\/agora.xtec.cat\/ieslamallola\/wp-content\/uploads\/usu515\/2018\/10\/IMG_5596-768x576.jpg 768w, https:\/\/agora.xtec.cat\/ieslamallola\/wp-content\/uploads\/usu515\/2018\/10\/IMG_5596-1024x768.jpg 1024w, https:\/\/agora.xtec.cat\/ieslamallola\/wp-content\/uploads\/usu515\/2018\/10\/IMG_5596-200x150.jpg 200w, https:\/\/agora.xtec.cat\/ieslamallola\/wp-content\/uploads\/usu515\/2018\/10\/IMG_5596.jpg 1632w\" sizes=\"auto, (max-width: 300px) 100vw, 300px\" \/><\/a>\n\t\t\t<\/div><\/figure><figure class='gallery-item'>\n\t\t\t<div class='gallery-icon landscape'>\n\t\t\t\t<a href='https:\/\/agora.xtec.cat\/ieslamallola\/general\/sortides-culturals-per-la-castanyada\/attachment\/img_5604\/'><img loading=\"lazy\" decoding=\"async\" width=\"300\" height=\"225\" src=\"https:\/\/agora.xtec.cat\/ieslamallola\/wp-content\/uploads\/usu515\/2018\/10\/IMG_5604-300x225.jpg\" class=\"attachment-medium size-medium\" alt=\"\" srcset=\"https:\/\/agora.xtec.cat\/ieslamallola\/wp-content\/uploads\/usu515\/2018\/10\/IMG_5604-300x225.jpg 300w, https:\/\/agora.xtec.cat\/ieslamallola\/wp-content\/uploads\/usu515\/2018\/10\/IMG_5604-768x576.jpg 768w, https:\/\/agora.xtec.cat\/ieslamallola\/wp-content\/uploads\/usu515\/2018\/10\/IMG_5604-1024x768.jpg 1024w, https:\/\/agora.xtec.cat\/ieslamallola\/wp-content\/uploads\/usu515\/2018\/10\/IMG_5604-200x150.jpg 200w, https:\/\/agora.xtec.cat\/ieslamallola\/wp-content\/uploads\/usu515\/2018\/10\/IMG_5604.jpg 1632w\" sizes=\"auto, (max-width: 300px) 100vw, 300px\" \/><\/a>\n\t\t\t<\/div><\/figure><figure class='gallery-item'>\n\t\t\t<div class='gallery-icon landscape'>\n\t\t\t\t<a href='https:\/\/agora.xtec.cat\/ieslamallola\/general\/sortides-culturals-per-la-castanyada\/attachment\/img_5606\/'><img loading=\"lazy\" decoding=\"async\" width=\"300\" height=\"99\" src=\"https:\/\/agora.xtec.cat\/ieslamallola\/wp-content\/uploads\/usu515\/2018\/10\/IMG_5606-300x99.jpg\" class=\"attachment-medium size-medium\" alt=\"\" srcset=\"https:\/\/agora.xtec.cat\/ieslamallola\/wp-content\/uploads\/usu515\/2018\/10\/IMG_5606-300x99.jpg 300w, https:\/\/agora.xtec.cat\/ieslamallola\/wp-content\/uploads\/usu515\/2018\/10\/IMG_5606-768x252.jpg 768w, https:\/\/agora.xtec.cat\/ieslamallola\/wp-content\/uploads\/usu515\/2018\/10\/IMG_5606-1024x336.jpg 1024w\" sizes=\"auto, (max-width: 300px) 100vw, 300px\" \/><\/a>\n\t\t\t<\/div><\/figure><figure class='gallery-item'>\n\t\t\t<div class='gallery-icon landscape'>\n\t\t\t\t<a href='https:\/\/agora.xtec.cat\/ieslamallola\/general\/sortides-culturals-per-la-castanyada\/attachment\/img_5607\/'><img loading=\"lazy\" decoding=\"async\" width=\"300\" height=\"225\" src=\"https:\/\/agora.xtec.cat\/ieslamallola\/wp-content\/uploads\/usu515\/2018\/10\/IMG_5607-300x225.jpg\" class=\"attachment-medium size-medium\" alt=\"\" srcset=\"https:\/\/agora.xtec.cat\/ieslamallola\/wp-content\/uploads\/usu515\/2018\/10\/IMG_5607-300x225.jpg 300w, https:\/\/agora.xtec.cat\/ieslamallola\/wp-content\/uploads\/usu515\/2018\/10\/IMG_5607-768x576.jpg 768w, https:\/\/agora.xtec.cat\/ieslamallola\/wp-content\/uploads\/usu515\/2018\/10\/IMG_5607-1024x768.jpg 1024w, https:\/\/agora.xtec.cat\/ieslamallola\/wp-content\/uploads\/usu515\/2018\/10\/IMG_5607-200x150.jpg 200w, https:\/\/agora.xtec.cat\/ieslamallola\/wp-content\/uploads\/usu515\/2018\/10\/IMG_5607.jpg 1632w\" sizes=\"auto, (max-width: 300px) 100vw, 300px\" \/><\/a>\n\t\t\t<\/div><\/figure><figure class='gallery-item'>\n\t\t\t<div class='gallery-icon landscape'>\n\t\t\t\t<a href='https:\/\/agora.xtec.cat\/ieslamallola\/general\/sortides-culturals-per-la-castanyada\/attachment\/img_5608\/'><img loading=\"lazy\" decoding=\"async\" width=\"300\" height=\"168\" src=\"https:\/\/agora.xtec.cat\/ieslamallola\/wp-content\/uploads\/usu515\/2018\/10\/IMG_5608-300x168.jpg\" class=\"attachment-medium size-medium\" alt=\"\" srcset=\"https:\/\/agora.xtec.cat\/ieslamallola\/wp-content\/uploads\/usu515\/2018\/10\/IMG_5608-300x168.jpg 300w, https:\/\/agora.xtec.cat\/ieslamallola\/wp-content\/uploads\/usu515\/2018\/10\/IMG_5608-768x431.jpg 768w, https:\/\/agora.xtec.cat\/ieslamallola\/wp-content\/uploads\/usu515\/2018\/10\/IMG_5608-1024x575.jpg 1024w\" sizes=\"auto, (max-width: 300px) 100vw, 300px\" \/><\/a>\n\t\t\t<\/div><\/figure><figure class='gallery-item'>\n\t\t\t<div class='gallery-icon landscape'>\n\t\t\t\t<a href='https:\/\/agora.xtec.cat\/ieslamallola\/general\/sortides-culturals-per-la-castanyada\/attachment\/img_5609\/'><img loading=\"lazy\" decoding=\"async\" width=\"300\" height=\"225\" src=\"https:\/\/agora.xtec.cat\/ieslamallola\/wp-content\/uploads\/usu515\/2018\/10\/IMG_5609-300x225.jpg\" class=\"attachment-medium size-medium\" alt=\"\" srcset=\"https:\/\/agora.xtec.cat\/ieslamallola\/wp-content\/uploads\/usu515\/2018\/10\/IMG_5609-300x225.jpg 300w, https:\/\/agora.xtec.cat\/ieslamallola\/wp-content\/uploads\/usu515\/2018\/10\/IMG_5609-768x576.jpg 768w, https:\/\/agora.xtec.cat\/ieslamallola\/wp-content\/uploads\/usu515\/2018\/10\/IMG_5609-1024x768.jpg 1024w, https:\/\/agora.xtec.cat\/ieslamallola\/wp-content\/uploads\/usu515\/2018\/10\/IMG_5609-200x150.jpg 200w, https:\/\/agora.xtec.cat\/ieslamallola\/wp-content\/uploads\/usu515\/2018\/10\/IMG_5609.jpg 1632w\" sizes=\"auto, (max-width: 300px) 100vw, 300px\" \/><\/a>\n\t\t\t<\/div><\/figure><figure class='gallery-item'>\n\t\t\t<div class='gallery-icon landscape'>\n\t\t\t\t<a href='https:\/\/agora.xtec.cat\/ieslamallola\/general\/sortides-culturals-per-la-castanyada\/attachment\/img_5611\/'><img loading=\"lazy\" decoding=\"async\" width=\"300\" height=\"225\" src=\"https:\/\/agora.xtec.cat\/ieslamallola\/wp-content\/uploads\/usu515\/2018\/10\/IMG_5611-300x225.jpg\" class=\"attachment-medium size-medium\" alt=\"\" srcset=\"https:\/\/agora.xtec.cat\/ieslamallola\/wp-content\/uploads\/usu515\/2018\/10\/IMG_5611-300x225.jpg 300w, https:\/\/agora.xtec.cat\/ieslamallola\/wp-content\/uploads\/usu515\/2018\/10\/IMG_5611-768x576.jpg 768w, https:\/\/agora.xtec.cat\/ieslamallola\/wp-content\/uploads\/usu515\/2018\/10\/IMG_5611-200x150.jpg 200w, https:\/\/agora.xtec.cat\/ieslamallola\/wp-content\/uploads\/usu515\/2018\/10\/IMG_5611.jpg 816w\" sizes=\"auto, (max-width: 300px) 100vw, 300px\" \/><\/a>\n\t\t\t<\/div><\/figure><figure class='gallery-item'>\n\t\t\t<div class='gallery-icon landscape'>\n\t\t\t\t<a href='https:\/\/agora.xtec.cat\/ieslamallola\/general\/sortides-culturals-per-la-castanyada\/attachment\/img_5613\/'><img loading=\"lazy\" decoding=\"async\" width=\"300\" height=\"225\" src=\"https:\/\/agora.xtec.cat\/ieslamallola\/wp-content\/uploads\/usu515\/2018\/10\/IMG_5613-300x225.jpg\" class=\"attachment-medium size-medium\" alt=\"\" srcset=\"https:\/\/agora.xtec.cat\/ieslamallola\/wp-content\/uploads\/usu515\/2018\/10\/IMG_5613-300x225.jpg 300w, https:\/\/agora.xtec.cat\/ieslamallola\/wp-content\/uploads\/usu515\/2018\/10\/IMG_5613-768x576.jpg 768w, https:\/\/agora.xtec.cat\/ieslamallola\/wp-content\/uploads\/usu515\/2018\/10\/IMG_5613-200x150.jpg 200w, https:\/\/agora.xtec.cat\/ieslamallola\/wp-content\/uploads\/usu515\/2018\/10\/IMG_5613.jpg 816w\" sizes=\"auto, (max-width: 300px) 100vw, 300px\" \/><\/a>\n\t\t\t<\/div><\/figure><figure class='gallery-item'>\n\t\t\t<div class='gallery-icon landscape'>\n\t\t\t\t<a href='https:\/\/agora.xtec.cat\/ieslamallola\/general\/sortides-culturals-per-la-castanyada\/attachment\/img_5614\/'><img loading=\"lazy\" decoding=\"async\" width=\"300\" height=\"225\" src=\"https:\/\/agora.xtec.cat\/ieslamallola\/wp-content\/uploads\/usu515\/2018\/10\/IMG_5614-300x225.jpg\" class=\"attachment-medium size-medium\" alt=\"\" srcset=\"https:\/\/agora.xtec.cat\/ieslamallola\/wp-content\/uploads\/usu515\/2018\/10\/IMG_5614-300x225.jpg 300w, https:\/\/agora.xtec.cat\/ieslamallola\/wp-content\/uploads\/usu515\/2018\/10\/IMG_5614-768x576.jpg 768w, https:\/\/agora.xtec.cat\/ieslamallola\/wp-content\/uploads\/usu515\/2018\/10\/IMG_5614-200x150.jpg 200w, https:\/\/agora.xtec.cat\/ieslamallola\/wp-content\/uploads\/usu515\/2018\/10\/IMG_5614.jpg 816w\" sizes=\"auto, (max-width: 300px) 100vw, 300px\" \/><\/a>\n\t\t\t<\/div><\/figure><figure class='gallery-item'>\n\t\t\t<div class='gallery-icon landscape'>\n\t\t\t\t<a href='https:\/\/agora.xtec.cat\/ieslamallola\/general\/sortides-culturals-per-la-castanyada\/attachment\/img_5616\/'><img loading=\"lazy\" decoding=\"async\" width=\"300\" height=\"225\" src=\"https:\/\/agora.xtec.cat\/ieslamallola\/wp-content\/uploads\/usu515\/2018\/10\/IMG_5616-300x225.jpg\" class=\"attachment-medium size-medium\" alt=\"\" srcset=\"https:\/\/agora.xtec.cat\/ieslamallola\/wp-content\/uploads\/usu515\/2018\/10\/IMG_5616-300x225.jpg 300w, https:\/\/agora.xtec.cat\/ieslamallola\/wp-content\/uploads\/usu515\/2018\/10\/IMG_5616-768x576.jpg 768w, https:\/\/agora.xtec.cat\/ieslamallola\/wp-content\/uploads\/usu515\/2018\/10\/IMG_5616-200x150.jpg 200w, https:\/\/agora.xtec.cat\/ieslamallola\/wp-content\/uploads\/usu515\/2018\/10\/IMG_5616.jpg 816w\" sizes=\"auto, (max-width: 300px) 100vw, 300px\" \/><\/a>\n\t\t\t<\/div><\/figure><figure class='gallery-item'>\n\t\t\t<div class='gallery-icon landscape'>\n\t\t\t\t<a href='https:\/\/agora.xtec.cat\/ieslamallola\/general\/sortides-culturals-per-la-castanyada\/attachment\/img_5618\/'><img loading=\"lazy\" decoding=\"async\" width=\"300\" height=\"225\" src=\"https:\/\/agora.xtec.cat\/ieslamallola\/wp-content\/uploads\/usu515\/2018\/10\/IMG_5618-300x225.jpg\" class=\"attachment-medium size-medium\" alt=\"\" srcset=\"https:\/\/agora.xtec.cat\/ieslamallola\/wp-content\/uploads\/usu515\/2018\/10\/IMG_5618-300x225.jpg 300w, https:\/\/agora.xtec.cat\/ieslamallola\/wp-content\/uploads\/usu515\/2018\/10\/IMG_5618-200x150.jpg 200w, https:\/\/agora.xtec.cat\/ieslamallola\/wp-content\/uploads\/usu515\/2018\/10\/IMG_5618.jpg 640w\" sizes=\"auto, (max-width: 300px) 100vw, 300px\" \/><\/a>\n\t\t\t<\/div><\/figure><figure class='gallery-item'>\n\t\t\t<div class='gallery-icon landscape'>\n\t\t\t\t<a href='https:\/\/agora.xtec.cat\/ieslamallola\/general\/sortides-culturals-per-la-castanyada\/attachment\/img_5621\/'><img loading=\"lazy\" decoding=\"async\" width=\"300\" height=\"225\" src=\"https:\/\/agora.xtec.cat\/ieslamallola\/wp-content\/uploads\/usu515\/2018\/10\/IMG_5621-300x225.jpg\" class=\"attachment-medium size-medium\" alt=\"\" srcset=\"https:\/\/agora.xtec.cat\/ieslamallola\/wp-content\/uploads\/usu515\/2018\/10\/IMG_5621-300x225.jpg 300w, https:\/\/agora.xtec.cat\/ieslamallola\/wp-content\/uploads\/usu515\/2018\/10\/IMG_5621-768x576.jpg 768w, https:\/\/agora.xtec.cat\/ieslamallola\/wp-content\/uploads\/usu515\/2018\/10\/IMG_5621-1024x768.jpg 1024w, https:\/\/agora.xtec.cat\/ieslamallola\/wp-content\/uploads\/usu515\/2018\/10\/IMG_5621-200x150.jpg 200w, https:\/\/agora.xtec.cat\/ieslamallola\/wp-content\/uploads\/usu515\/2018\/10\/IMG_5621.jpg 1632w\" sizes=\"auto, (max-width: 300px) 100vw, 300px\" \/><\/a>\n\t\t\t<\/div><\/figure><figure class='gallery-item'>\n\t\t\t<div class='gallery-icon landscape'>\n\t\t\t\t<a href='https:\/\/agora.xtec.cat\/ieslamallola\/general\/sortides-culturals-per-la-castanyada\/attachment\/img_5623\/'><img loading=\"lazy\" decoding=\"async\" width=\"300\" height=\"225\" src=\"https:\/\/agora.xtec.cat\/ieslamallola\/wp-content\/uploads\/usu515\/2018\/10\/IMG_5623-300x225.jpg\" class=\"attachment-medium size-medium\" alt=\"\" srcset=\"https:\/\/agora.xtec.cat\/ieslamallola\/wp-content\/uploads\/usu515\/2018\/10\/IMG_5623-300x225.jpg 300w, https:\/\/agora.xtec.cat\/ieslamallola\/wp-content\/uploads\/usu515\/2018\/10\/IMG_5623-768x576.jpg 768w, https:\/\/agora.xtec.cat\/ieslamallola\/wp-content\/uploads\/usu515\/2018\/10\/IMG_5623-1024x768.jpg 1024w, https:\/\/agora.xtec.cat\/ieslamallola\/wp-content\/uploads\/usu515\/2018\/10\/IMG_5623-200x150.jpg 200w, https:\/\/agora.xtec.cat\/ieslamallola\/wp-content\/uploads\/usu515\/2018\/10\/IMG_5623.jpg 1632w\" sizes=\"auto, (max-width: 300px) 100vw, 300px\" \/><\/a>\n\t\t\t<\/div><\/figure><figure class='gallery-item'>\n\t\t\t<div class='gallery-icon landscape'>\n\t\t\t\t<a href='https:\/\/agora.xtec.cat\/ieslamallola\/general\/sortides-culturals-per-la-castanyada\/attachment\/img_5625\/'><img loading=\"lazy\" decoding=\"async\" width=\"300\" height=\"300\" src=\"https:\/\/agora.xtec.cat\/ieslamallola\/wp-content\/uploads\/usu515\/2018\/10\/IMG_5625-300x300.jpg\" class=\"attachment-medium size-medium\" alt=\"\" srcset=\"https:\/\/agora.xtec.cat\/ieslamallola\/wp-content\/uploads\/usu515\/2018\/10\/IMG_5625-300x300.jpg 300w, https:\/\/agora.xtec.cat\/ieslamallola\/wp-content\/uploads\/usu515\/2018\/10\/IMG_5625-150x150.jpg 150w, https:\/\/agora.xtec.cat\/ieslamallola\/wp-content\/uploads\/usu515\/2018\/10\/IMG_5625-768x768.jpg 768w, https:\/\/agora.xtec.cat\/ieslamallola\/wp-content\/uploads\/usu515\/2018\/10\/IMG_5625-1024x1024.jpg 1024w\" sizes=\"auto, (max-width: 300px) 100vw, 300px\" \/><\/a>\n\t\t\t<\/div><\/figure><figure class='gallery-item'>\n\t\t\t<div class='gallery-icon portrait'>\n\t\t\t\t<a href='https:\/\/agora.xtec.cat\/ieslamallola\/general\/sortides-culturals-per-la-castanyada\/attachment\/img_5629\/'><img loading=\"lazy\" decoding=\"async\" width=\"225\" height=\"300\" src=\"https:\/\/agora.xtec.cat\/ieslamallola\/wp-content\/uploads\/usu515\/2018\/10\/IMG_5629-225x300.jpg\" class=\"attachment-medium size-medium\" alt=\"\" srcset=\"https:\/\/agora.xtec.cat\/ieslamallola\/wp-content\/uploads\/usu515\/2018\/10\/IMG_5629-225x300.jpg 225w, https:\/\/agora.xtec.cat\/ieslamallola\/wp-content\/uploads\/usu515\/2018\/10\/IMG_5629-768x1024.jpg 768w, https:\/\/agora.xtec.cat\/ieslamallola\/wp-content\/uploads\/usu515\/2018\/10\/IMG_5629.jpg 1224w\" sizes=\"auto, (max-width: 225px) 100vw, 225px\" \/><\/a>\n\t\t\t<\/div><\/figure><figure class='gallery-item'>\n\t\t\t<div class='gallery-icon landscape'>\n\t\t\t\t<a href='https:\/\/agora.xtec.cat\/ieslamallola\/general\/sortides-culturals-per-la-castanyada\/attachment\/img_5637\/'><img loading=\"lazy\" decoding=\"async\" width=\"300\" height=\"225\" src=\"https:\/\/agora.xtec.cat\/ieslamallola\/wp-content\/uploads\/usu515\/2018\/10\/IMG_5637-300x225.jpg\" class=\"attachment-medium size-medium\" alt=\"\" srcset=\"https:\/\/agora.xtec.cat\/ieslamallola\/wp-content\/uploads\/usu515\/2018\/10\/IMG_5637-300x225.jpg 300w, https:\/\/agora.xtec.cat\/ieslamallola\/wp-content\/uploads\/usu515\/2018\/10\/IMG_5637-768x576.jpg 768w, https:\/\/agora.xtec.cat\/ieslamallola\/wp-content\/uploads\/usu515\/2018\/10\/IMG_5637-1024x768.jpg 1024w, https:\/\/agora.xtec.cat\/ieslamallola\/wp-content\/uploads\/usu515\/2018\/10\/IMG_5637-200x150.jpg 200w, https:\/\/agora.xtec.cat\/ieslamallola\/wp-content\/uploads\/usu515\/2018\/10\/IMG_5637.jpg 1632w\" sizes=\"auto, (max-width: 300px) 100vw, 300px\" \/><\/a>\n\t\t\t<\/div><\/figure><figure class='gallery-item'>\n\t\t\t<div class='gallery-icon landscape'>\n\t\t\t\t<a href='https:\/\/agora.xtec.cat\/ieslamallola\/general\/sortides-culturals-per-la-castanyada\/attachment\/img_5638\/'><img loading=\"lazy\" decoding=\"async\" width=\"300\" height=\"225\" src=\"https:\/\/agora.xtec.cat\/ieslamallola\/wp-content\/uploads\/usu515\/2018\/10\/IMG_5638-300x225.jpg\" class=\"attachment-medium size-medium\" alt=\"\" srcset=\"https:\/\/agora.xtec.cat\/ieslamallola\/wp-content\/uploads\/usu515\/2018\/10\/IMG_5638-300x225.jpg 300w, https:\/\/agora.xtec.cat\/ieslamallola\/wp-content\/uploads\/usu515\/2018\/10\/IMG_5638-768x576.jpg 768w, https:\/\/agora.xtec.cat\/ieslamallola\/wp-content\/uploads\/usu515\/2018\/10\/IMG_5638-1024x768.jpg 1024w, https:\/\/agora.xtec.cat\/ieslamallola\/wp-content\/uploads\/usu515\/2018\/10\/IMG_5638-200x150.jpg 200w, https:\/\/agora.xtec.cat\/ieslamallola\/wp-content\/uploads\/usu515\/2018\/10\/IMG_5638.jpg 1632w\" sizes=\"auto, (max-width: 300px) 100vw, 300px\" \/><\/a>\n\t\t\t<\/div><\/figure><figure class='gallery-item'>\n\t\t\t<div class='gallery-icon landscape'>\n\t\t\t\t<a href='https:\/\/agora.xtec.cat\/ieslamallola\/general\/sortides-culturals-per-la-castanyada\/attachment\/img_5639\/'><img loading=\"lazy\" decoding=\"async\" width=\"300\" height=\"225\" src=\"https:\/\/agora.xtec.cat\/ieslamallola\/wp-content\/uploads\/usu515\/2018\/10\/IMG_5639-300x225.jpg\" class=\"attachment-medium size-medium\" alt=\"\" srcset=\"https:\/\/agora.xtec.cat\/ieslamallola\/wp-content\/uploads\/usu515\/2018\/10\/IMG_5639-300x225.jpg 300w, https:\/\/agora.xtec.cat\/ieslamallola\/wp-content\/uploads\/usu515\/2018\/10\/IMG_5639-768x576.jpg 768w, https:\/\/agora.xtec.cat\/ieslamallola\/wp-content\/uploads\/usu515\/2018\/10\/IMG_5639-1024x768.jpg 1024w, https:\/\/agora.xtec.cat\/ieslamallola\/wp-content\/uploads\/usu515\/2018\/10\/IMG_5639-200x150.jpg 200w, https:\/\/agora.xtec.cat\/ieslamallola\/wp-content\/uploads\/usu515\/2018\/10\/IMG_5639.jpg 1632w\" sizes=\"auto, (max-width: 300px) 100vw, 300px\" \/><\/a>\n\t\t\t<\/div><\/figure><figure class='gallery-item'>\n\t\t\t<div class='gallery-icon landscape'>\n\t\t\t\t<a href='https:\/\/agora.xtec.cat\/ieslamallola\/general\/sortides-culturals-per-la-castanyada\/attachment\/img_5640\/'><img loading=\"lazy\" decoding=\"async\" width=\"300\" height=\"225\" src=\"https:\/\/agora.xtec.cat\/ieslamallola\/wp-content\/uploads\/usu515\/2018\/10\/IMG_5640-300x225.jpg\" class=\"attachment-medium size-medium\" alt=\"\" srcset=\"https:\/\/agora.xtec.cat\/ieslamallola\/wp-content\/uploads\/usu515\/2018\/10\/IMG_5640-300x225.jpg 300w, https:\/\/agora.xtec.cat\/ieslamallola\/wp-content\/uploads\/usu515\/2018\/10\/IMG_5640-768x576.jpg 768w, https:\/\/agora.xtec.cat\/ieslamallola\/wp-content\/uploads\/usu515\/2018\/10\/IMG_5640-1024x768.jpg 1024w, https:\/\/agora.xtec.cat\/ieslamallola\/wp-content\/uploads\/usu515\/2018\/10\/IMG_5640-200x150.jpg 200w, https:\/\/agora.xtec.cat\/ieslamallola\/wp-content\/uploads\/usu515\/2018\/10\/IMG_5640.jpg 1632w\" sizes=\"auto, (max-width: 300px) 100vw, 300px\" \/><\/a>\n\t\t\t<\/div><\/figure><figure class='gallery-item'>\n\t\t\t<div class='gallery-icon portrait'>\n\t\t\t\t<a href='https:\/\/agora.xtec.cat\/ieslamallola\/general\/sortides-culturals-per-la-castanyada\/attachment\/img_5641\/'><img loading=\"lazy\" decoding=\"async\" width=\"225\" height=\"300\" src=\"https:\/\/agora.xtec.cat\/ieslamallola\/wp-content\/uploads\/usu515\/2018\/10\/IMG_5641-225x300.jpg\" class=\"attachment-medium size-medium\" alt=\"\" srcset=\"https:\/\/agora.xtec.cat\/ieslamallola\/wp-content\/uploads\/usu515\/2018\/10\/IMG_5641-225x300.jpg 225w, https:\/\/agora.xtec.cat\/ieslamallola\/wp-content\/uploads\/usu515\/2018\/10\/IMG_5641-768x1024.jpg 768w, https:\/\/agora.xtec.cat\/ieslamallola\/wp-content\/uploads\/usu515\/2018\/10\/IMG_5641.jpg 1224w\" sizes=\"auto, (max-width: 225px) 100vw, 225px\" \/><\/a>\n\t\t\t<\/div><\/figure><figure class='gallery-item'>\n\t\t\t<div class='gallery-icon landscape'>\n\t\t\t\t<a href='https:\/\/agora.xtec.cat\/ieslamallola\/general\/sortides-culturals-per-la-castanyada\/attachment\/img_5643\/'><img loading=\"lazy\" decoding=\"async\" width=\"300\" height=\"225\" src=\"https:\/\/agora.xtec.cat\/ieslamallola\/wp-content\/uploads\/usu515\/2018\/10\/IMG_5643-300x225.jpg\" class=\"attachment-medium size-medium\" alt=\"\" srcset=\"https:\/\/agora.xtec.cat\/ieslamallola\/wp-content\/uploads\/usu515\/2018\/10\/IMG_5643-300x225.jpg 300w, https:\/\/agora.xtec.cat\/ieslamallola\/wp-content\/uploads\/usu515\/2018\/10\/IMG_5643-768x576.jpg 768w, https:\/\/agora.xtec.cat\/ieslamallola\/wp-content\/uploads\/usu515\/2018\/10\/IMG_5643-1024x768.jpg 1024w, https:\/\/agora.xtec.cat\/ieslamallola\/wp-content\/uploads\/usu515\/2018\/10\/IMG_5643-200x150.jpg 200w, https:\/\/agora.xtec.cat\/ieslamallola\/wp-content\/uploads\/usu515\/2018\/10\/IMG_5643.jpg 1632w\" sizes=\"auto, (max-width: 300px) 100vw, 300px\" \/><\/a>\n\t\t\t<\/div><\/figure><figure class='gallery-item'>\n\t\t\t<div class='gallery-icon landscape'>\n\t\t\t\t<a href='https:\/\/agora.xtec.cat\/ieslamallola\/general\/sortides-culturals-per-la-castanyada\/attachment\/img_5645\/'><img loading=\"lazy\" decoding=\"async\" width=\"300\" height=\"225\" src=\"https:\/\/agora.xtec.cat\/ieslamallola\/wp-content\/uploads\/usu515\/2018\/10\/IMG_5645-300x225.jpg\" class=\"attachment-medium size-medium\" alt=\"\" srcset=\"https:\/\/agora.xtec.cat\/ieslamallola\/wp-content\/uploads\/usu515\/2018\/10\/IMG_5645-300x225.jpg 300w, https:\/\/agora.xtec.cat\/ieslamallola\/wp-content\/uploads\/usu515\/2018\/10\/IMG_5645-768x576.jpg 768w, https:\/\/agora.xtec.cat\/ieslamallola\/wp-content\/uploads\/usu515\/2018\/10\/IMG_5645-1024x768.jpg 1024w, https:\/\/agora.xtec.cat\/ieslamallola\/wp-content\/uploads\/usu515\/2018\/10\/IMG_5645-200x150.jpg 200w, https:\/\/agora.xtec.cat\/ieslamallola\/wp-content\/uploads\/usu515\/2018\/10\/IMG_5645.jpg 1632w\" sizes=\"auto, (max-width: 300px) 100vw, 300px\" \/><\/a>\n\t\t\t<\/div><\/figure><figure class='gallery-item'>\n\t\t\t<div class='gallery-icon portrait'>\n\t\t\t\t<a href='https:\/\/agora.xtec.cat\/ieslamallola\/general\/sortides-culturals-per-la-castanyada\/attachment\/img_5647\/'><img loading=\"lazy\" decoding=\"async\" width=\"225\" height=\"300\" src=\"https:\/\/agora.xtec.cat\/ieslamallola\/wp-content\/uploads\/usu515\/2018\/10\/IMG_5647-225x300.jpg\" class=\"attachment-medium size-medium\" alt=\"\" srcset=\"https:\/\/agora.xtec.cat\/ieslamallola\/wp-content\/uploads\/usu515\/2018\/10\/IMG_5647-225x300.jpg 225w, https:\/\/agora.xtec.cat\/ieslamallola\/wp-content\/uploads\/usu515\/2018\/10\/IMG_5647-768x1024.jpg 768w, https:\/\/agora.xtec.cat\/ieslamallola\/wp-content\/uploads\/usu515\/2018\/10\/IMG_5647.jpg 1224w\" sizes=\"auto, (max-width: 225px) 100vw, 225px\" \/><\/a>\n\t\t\t<\/div><\/figure><figure class='gallery-item'>\n\t\t\t<div class='gallery-icon landscape'>\n\t\t\t\t<a href='https:\/\/agora.xtec.cat\/ieslamallola\/general\/sortides-culturals-per-la-castanyada\/attachment\/img_5648\/'><img loading=\"lazy\" decoding=\"async\" width=\"300\" height=\"225\" src=\"https:\/\/agora.xtec.cat\/ieslamallola\/wp-content\/uploads\/usu515\/2018\/10\/IMG_5648-300x225.jpg\" class=\"attachment-medium size-medium\" alt=\"\" srcset=\"https:\/\/agora.xtec.cat\/ieslamallola\/wp-content\/uploads\/usu515\/2018\/10\/IMG_5648-300x225.jpg 300w, https:\/\/agora.xtec.cat\/ieslamallola\/wp-content\/uploads\/usu515\/2018\/10\/IMG_5648-768x576.jpg 768w, https:\/\/agora.xtec.cat\/ieslamallola\/wp-content\/uploads\/usu515\/2018\/10\/IMG_5648-1024x768.jpg 1024w, https:\/\/agora.xtec.cat\/ieslamallola\/wp-content\/uploads\/usu515\/2018\/10\/IMG_5648-200x150.jpg 200w, https:\/\/agora.xtec.cat\/ieslamallola\/wp-content\/uploads\/usu515\/2018\/10\/IMG_5648.jpg 1632w\" sizes=\"auto, (max-width: 300px) 100vw, 300px\" \/><\/a>\n\t\t\t<\/div><\/figure><figure class='gallery-item'>\n\t\t\t<div class='gallery-icon landscape'>\n\t\t\t\t<a href='https:\/\/agora.xtec.cat\/ieslamallola\/general\/sortides-culturals-per-la-castanyada\/attachment\/img_5653\/'><img loading=\"lazy\" decoding=\"async\" width=\"300\" height=\"225\" src=\"https:\/\/agora.xtec.cat\/ieslamallola\/wp-content\/uploads\/usu515\/2018\/10\/IMG_5653-300x225.jpg\" class=\"attachment-medium size-medium\" alt=\"\" srcset=\"https:\/\/agora.xtec.cat\/ieslamallola\/wp-content\/uploads\/usu515\/2018\/10\/IMG_5653-300x225.jpg 300w, https:\/\/agora.xtec.cat\/ieslamallola\/wp-content\/uploads\/usu515\/2018\/10\/IMG_5653-200x150.jpg 200w, https:\/\/agora.xtec.cat\/ieslamallola\/wp-content\/uploads\/usu515\/2018\/10\/IMG_5653.jpg 640w\" sizes=\"auto, (max-width: 300px) 100vw, 300px\" \/><\/a>\n\t\t\t<\/div><\/figure><figure class='gallery-item'>\n\t\t\t<div class='gallery-icon landscape'>\n\t\t\t\t<a href='https:\/\/agora.xtec.cat\/ieslamallola\/general\/sortides-culturals-per-la-castanyada\/attachment\/img_5654\/'><img loading=\"lazy\" decoding=\"async\" width=\"300\" height=\"225\" src=\"https:\/\/agora.xtec.cat\/ieslamallola\/wp-content\/uploads\/usu515\/2018\/10\/IMG_5654-300x225.jpg\" class=\"attachment-medium size-medium\" alt=\"\" srcset=\"https:\/\/agora.xtec.cat\/ieslamallola\/wp-content\/uploads\/usu515\/2018\/10\/IMG_5654-300x225.jpg 300w, https:\/\/agora.xtec.cat\/ieslamallola\/wp-content\/uploads\/usu515\/2018\/10\/IMG_5654-768x576.jpg 768w, https:\/\/agora.xtec.cat\/ieslamallola\/wp-content\/uploads\/usu515\/2018\/10\/IMG_5654-1024x768.jpg 1024w, https:\/\/agora.xtec.cat\/ieslamallola\/wp-content\/uploads\/usu515\/2018\/10\/IMG_5654-200x150.jpg 200w, https:\/\/agora.xtec.cat\/ieslamallola\/wp-content\/uploads\/usu515\/2018\/10\/IMG_5654.jpg 1632w\" sizes=\"auto, (max-width: 300px) 100vw, 300px\" \/><\/a>\n\t\t\t<\/div><\/figure><figure class='gallery-item'>\n\t\t\t<div class='gallery-icon landscape'>\n\t\t\t\t<a href='https:\/\/agora.xtec.cat\/ieslamallola\/general\/sortides-culturals-per-la-castanyada\/attachment\/img_5655\/'><img loading=\"lazy\" decoding=\"async\" width=\"300\" height=\"225\" src=\"https:\/\/agora.xtec.cat\/ieslamallola\/wp-content\/uploads\/usu515\/2018\/10\/IMG_5655-300x225.jpg\" class=\"attachment-medium size-medium\" alt=\"\" srcset=\"https:\/\/agora.xtec.cat\/ieslamallola\/wp-content\/uploads\/usu515\/2018\/10\/IMG_5655-300x225.jpg 300w, https:\/\/agora.xtec.cat\/ieslamallola\/wp-content\/uploads\/usu515\/2018\/10\/IMG_5655-768x576.jpg 768w, https:\/\/agora.xtec.cat\/ieslamallola\/wp-content\/uploads\/usu515\/2018\/10\/IMG_5655-1024x768.jpg 1024w, https:\/\/agora.xtec.cat\/ieslamallola\/wp-content\/uploads\/usu515\/2018\/10\/IMG_5655-200x150.jpg 200w, https:\/\/agora.xtec.cat\/ieslamallola\/wp-content\/uploads\/usu515\/2018\/10\/IMG_5655.jpg 1632w\" sizes=\"auto, (max-width: 300px) 100vw, 300px\" \/><\/a>\n\t\t\t<\/div><\/figure><figure class='gallery-item'>\n\t\t\t<div class='gallery-icon landscape'>\n\t\t\t\t<a href='https:\/\/agora.xtec.cat\/ieslamallola\/general\/sortides-culturals-per-la-castanyada\/attachment\/img_5656\/'><img loading=\"lazy\" decoding=\"async\" width=\"300\" height=\"225\" src=\"https:\/\/agora.xtec.cat\/ieslamallola\/wp-content\/uploads\/usu515\/2018\/10\/IMG_5656-300x225.jpg\" class=\"attachment-medium size-medium\" alt=\"\" srcset=\"https:\/\/agora.xtec.cat\/ieslamallola\/wp-content\/uploads\/usu515\/2018\/10\/IMG_5656-300x225.jpg 300w, https:\/\/agora.xtec.cat\/ieslamallola\/wp-content\/uploads\/usu515\/2018\/10\/IMG_5656-768x576.jpg 768w, https:\/\/agora.xtec.cat\/ieslamallola\/wp-content\/uploads\/usu515\/2018\/10\/IMG_5656-1024x768.jpg 1024w, https:\/\/agora.xtec.cat\/ieslamallola\/wp-content\/uploads\/usu515\/2018\/10\/IMG_5656-200x150.jpg 200w, https:\/\/agora.xtec.cat\/ieslamallola\/wp-content\/uploads\/usu515\/2018\/10\/IMG_5656.jpg 1632w\" sizes=\"auto, (max-width: 300px) 100vw, 300px\" \/><\/a>\n\t\t\t<\/div><\/figure>\n\t\t<\/div>\n\n<p><iframe loading=\"lazy\" src=\"https:\/\/www.youtube.com\/embed\/Prk-2CzxF4U\" width=\"640\" height=\"360\" frameborder=\"0\" allowfullscreen=\"allowfullscreen\"><\/iframe><\/p>\n","protected":false},"excerpt":{"rendered":"<p>Dimarts 23 d&#8217;octubre vam fer les sortides corresponents a la castanyada<\/p>\n","protected":false},"author":1,"featured_media":1748,"comment_status":"open","ping_status":"closed","sticky":false,"template":"","format":"standard","meta":{"_bbp_topic_count":0,"_bbp_reply_count":0,"_bbp_total_topic_count":0,"_bbp_total_reply_count":0,"_bbp_voice_count":0,"_bbp_anonymous_reply_count":0,"_bbp_topic_count_hidden":0,"_bbp_reply_count_hidden":0,"_bbp_forum_subforum_count":0,"site-sidebar-layout":"default","site-content-layout":"","ast-site-content-layout":"","site-content-style":"default","site-sidebar-style":"default","ast-global-header-display":"","ast-banner-title-visibility":"","ast-main-header-display":"","ast-hfb-above-header-display":"","ast-hfb-below-header-display":"","ast-hfb-mobile-header-display":"","site-post-title":"","ast-breadcrumbs-content":"","ast-featured-img":"","footer-sml-layout":"","theme-transparent-header-meta":"","adv-header-id-meta":"","stick-header-meta":"","header-above-stick-meta":"","header-main-stick-meta":"","header-below-stick-meta":"","astra-migrate-meta-layouts":"default","ast-page-background-enabled":"default","ast-page-background-meta":{"desktop":{"background-color":"var(--ast-global-color-4)","background-image":"","background-repeat":"repeat","background-position":"center center","background-size":"auto","background-attachment":"scroll","background-type":"","background-media":"","overlay-type":"","overlay-color":"","overlay-opacity":"","overlay-gradient":""},"tablet":{"background-color":"","background-image":"","background-repeat":"repeat","background-position":"center center","background-size":"auto","background-attachment":"scroll","background-type":"","background-media":"","overlay-type":"","overlay-color":"","overlay-opacity":"","overlay-gradient":""},"mobile":{"background-color":"","background-image":"","background-repeat":"repeat","background-position":"center center","background-size":"auto","background-attachment":"scroll","background-type":"","background-media":"","overlay-type":"","overlay-color":"","overlay-opacity":"","overlay-gradient":""}},"ast-content-background-meta":{"desktop":{"background-color":"var(--ast-global-color-5)","background-image":"","background-repeat":"repeat","background-position":"center center","background-size":"auto","background-attachment":"scroll","background-type":"","background-media":"","overlay-type":"","overlay-color":"","overlay-opacity":"","overlay-gradient":""},"tablet":{"background-color":"var(--ast-global-color-5)","background-image":"","background-repeat":"repeat","background-position":"center center","background-size":"auto","background-attachment":"scroll","background-type":"","background-media":"","overlay-type":"","overlay-color":"","overlay-opacity":"","overlay-gradient":""},"mobile":{"background-color":"var(--ast-global-color-5)","background-image":"","background-repeat":"repeat","background-position":"center center","background-size":"auto","background-attachment":"scroll","background-type":"","background-media":"","overlay-type":"","overlay-color":"","overlay-opacity":"","overlay-gradient":""}},"footnotes":""},"categories":[1,29],"tags":[],"class_list":["post-1746","post","type-post","status-publish","format-standard","has-post-thumbnail","hentry","category-general","category-portada"],"post_mailing_queue_ids":[],"_links":{"self":[{"href":"https:\/\/agora.xtec.cat\/ieslamallola\/wp-json\/wp\/v2\/posts\/1746","targetHints":{"allow":["GET"]}}],"collection":[{"href":"https:\/\/agora.xtec.cat\/ieslamallola\/wp-json\/wp\/v2\/posts"}],"about":[{"href":"https:\/\/agora.xtec.cat\/ieslamallola\/wp-json\/wp\/v2\/types\/post"}],"author":[{"embeddable":true,"href":"https:\/\/agora.xtec.cat\/ieslamallola\/wp-json\/wp\/v2\/users\/1"}],"replies":[{"embeddable":true,"href":"https:\/\/agora.xtec.cat\/ieslamallola\/wp-json\/wp\/v2\/comments?post=1746"}],"version-history":[{"count":4,"href":"https:\/\/agora.xtec.cat\/ieslamallola\/wp-json\/wp\/v2\/posts\/1746\/revisions"}],"predecessor-version":[{"id":1847,"href":"https:\/\/agora.xtec.cat\/ieslamallola\/wp-json\/wp\/v2\/posts\/1746\/revisions\/1847"}],"wp:featuredmedia":[{"embeddable":true,"href":"https:\/\/agora.xtec.cat\/ieslamallola\/wp-json\/wp\/v2\/media\/1748"}],"wp:attachment":[{"href":"https:\/\/agora.xtec.cat\/ieslamallola\/wp-json\/wp\/v2\/media?parent=1746"}],"wp:term":[{"taxonomy":"category","embeddable":true,"href":"https:\/\/agora.xtec.cat\/ieslamallola\/wp-json\/wp\/v2\/categories?post=1746"},{"taxonomy":"post_tag","embeddable":true,"href":"https:\/\/agora.xtec.cat\/ieslamallola\/wp-json\/wp\/v2\/tags?post=1746"}],"curies":[{"name":"wp","href":"https:\/\/api.w.org\/{rel}","templated":true}]}}