{"id":1453,"date":"2018-05-09T13:42:37","date_gmt":"2018-05-09T11:42:37","guid":{"rendered":"http:\/\/agora.xtec.cat\/ieslamallola\/?p=1453"},"modified":"2018-05-11T10:30:44","modified_gmt":"2018-05-11T08:30:44","slug":"mes-falques-radiofoniques","status":"publish","type":"post","link":"https:\/\/agora.xtec.cat\/ieslamallola\/eso\/mes-falques-radiofoniques\/","title":{"rendered":"M\u00e9s falques radiof\u00f2niques!"},"content":{"rendered":"<p>Aqu\u00ed teniu les falques radiof\u00f2niques que han fet els alumnes de 3r C Flex. Esperem que us agradin tant com ens han agradat a nosaltres!<\/p>\n<p>Grup 1: Ivet Castro, Oussama Harakate i David Moya<\/p>\n<!--[if lt IE 9]><script>document.createElement('audio');<\/script><![endif]-->\n<audio class=\"wp-audio-shortcode\" id=\"audio-1453-1\" preload=\"none\" style=\"width: 100%;\" controls=\"controls\"><source type=\"audio\/mpeg\" src=\"http:\/\/agora.xtec.cat\/ieslamallola\/wp-content\/uploads\/usu515\/2018\/05\/falca-radiof\u00f2nica-david-oussama-i-ivet-1.mp3?_=1\" \/><a href=\"http:\/\/agora.xtec.cat\/ieslamallola\/wp-content\/uploads\/usu515\/2018\/05\/falca-radiof\u00f2nica-david-oussama-i-ivet-1.mp3\">http:\/\/agora.xtec.cat\/ieslamallola\/wp-content\/uploads\/usu515\/2018\/05\/falca-radiof\u00f2nica-david-oussama-i-ivet-1.mp3<\/a><\/audio>\n<p>Grup 2:\u00a0Daniel C\u00e1rdenas,\u00a0Hugo Correyero i Manuela Yovanovich<\/p>\n<audio class=\"wp-audio-shortcode\" id=\"audio-1453-2\" preload=\"none\" style=\"width: 100%;\" controls=\"controls\"><source type=\"audio\/mpeg\" src=\"http:\/\/agora.xtec.cat\/ieslamallola\/wp-content\/uploads\/usu515\/2018\/05\/Empord\u00e0-Hugo-Dani-Manuela-1.mp3?_=2\" \/><a href=\"http:\/\/agora.xtec.cat\/ieslamallola\/wp-content\/uploads\/usu515\/2018\/05\/Empord\u00e0-Hugo-Dani-Manuela-1.mp3\">http:\/\/agora.xtec.cat\/ieslamallola\/wp-content\/uploads\/usu515\/2018\/05\/Empord\u00e0-Hugo-Dani-Manuela-1.mp3<\/a><\/audio>\n","protected":false},"excerpt":{"rendered":"<p>Aqu\u00ed teniu les falques radiof\u00f2niques que han fet els alumnes de 3r C Flex. Esperem que us agradin tant com ens han agradat a nosaltres! Grup 1: Ivet Castro, Oussama Harakate i David Moya Grup 2:\u00a0Daniel C\u00e1rdenas,\u00a0Hugo Correyero i Manuela Yovanovich<\/p>\n","protected":false},"author":1,"featured_media":0,"comment_status":"open","ping_status":"closed","sticky":false,"template":"","format":"standard","meta":{"_bbp_topic_count":0,"_bbp_reply_count":0,"_bbp_total_topic_count":0,"_bbp_total_reply_count":0,"_bbp_voice_count":0,"_bbp_anonymous_reply_count":0,"_bbp_topic_count_hidden":0,"_bbp_reply_count_hidden":0,"_bbp_forum_subforum_count":0,"site-sidebar-layout":"default","site-content-layout":"","ast-site-content-layout":"","site-content-style":"default","site-sidebar-style":"default","ast-global-header-display":"","ast-banner-title-visibility":"","ast-main-header-display":"","ast-hfb-above-header-display":"","ast-hfb-below-header-display":"","ast-hfb-mobile-header-display":"","site-post-title":"","ast-breadcrumbs-content":"","ast-featured-img":"","footer-sml-layout":"","theme-transparent-header-meta":"","adv-header-id-meta":"","stick-header-meta":"","header-above-stick-meta":"","header-main-stick-meta":"","header-below-stick-meta":"","astra-migrate-meta-layouts":"default","ast-page-background-enabled":"default","ast-page-background-meta":{"desktop":{"background-color":"var(--ast-global-color-4)","background-image":"","background-repeat":"repeat","background-position":"center center","background-size":"auto","background-attachment":"scroll","background-type":"","background-media":"","overlay-type":"","overlay-color":"","overlay-opacity":"","overlay-gradient":""},"tablet":{"background-color":"","background-image":"","background-repeat":"repeat","background-position":"center center","background-size":"auto","background-attachment":"scroll","background-type":"","background-media":"","overlay-type":"","overlay-color":"","overlay-opacity":"","overlay-gradient":""},"mobile":{"background-color":"","background-image":"","background-repeat":"repeat","background-position":"center center","background-size":"auto","background-attachment":"scroll","background-type":"","background-media":"","overlay-type":"","overlay-color":"","overlay-opacity":"","overlay-gradient":""}},"ast-content-background-meta":{"desktop":{"background-color":"var(--ast-global-color-5)","background-image":"","background-repeat":"repeat","background-position":"center center","background-size":"auto","background-attachment":"scroll","background-type":"","background-media":"","overlay-type":"","overlay-color":"","overlay-opacity":"","overlay-gradient":""},"tablet":{"background-color":"var(--ast-global-color-5)","background-image":"","background-repeat":"repeat","background-position":"center center","background-size":"auto","background-attachment":"scroll","background-type":"","background-media":"","overlay-type":"","overlay-color":"","overlay-opacity":"","overlay-gradient":""},"mobile":{"background-color":"var(--ast-global-color-5)","background-image":"","background-repeat":"repeat","background-position":"center center","background-size":"auto","background-attachment":"scroll","background-type":"","background-media":"","overlay-type":"","overlay-color":"","overlay-opacity":"","overlay-gradient":""}},"footnotes":""},"categories":[3,29],"tags":[90],"class_list":["post-1453","post","type-post","status-publish","format-standard","hentry","category-eso","category-portada","tag-avancem"],"post_mailing_queue_ids":[],"_links":{"self":[{"href":"https:\/\/agora.xtec.cat\/ieslamallola\/wp-json\/wp\/v2\/posts\/1453","targetHints":{"allow":["GET"]}}],"collection":[{"href":"https:\/\/agora.xtec.cat\/ieslamallola\/wp-json\/wp\/v2\/posts"}],"about":[{"href":"https:\/\/agora.xtec.cat\/ieslamallola\/wp-json\/wp\/v2\/types\/post"}],"author":[{"embeddable":true,"href":"https:\/\/agora.xtec.cat\/ieslamallola\/wp-json\/wp\/v2\/users\/1"}],"replies":[{"embeddable":true,"href":"https:\/\/agora.xtec.cat\/ieslamallola\/wp-json\/wp\/v2\/comments?post=1453"}],"version-history":[{"count":3,"href":"https:\/\/agora.xtec.cat\/ieslamallola\/wp-json\/wp\/v2\/posts\/1453\/revisions"}],"predecessor-version":[{"id":1482,"href":"https:\/\/agora.xtec.cat\/ieslamallola\/wp-json\/wp\/v2\/posts\/1453\/revisions\/1482"}],"wp:attachment":[{"href":"https:\/\/agora.xtec.cat\/ieslamallola\/wp-json\/wp\/v2\/media?parent=1453"}],"wp:term":[{"taxonomy":"category","embeddable":true,"href":"https:\/\/agora.xtec.cat\/ieslamallola\/wp-json\/wp\/v2\/categories?post=1453"},{"taxonomy":"post_tag","embeddable":true,"href":"https:\/\/agora.xtec.cat\/ieslamallola\/wp-json\/wp\/v2\/tags?post=1453"}],"curies":[{"name":"wp","href":"https:\/\/api.w.org\/{rel}","templated":true}]}}