{"id":1321,"date":"2018-04-19T10:04:13","date_gmt":"2018-04-19T08:04:13","guid":{"rendered":"http:\/\/agora.xtec.cat\/ieslamallola\/?p=1321"},"modified":"2018-04-19T14:58:51","modified_gmt":"2018-04-19T12:58:51","slug":"lhort-a-linstitut-amb-el-bon-temps-comencem-la-collita","status":"publish","type":"post","link":"https:\/\/agora.xtec.cat\/ieslamallola\/general\/lhort-a-linstitut-amb-el-bon-temps-comencem-la-collita\/","title":{"rendered":"L&#8217;Hort a l&#8217;institut: Amb el bon temps, comencem la collita"},"content":{"rendered":"<p>Afegim alguns refranys populars del mes d&#8217;abril:<\/p>\n<p>Per Sant Jordi, garbes d\u2019ordi.<br \/>\nPer Sant Just i Pastor, tenen les nous ja sabor.<br \/>\nAbrils i senyors, tots tra\u00efdors.<br \/>\nPluja d\u2019abril i sol de tardor, solen fer l\u2019any millor.<br \/>\nA l\u2019abril, aig\u00fces mil.<br \/>\nSi l\u2019abril fa llot, no es perdr\u00e0 tot.<br \/>\nSi el tres d\u2019abril el puput no ha cantat, o \u00e9s mut o \u00e9s enterrat.<br \/>\nPer l\u2019abril, no et treguis un fil.<br \/>\nTrona l\u2019abril, ve bon estiu.<br \/>\nPer Sant Jordi, espiga l\u2019ordi. Per Sant Marc, espiga el blat.<br \/>\nSi no vols menjar sopes tot l\u2019estiu, sembra p\u00e8sols per l\u2019abril.<br \/>\nMar\u00e7 vent\u00f3s i abril pluj\u00f3s, fan el maig florit i herm\u00f3s.<br \/>\nAbril finat, hivern acabat.<br \/>\nSant Marc evangelista, maig a la vista.<br \/>\nSi per l\u2019abril sents tronar, ordi i blat no faltar\u00e0.<br \/>\nPer Sant Francesc sembra el blat, si no el tenies sembrat.<br \/>\nSi no plou per Sant Jordi, tururut ordi.<br \/>\nPer l\u2019abril arrenca un card i en neixeran mil.<br \/>\nA l\u2019abril, cada gota val per mil.<br \/>\n<a href=\"http:\/\/agora.xtec.cat\/ieslamallola\/wp-content\/uploads\/usu515\/2018\/04\/20180419_114438_HDR.jpg\"><img loading=\"lazy\" decoding=\"async\" class=\"alignnone size-large wp-image-1334\" src=\"http:\/\/agora.xtec.cat\/ieslamallola\/wp-content\/uploads\/usu515\/2018\/04\/20180419_114438_HDR-1024x768.jpg\" alt=\"\" width=\"1024\" height=\"768\" srcset=\"https:\/\/agora.xtec.cat\/ieslamallola\/wp-content\/uploads\/usu515\/2018\/04\/20180419_114438_HDR-1024x768.jpg 1024w, https:\/\/agora.xtec.cat\/ieslamallola\/wp-content\/uploads\/usu515\/2018\/04\/20180419_114438_HDR-300x225.jpg 300w, https:\/\/agora.xtec.cat\/ieslamallola\/wp-content\/uploads\/usu515\/2018\/04\/20180419_114438_HDR-768x576.jpg 768w, https:\/\/agora.xtec.cat\/ieslamallola\/wp-content\/uploads\/usu515\/2018\/04\/20180419_114438_HDR-200x150.jpg 200w\" sizes=\"auto, (max-width: 1024px) 100vw, 1024px\" \/><\/a><\/p>\n<div id='gallery-1' class='gallery galleryid-1321 gallery-columns-3 gallery-size-medium'><figure class='gallery-item'>\n\t\t\t<div class='gallery-icon portrait'>\n\t\t\t\t<a href='https:\/\/agora.xtec.cat\/ieslamallola\/general\/lhort-a-linstitut-amb-el-bon-temps-comencem-la-collita\/attachment\/img-20180418-wa0015\/'><img loading=\"lazy\" decoding=\"async\" width=\"225\" height=\"300\" src=\"https:\/\/agora.xtec.cat\/ieslamallola\/wp-content\/uploads\/usu515\/2018\/04\/IMG-20180418-WA0015-225x300.jpg\" class=\"attachment-medium size-medium\" alt=\"\" srcset=\"https:\/\/agora.xtec.cat\/ieslamallola\/wp-content\/uploads\/usu515\/2018\/04\/IMG-20180418-WA0015-225x300.jpg 225w, https:\/\/agora.xtec.cat\/ieslamallola\/wp-content\/uploads\/usu515\/2018\/04\/IMG-20180418-WA0015-768x1024.jpg 768w, https:\/\/agora.xtec.cat\/ieslamallola\/wp-content\/uploads\/usu515\/2018\/04\/IMG-20180418-WA0015.jpg 1200w\" sizes=\"auto, (max-width: 225px) 100vw, 225px\" \/><\/a>\n\t\t\t<\/div><\/figure><figure class='gallery-item'>\n\t\t\t<div class='gallery-icon portrait'>\n\t\t\t\t<a href='https:\/\/agora.xtec.cat\/ieslamallola\/general\/lhort-a-linstitut-amb-el-bon-temps-comencem-la-collita\/attachment\/img-20180418-wa0016\/'><img loading=\"lazy\" decoding=\"async\" width=\"225\" height=\"300\" src=\"https:\/\/agora.xtec.cat\/ieslamallola\/wp-content\/uploads\/usu515\/2018\/04\/IMG-20180418-WA0016-225x300.jpg\" class=\"attachment-medium size-medium\" alt=\"\" srcset=\"https:\/\/agora.xtec.cat\/ieslamallola\/wp-content\/uploads\/usu515\/2018\/04\/IMG-20180418-WA0016-225x300.jpg 225w, https:\/\/agora.xtec.cat\/ieslamallola\/wp-content\/uploads\/usu515\/2018\/04\/IMG-20180418-WA0016-768x1024.jpg 768w, https:\/\/agora.xtec.cat\/ieslamallola\/wp-content\/uploads\/usu515\/2018\/04\/IMG-20180418-WA0016.jpg 1200w\" sizes=\"auto, (max-width: 225px) 100vw, 225px\" \/><\/a>\n\t\t\t<\/div><\/figure><figure class='gallery-item'>\n\t\t\t<div class='gallery-icon portrait'>\n\t\t\t\t<a href='https:\/\/agora.xtec.cat\/ieslamallola\/general\/lhort-a-linstitut-amb-el-bon-temps-comencem-la-collita\/attachment\/img-20180418-wa0017\/'><img loading=\"lazy\" decoding=\"async\" width=\"225\" height=\"300\" src=\"https:\/\/agora.xtec.cat\/ieslamallola\/wp-content\/uploads\/usu515\/2018\/04\/IMG-20180418-WA0017-225x300.jpg\" class=\"attachment-medium size-medium\" alt=\"\" srcset=\"https:\/\/agora.xtec.cat\/ieslamallola\/wp-content\/uploads\/usu515\/2018\/04\/IMG-20180418-WA0017-225x300.jpg 225w, https:\/\/agora.xtec.cat\/ieslamallola\/wp-content\/uploads\/usu515\/2018\/04\/IMG-20180418-WA0017-768x1024.jpg 768w, https:\/\/agora.xtec.cat\/ieslamallola\/wp-content\/uploads\/usu515\/2018\/04\/IMG-20180418-WA0017.jpg 1200w\" sizes=\"auto, (max-width: 225px) 100vw, 225px\" \/><\/a>\n\t\t\t<\/div><\/figure><figure class='gallery-item'>\n\t\t\t<div class='gallery-icon portrait'>\n\t\t\t\t<a href='https:\/\/agora.xtec.cat\/ieslamallola\/general\/lhort-a-linstitut-amb-el-bon-temps-comencem-la-collita\/attachment\/img-20180418-wa0018\/'><img loading=\"lazy\" decoding=\"async\" width=\"225\" height=\"300\" src=\"https:\/\/agora.xtec.cat\/ieslamallola\/wp-content\/uploads\/usu515\/2018\/04\/IMG-20180418-WA0018-225x300.jpg\" class=\"attachment-medium size-medium\" alt=\"\" srcset=\"https:\/\/agora.xtec.cat\/ieslamallola\/wp-content\/uploads\/usu515\/2018\/04\/IMG-20180418-WA0018-225x300.jpg 225w, https:\/\/agora.xtec.cat\/ieslamallola\/wp-content\/uploads\/usu515\/2018\/04\/IMG-20180418-WA0018-768x1024.jpg 768w, https:\/\/agora.xtec.cat\/ieslamallola\/wp-content\/uploads\/usu515\/2018\/04\/IMG-20180418-WA0018.jpg 1200w\" sizes=\"auto, (max-width: 225px) 100vw, 225px\" \/><\/a>\n\t\t\t<\/div><\/figure><figure class='gallery-item'>\n\t\t\t<div class='gallery-icon portrait'>\n\t\t\t\t<a href='https:\/\/agora.xtec.cat\/ieslamallola\/general\/lhort-a-linstitut-amb-el-bon-temps-comencem-la-collita\/attachment\/img-20180418-wa0019\/'><img loading=\"lazy\" decoding=\"async\" width=\"225\" height=\"300\" src=\"https:\/\/agora.xtec.cat\/ieslamallola\/wp-content\/uploads\/usu515\/2018\/04\/IMG-20180418-WA0019-225x300.jpg\" class=\"attachment-medium size-medium\" alt=\"\" srcset=\"https:\/\/agora.xtec.cat\/ieslamallola\/wp-content\/uploads\/usu515\/2018\/04\/IMG-20180418-WA0019-225x300.jpg 225w, https:\/\/agora.xtec.cat\/ieslamallola\/wp-content\/uploads\/usu515\/2018\/04\/IMG-20180418-WA0019-768x1024.jpg 768w, https:\/\/agora.xtec.cat\/ieslamallola\/wp-content\/uploads\/usu515\/2018\/04\/IMG-20180418-WA0019.jpg 1200w\" sizes=\"auto, (max-width: 225px) 100vw, 225px\" \/><\/a>\n\t\t\t<\/div><\/figure><figure class='gallery-item'>\n\t\t\t<div class='gallery-icon landscape'>\n\t\t\t\t<a href='https:\/\/agora.xtec.cat\/ieslamallola\/general\/lhort-a-linstitut-amb-el-bon-temps-comencem-la-collita\/attachment\/img-20180418-wa0020\/'><img loading=\"lazy\" decoding=\"async\" width=\"300\" height=\"225\" src=\"https:\/\/agora.xtec.cat\/ieslamallola\/wp-content\/uploads\/usu515\/2018\/04\/IMG-20180418-WA0020-300x225.jpg\" class=\"attachment-medium size-medium\" alt=\"\" srcset=\"https:\/\/agora.xtec.cat\/ieslamallola\/wp-content\/uploads\/usu515\/2018\/04\/IMG-20180418-WA0020-300x225.jpg 300w, https:\/\/agora.xtec.cat\/ieslamallola\/wp-content\/uploads\/usu515\/2018\/04\/IMG-20180418-WA0020-768x576.jpg 768w, https:\/\/agora.xtec.cat\/ieslamallola\/wp-content\/uploads\/usu515\/2018\/04\/IMG-20180418-WA0020-1024x768.jpg 1024w, https:\/\/agora.xtec.cat\/ieslamallola\/wp-content\/uploads\/usu515\/2018\/04\/IMG-20180418-WA0020-200x150.jpg 200w, https:\/\/agora.xtec.cat\/ieslamallola\/wp-content\/uploads\/usu515\/2018\/04\/IMG-20180418-WA0020.jpg 1600w\" sizes=\"auto, (max-width: 300px) 100vw, 300px\" \/><\/a>\n\t\t\t<\/div><\/figure>\n\t\t<\/div>\n\n","protected":false},"excerpt":{"rendered":"<p>Afegim alguns refranys populars del mes d&#8217;abril: Per Sant Jordi, garbes d\u2019ordi. Per Sant Just i Pastor, tenen les nous ja sabor. Abrils i senyors, tots tra\u00efdors. Pluja d\u2019abril i sol de tardor, solen fer l\u2019any millor. A l\u2019abril, aig\u00fces mil. Si l\u2019abril fa llot, no es perdr\u00e0 tot. Si el tres d\u2019abril el puput [&hellip;]<\/p>\n","protected":false},"author":1,"featured_media":1333,"comment_status":"open","ping_status":"closed","sticky":false,"template":"","format":"standard","meta":{"_bbp_topic_count":0,"_bbp_reply_count":0,"_bbp_total_topic_count":0,"_bbp_total_reply_count":0,"_bbp_voice_count":0,"_bbp_anonymous_reply_count":0,"_bbp_topic_count_hidden":0,"_bbp_reply_count_hidden":0,"_bbp_forum_subforum_count":0,"site-sidebar-layout":"default","site-content-layout":"","ast-site-content-layout":"","site-content-style":"default","site-sidebar-style":"default","ast-global-header-display":"","ast-banner-title-visibility":"","ast-main-header-display":"","ast-hfb-above-header-display":"","ast-hfb-below-header-display":"","ast-hfb-mobile-header-display":"","site-post-title":"","ast-breadcrumbs-content":"","ast-featured-img":"","footer-sml-layout":"","theme-transparent-header-meta":"","adv-header-id-meta":"","stick-header-meta":"","header-above-stick-meta":"","header-main-stick-meta":"","header-below-stick-meta":"","astra-migrate-meta-layouts":"default","ast-page-background-enabled":"default","ast-page-background-meta":{"desktop":{"background-color":"var(--ast-global-color-4)","background-image":"","background-repeat":"repeat","background-position":"center center","background-size":"auto","background-attachment":"scroll","background-type":"","background-media":"","overlay-type":"","overlay-color":"","overlay-opacity":"","overlay-gradient":""},"tablet":{"background-color":"","background-image":"","background-repeat":"repeat","background-position":"center center","background-size":"auto","background-attachment":"scroll","background-type":"","background-media":"","overlay-type":"","overlay-color":"","overlay-opacity":"","overlay-gradient":""},"mobile":{"background-color":"","background-image":"","background-repeat":"repeat","background-position":"center center","background-size":"auto","background-attachment":"scroll","background-type":"","background-media":"","overlay-type":"","overlay-color":"","overlay-opacity":"","overlay-gradient":""}},"ast-content-background-meta":{"desktop":{"background-color":"var(--ast-global-color-5)","background-image":"","background-repeat":"repeat","background-position":"center center","background-size":"auto","background-attachment":"scroll","background-type":"","background-media":"","overlay-type":"","overlay-color":"","overlay-opacity":"","overlay-gradient":""},"tablet":{"background-color":"var(--ast-global-color-5)","background-image":"","background-repeat":"repeat","background-position":"center center","background-size":"auto","background-attachment":"scroll","background-type":"","background-media":"","overlay-type":"","overlay-color":"","overlay-opacity":"","overlay-gradient":""},"mobile":{"background-color":"var(--ast-global-color-5)","background-image":"","background-repeat":"repeat","background-position":"center center","background-size":"auto","background-attachment":"scroll","background-type":"","background-media":"","overlay-type":"","overlay-color":"","overlay-opacity":"","overlay-gradient":""}},"footnotes":""},"categories":[1,29],"tags":[90,106],"class_list":["post-1321","post","type-post","status-publish","format-standard","has-post-thumbnail","hentry","category-general","category-portada","tag-avancem","tag-lhort"],"post_mailing_queue_ids":[],"_links":{"self":[{"href":"https:\/\/agora.xtec.cat\/ieslamallola\/wp-json\/wp\/v2\/posts\/1321","targetHints":{"allow":["GET"]}}],"collection":[{"href":"https:\/\/agora.xtec.cat\/ieslamallola\/wp-json\/wp\/v2\/posts"}],"about":[{"href":"https:\/\/agora.xtec.cat\/ieslamallola\/wp-json\/wp\/v2\/types\/post"}],"author":[{"embeddable":true,"href":"https:\/\/agora.xtec.cat\/ieslamallola\/wp-json\/wp\/v2\/users\/1"}],"replies":[{"embeddable":true,"href":"https:\/\/agora.xtec.cat\/ieslamallola\/wp-json\/wp\/v2\/comments?post=1321"}],"version-history":[{"count":3,"href":"https:\/\/agora.xtec.cat\/ieslamallola\/wp-json\/wp\/v2\/posts\/1321\/revisions"}],"predecessor-version":[{"id":1351,"href":"https:\/\/agora.xtec.cat\/ieslamallola\/wp-json\/wp\/v2\/posts\/1321\/revisions\/1351"}],"wp:featuredmedia":[{"embeddable":true,"href":"https:\/\/agora.xtec.cat\/ieslamallola\/wp-json\/wp\/v2\/media\/1333"}],"wp:attachment":[{"href":"https:\/\/agora.xtec.cat\/ieslamallola\/wp-json\/wp\/v2\/media?parent=1321"}],"wp:term":[{"taxonomy":"category","embeddable":true,"href":"https:\/\/agora.xtec.cat\/ieslamallola\/wp-json\/wp\/v2\/categories?post=1321"},{"taxonomy":"post_tag","embeddable":true,"href":"https:\/\/agora.xtec.cat\/ieslamallola\/wp-json\/wp\/v2\/tags?post=1321"}],"curies":[{"name":"wp","href":"https:\/\/api.w.org\/{rel}","templated":true}]}}