{"id":1235,"date":"2018-04-04T16:12:21","date_gmt":"2018-04-04T14:12:21","guid":{"rendered":"http:\/\/agora.xtec.cat\/ieslamallola\/?p=1235"},"modified":"2018-04-09T18:42:55","modified_gmt":"2018-04-09T16:42:55","slug":"tothom-a-sant-jordi","status":"publish","type":"post","link":"https:\/\/agora.xtec.cat\/ieslamallola\/general\/tothom-a-sant-jordi\/","title":{"rendered":"Tothom a Sant Jordi!"},"content":{"rendered":"<p style=\"text-align: justify;\">Durant les \u00faltimes setmanes, a l&#8217;assignatura de Catal\u00e0, els alumnes de 3r d&#8217;ESO flex A i B han creat unes falques publicit\u00e0ries on promocionen els actes que es duran a terme al centre la diada de Sant Jordi.\u00a0Els grups que hagin fet la millor falca de cada classe seran premiats al certamen.<\/p>\n<p style=\"text-align: justify;\">Aqu\u00ed teniu les falques perqu\u00e8 pugueu escoltar-les.<\/p>\n<p>Falques 3r flex A<\/p>\n<p>Grup 1: Daniel Angorilla, V\u00edctor Mart\u00ednez, Mart\u00edn Navarro, Blai Verg\u00e9s<\/p>\n<!--[if lt IE 9]><script>document.createElement('audio');<\/script><![endif]-->\n<audio class=\"wp-audio-shortcode\" id=\"audio-1235-1\" preload=\"none\" style=\"width: 100%;\" controls=\"controls\"><source type=\"audio\/mpeg\" src=\"http:\/\/agora.xtec.cat\/ieslamallola\/wp-content\/uploads\/usu515\/2018\/04\/FalcaBlaiDaniAMartinV\u00edctor.mp3?_=1\" \/><a href=\"http:\/\/agora.xtec.cat\/ieslamallola\/wp-content\/uploads\/usu515\/2018\/04\/FalcaBlaiDaniAMartinV\u00edctor.mp3\">http:\/\/agora.xtec.cat\/ieslamallola\/wp-content\/uploads\/usu515\/2018\/04\/FalcaBlaiDaniAMartinV\u00edctor.mp3<\/a><\/audio>\n<p>Grup 2: Emma Lerenas, Jordi Lizana, Duna Mas, Omar Mu\u00f1oz<\/p>\n<audio class=\"wp-audio-shortcode\" id=\"audio-1235-2\" preload=\"none\" style=\"width: 100%;\" controls=\"controls\"><source type=\"audio\/mpeg\" src=\"http:\/\/agora.xtec.cat\/ieslamallola\/wp-content\/uploads\/usu515\/2018\/04\/FALCAJordiOmar-Duna-i-Emma-1.mp3?_=2\" \/><a href=\"http:\/\/agora.xtec.cat\/ieslamallola\/wp-content\/uploads\/usu515\/2018\/04\/FALCAJordiOmar-Duna-i-Emma-1.mp3\">http:\/\/agora.xtec.cat\/ieslamallola\/wp-content\/uploads\/usu515\/2018\/04\/FALCAJordiOmar-Duna-i-Emma-1.mp3<\/a><\/audio>\n<p>Grup 3: Salama Ben Amar, Nuria Juli\u00e1n, Harmanjeet Kaur, Vanesa S\u00e1nchez<\/p>\n<audio class=\"wp-audio-shortcode\" id=\"audio-1235-3\" preload=\"none\" style=\"width: 100%;\" controls=\"controls\"><source type=\"audio\/mpeg\" src=\"http:\/\/agora.xtec.cat\/ieslamallola\/wp-content\/uploads\/usu515\/2018\/04\/falcaHarmanNuriaSalmaVanesa.mp3?_=3\" \/><a href=\"http:\/\/agora.xtec.cat\/ieslamallola\/wp-content\/uploads\/usu515\/2018\/04\/falcaHarmanNuriaSalmaVanesa.mp3\">http:\/\/agora.xtec.cat\/ieslamallola\/wp-content\/uploads\/usu515\/2018\/04\/falcaHarmanNuriaSalmaVanesa.mp3<\/a><\/audio>\n<p>Grup 4: Ivan Cumplido, Roberto Idone, Daniel Mac\u00edas, Enric Navas<\/p>\n<audio class=\"wp-audio-shortcode\" id=\"audio-1235-4\" preload=\"none\" style=\"width: 100%;\" controls=\"controls\"><source type=\"audio\/mpeg\" src=\"http:\/\/agora.xtec.cat\/ieslamallola\/wp-content\/uploads\/usu515\/2018\/04\/falcaDaniMEnricIvanRoberto.mp3?_=4\" \/><a href=\"http:\/\/agora.xtec.cat\/ieslamallola\/wp-content\/uploads\/usu515\/2018\/04\/falcaDaniMEnricIvanRoberto.mp3\">http:\/\/agora.xtec.cat\/ieslamallola\/wp-content\/uploads\/usu515\/2018\/04\/falcaDaniMEnricIvanRoberto.mp3<\/a><\/audio>\n<p>Falques 3r flex B<\/p>\n<p>Grup 1: Maia Guilera, Lucas L\u00f3pez i Abril Vi\u00f1eta<\/p>\n<audio class=\"wp-audio-shortcode\" id=\"audio-1235-5\" preload=\"none\" style=\"width: 100%;\" controls=\"controls\"><source type=\"audio\/mpeg\" src=\"http:\/\/agora.xtec.cat\/ieslamallola\/wp-content\/uploads\/usu515\/2018\/04\/falcaAbrilLucasMaia.mp3?_=5\" \/><a href=\"http:\/\/agora.xtec.cat\/ieslamallola\/wp-content\/uploads\/usu515\/2018\/04\/falcaAbrilLucasMaia.mp3\">http:\/\/agora.xtec.cat\/ieslamallola\/wp-content\/uploads\/usu515\/2018\/04\/falcaAbrilLucasMaia.mp3<\/a><\/audio>\n<p>Grup 2: Noelia D\u00edaz, Laia Diz\u00f3n, Andrea Mart\u00ednez<\/p>\n<audio class=\"wp-audio-shortcode\" id=\"audio-1235-6\" preload=\"none\" style=\"width: 100%;\" controls=\"controls\"><source type=\"audio\/mpeg\" src=\"http:\/\/agora.xtec.cat\/ieslamallola\/wp-content\/uploads\/usu515\/2018\/04\/falcaAndreaLaiaNo\u00e8lia.mp3?_=6\" \/><a href=\"http:\/\/agora.xtec.cat\/ieslamallola\/wp-content\/uploads\/usu515\/2018\/04\/falcaAndreaLaiaNo\u00e8lia.mp3\">http:\/\/agora.xtec.cat\/ieslamallola\/wp-content\/uploads\/usu515\/2018\/04\/falcaAndreaLaiaNo\u00e8lia.mp3<\/a><\/audio>\n<p>Grup 3: Mounir Ben Amar, Joel Ladevesa, Bogdan Kapas<\/p>\n<audio class=\"wp-audio-shortcode\" id=\"audio-1235-7\" preload=\"none\" style=\"width: 100%;\" controls=\"controls\"><source type=\"audio\/mpeg\" src=\"http:\/\/agora.xtec.cat\/ieslamallola\/wp-content\/uploads\/usu515\/2018\/04\/falcaBogdanJoelMounir.mp3?_=7\" \/><a href=\"http:\/\/agora.xtec.cat\/ieslamallola\/wp-content\/uploads\/usu515\/2018\/04\/falcaBogdanJoelMounir.mp3\">http:\/\/agora.xtec.cat\/ieslamallola\/wp-content\/uploads\/usu515\/2018\/04\/falcaBogdanJoelMounir.mp3<\/a><\/audio>\n<p>Grup 4: Eric Deu, Laia Fern\u00e1ndez, Anahi Sadafi<\/p>\n<audio class=\"wp-audio-shortcode\" id=\"audio-1235-8\" preload=\"none\" style=\"width: 100%;\" controls=\"controls\"><source type=\"audio\/mpeg\" src=\"http:\/\/agora.xtec.cat\/ieslamallola\/wp-content\/uploads\/usu515\/2018\/04\/falcaEricLaiaAnahi.mp3?_=8\" \/><a href=\"http:\/\/agora.xtec.cat\/ieslamallola\/wp-content\/uploads\/usu515\/2018\/04\/falcaEricLaiaAnahi.mp3\">http:\/\/agora.xtec.cat\/ieslamallola\/wp-content\/uploads\/usu515\/2018\/04\/falcaEricLaiaAnahi.mp3<\/a><\/audio>\n","protected":false},"excerpt":{"rendered":"<p>Durant les \u00faltimes setmanes, a l&#8217;assignatura de Catal\u00e0, els alumnes de 3r d&#8217;ESO flex A i B han creat unes falques publicit\u00e0ries on promocionen els actes que es duran a terme al centre la diada de Sant Jordi.\u00a0Els grups que hagin fet la millor falca de cada classe seran premiats al certamen. Aqu\u00ed teniu les [&hellip;]<\/p>\n","protected":false},"author":1,"featured_media":0,"comment_status":"open","ping_status":"closed","sticky":false,"template":"","format":"standard","meta":{"_bbp_topic_count":0,"_bbp_reply_count":0,"_bbp_total_topic_count":0,"_bbp_total_reply_count":0,"_bbp_voice_count":0,"_bbp_anonymous_reply_count":0,"_bbp_topic_count_hidden":0,"_bbp_reply_count_hidden":0,"_bbp_forum_subforum_count":0,"site-sidebar-layout":"default","site-content-layout":"","ast-site-content-layout":"","site-content-style":"default","site-sidebar-style":"default","ast-global-header-display":"","ast-banner-title-visibility":"","ast-main-header-display":"","ast-hfb-above-header-display":"","ast-hfb-below-header-display":"","ast-hfb-mobile-header-display":"","site-post-title":"","ast-breadcrumbs-content":"","ast-featured-img":"","footer-sml-layout":"","theme-transparent-header-meta":"","adv-header-id-meta":"","stick-header-meta":"","header-above-stick-meta":"","header-main-stick-meta":"","header-below-stick-meta":"","astra-migrate-meta-layouts":"default","ast-page-background-enabled":"default","ast-page-background-meta":{"desktop":{"background-color":"var(--ast-global-color-4)","background-image":"","background-repeat":"repeat","background-position":"center center","background-size":"auto","background-attachment":"scroll","background-type":"","background-media":"","overlay-type":"","overlay-color":"","overlay-opacity":"","overlay-gradient":""},"tablet":{"background-color":"","background-image":"","background-repeat":"repeat","background-position":"center center","background-size":"auto","background-attachment":"scroll","background-type":"","background-media":"","overlay-type":"","overlay-color":"","overlay-opacity":"","overlay-gradient":""},"mobile":{"background-color":"","background-image":"","background-repeat":"repeat","background-position":"center center","background-size":"auto","background-attachment":"scroll","background-type":"","background-media":"","overlay-type":"","overlay-color":"","overlay-opacity":"","overlay-gradient":""}},"ast-content-background-meta":{"desktop":{"background-color":"var(--ast-global-color-5)","background-image":"","background-repeat":"repeat","background-position":"center center","background-size":"auto","background-attachment":"scroll","background-type":"","background-media":"","overlay-type":"","overlay-color":"","overlay-opacity":"","overlay-gradient":""},"tablet":{"background-color":"var(--ast-global-color-5)","background-image":"","background-repeat":"repeat","background-position":"center center","background-size":"auto","background-attachment":"scroll","background-type":"","background-media":"","overlay-type":"","overlay-color":"","overlay-opacity":"","overlay-gradient":""},"mobile":{"background-color":"var(--ast-global-color-5)","background-image":"","background-repeat":"repeat","background-position":"center center","background-size":"auto","background-attachment":"scroll","background-type":"","background-media":"","overlay-type":"","overlay-color":"","overlay-opacity":"","overlay-gradient":""}},"footnotes":""},"categories":[3,1,29],"tags":[90,38],"class_list":["post-1235","post","type-post","status-publish","format-standard","hentry","category-eso","category-general","category-portada","tag-avancem","tag-sant-jordi"],"post_mailing_queue_ids":[],"_links":{"self":[{"href":"https:\/\/agora.xtec.cat\/ieslamallola\/wp-json\/wp\/v2\/posts\/1235","targetHints":{"allow":["GET"]}}],"collection":[{"href":"https:\/\/agora.xtec.cat\/ieslamallola\/wp-json\/wp\/v2\/posts"}],"about":[{"href":"https:\/\/agora.xtec.cat\/ieslamallola\/wp-json\/wp\/v2\/types\/post"}],"author":[{"embeddable":true,"href":"https:\/\/agora.xtec.cat\/ieslamallola\/wp-json\/wp\/v2\/users\/1"}],"replies":[{"embeddable":true,"href":"https:\/\/agora.xtec.cat\/ieslamallola\/wp-json\/wp\/v2\/comments?post=1235"}],"version-history":[{"count":2,"href":"https:\/\/agora.xtec.cat\/ieslamallola\/wp-json\/wp\/v2\/posts\/1235\/revisions"}],"predecessor-version":[{"id":1248,"href":"https:\/\/agora.xtec.cat\/ieslamallola\/wp-json\/wp\/v2\/posts\/1235\/revisions\/1248"}],"wp:attachment":[{"href":"https:\/\/agora.xtec.cat\/ieslamallola\/wp-json\/wp\/v2\/media?parent=1235"}],"wp:term":[{"taxonomy":"category","embeddable":true,"href":"https:\/\/agora.xtec.cat\/ieslamallola\/wp-json\/wp\/v2\/categories?post=1235"},{"taxonomy":"post_tag","embeddable":true,"href":"https:\/\/agora.xtec.cat\/ieslamallola\/wp-json\/wp\/v2\/tags?post=1235"}],"curies":[{"name":"wp","href":"https:\/\/api.w.org\/{rel}","templated":true}]}}