{"id":31,"count":25,"description":"<div style=\"position: relative; width: 100%; height: 0; padding-top: 56.2500%; padding-bottom: 0; box-shadow: 0 2px 8px 0 rgba(63,69,81,0.16); margin-top: 1.6em; margin-bottom: 0.9em; overflow: hidden; border-radius: 8px; will-change: transform;\"><iframe style=\"position: absolute; width: 90%; height: 90%; top: 0; left: 0; border: none; padding: 0; margin: 0;\" src=\"https:\/\/www.canva.com\/design\/DAG91M2LEq8\/p_6AZJzjRXJDEg9Zywz6fQ\/view?embed\" allowfullscreen=\"allowfullscreen\">\r\n<\/iframe><\/div>\r\n&nbsp;\r\n\r\n&nbsp;\r\n\r\n&nbsp;\r\n<p style=\"text-align: justify;\">Benvolgudes fam\u00edlies,<\/p>\r\nL\u2019associaci\u00f3 de fam\u00edlies d\u2019alumnes de l\u2019institut La Mallola us dona la benvinguda a l\u2019Institut. L\u2019AFA fomenta la seva ra\u00f3 de ser en el fet de contribuir a la millora de l\u2019ensenyament que reben els nostres fills i filles al llarg de la seva estada escolar a l\u2019Institut. El di\u00e0leg i la col\u00b7laboraci\u00f3 s\u00f3n les seves eines de treball.\r\n<p style=\"text-align: justify;\">L\u2019AFA la constru\u00efm totes les fam\u00edlies del centre i estem representats per mares i pares voluntaris que formen part de la junta de l\u2019AFA. Ens reunim el mateix dia que hi ha consell de fam\u00edlies i, si ja sou part del centre, coneixereu les activitats que es promouen, per\u00f2 ens agradaria informar-vos-en. La vostra contribuci\u00f3 permet donar suport docent i organitzar activitats obertes a tothom.<\/p>\r\n\r\n<ul>\r\n \t<li style=\"text-align: justify;\">Participaci\u00f3 en celebracions molt emblem\u00e0tiques del centre com s\u00f3n Sant Jordi i festes de graduaci\u00f3.<\/li>\r\n \t<li style=\"text-align: justify;\">Adquisici\u00f3 i suport a tots els premis dels diversos concursos en qu\u00e8 participa l\u2019alumnat: certamen literari de Sant Jordi, premis de gimcana de tot l\u2019alumnat, jocs de final de curs...<\/li>\r\n \t<li style=\"text-align: justify;\">Ajut econ\u00f2mic per organitzar les festes de graduaci\u00f3 de 2n de batxillerat i 4t d\u2019ESO.<\/li>\r\n \t<li style=\"text-align: justify;\">Organitzaci\u00f3 de confer\u00e8ncies per a l\u2019alumnat de temes d\u2019inter\u00e8s: <em>coaching<\/em> per preparar proves importants, decisions de futur...<\/li>\r\n \t<li style=\"text-align: justify;\">Organitzaci\u00f3 de confer\u00e8ncies per a pares i mares sobre temes d\u2019inter\u00e8s general: adolesc\u00e8ncia, pantalles, addiccions...<\/li>\r\n \t<li style=\"text-align: justify;\">Coordinaci\u00f3 amb una empresa externa de reutilitzaci\u00f3 de llibres de text en paper: Iddink.<\/li>\r\n \t<li style=\"text-align: justify;\">Participaci\u00f3 i col\u00b7laboraci\u00f3 amb la comunitat educativa, federaci\u00f3 d\u2019AMPAs\/AFAs, ajuntament, Consell Escolar, Associaci\u00f3 Esportiva...<\/li>\r\n \t<li style=\"text-align: justify;\">Organitzaci\u00f3 d\u2019activitats Extraescolars de qualitat: angl\u00e8s, rob\u00f2tica, teatre, estudi assistit i activitats esportives com futbol sala i voleibol.<\/li>\r\n \t<li style=\"text-align: justify;\">Participaci\u00f3 en obres de millora del Centre.<\/li>\r\n \t<li style=\"text-align: justify;\">Ajuts i beques per a sortides curriculars.<\/li>\r\n<\/ul>\r\n<p style=\"text-align: justify;\">\u00c9s per tot aix\u00f2 que us animen a participar en la junta de l\u2019AFA.<\/p>\r\n\r\n<table style=\"border-collapse: collapse; width: 100%;\">\r\n<tbody>\r\n<tr>\r\n<td style=\"width: 100%;\">ACTIVITATS EXTRAESCOLARS ORGANITZADES PER L'AFA<\/td>\r\n<\/tr>\r\n<\/tbody>\r\n<\/table>\r\nProposta d'activitats extraescolars de l'AFA\r\n\r\nActivitats Futbol Sala <a href=\"https:\/\/drive.google.com\/file\/d\/1PyOE0nKm4_6txW7S4W0CMmPsk9sdF_4t\/view?usp=sharing\">Decano Esports<\/a>\r\n\r\nActivitats <a href=\"https:\/\/drive.google.com\/file\/d\/1B4olxtoxwo0MR77_mcIAq3vJ4agNvyO8\/view?usp=sharing\">My Second Language<\/a> (Angl\u00e8s, Rob\u00f2tica, Refor\u00e7 acad\u00e8mic, Voleibol)\r\n\r\n&nbsp;","link":"https:\/\/agora.xtec.cat\/ieslamallola\/categoria\/afa\/","name":"Associaci\u00f3 de Fam\u00edlies de l'alumnat (AFA)","slug":"afa","taxonomy":"category","parent":0,"meta":[],"_links":{"self":[{"href":"https:\/\/agora.xtec.cat\/ieslamallola\/wp-json\/wp\/v2\/categories\/31","targetHints":{"allow":["GET"]}}],"collection":[{"href":"https:\/\/agora.xtec.cat\/ieslamallola\/wp-json\/wp\/v2\/categories"}],"about":[{"href":"https:\/\/agora.xtec.cat\/ieslamallola\/wp-json\/wp\/v2\/taxonomies\/category"}],"wp:post_type":[{"href":"https:\/\/agora.xtec.cat\/ieslamallola\/wp-json\/wp\/v2\/posts?categories=31"}],"curies":[{"name":"wp","href":"https:\/\/api.w.org\/{rel}","templated":true}]}}