{"id":3,"count":143,"description":"Mant\u00e9n-te al dia amb totes les activitats relacionades amb l'Educaci\u00f3 Secund\u00e0ria al nostre centre! En aquesta secci\u00f3 de l'ESO, trobar\u00e0s informaci\u00f3 detallada sobre esdeveniments, projectes i \u00e8xits destacats dels nostres estudiants.\r\n\r\nDes de sortides educatives fins a projectes d'investigaci\u00f3, passant per competicions esportives i esdeveniments culturals, la nostra secci\u00f3 de not\u00edcies de l'ESO \u00e9s la teva finestra a tot el que passa al cor de la nostra comunitat educativa.\r\n\r\nNo et perdis ni un sol detall. Visita la nostra secci\u00f3 de Not\u00edcies de l'ESO regularment per estar al corrent de totes les novetats i \u00e8xits dels nostres estudiants.\r\n","link":"https:\/\/agora.xtec.cat\/ieslamallola\/categoria\/eso\/","name":"ESO","slug":"eso","taxonomy":"category","parent":0,"meta":[],"_links":{"self":[{"href":"https:\/\/agora.xtec.cat\/ieslamallola\/wp-json\/wp\/v2\/categories\/3","targetHints":{"allow":["GET"]}}],"collection":[{"href":"https:\/\/agora.xtec.cat\/ieslamallola\/wp-json\/wp\/v2\/categories"}],"about":[{"href":"https:\/\/agora.xtec.cat\/ieslamallola\/wp-json\/wp\/v2\/taxonomies\/category"}],"wp:post_type":[{"href":"https:\/\/agora.xtec.cat\/ieslamallola\/wp-json\/wp\/v2\/posts?categories=3"}],"curies":[{"name":"wp","href":"https:\/\/api.w.org\/{rel}","templated":true}]}}