{"id":192,"count":0,"description":"El <strong data-start=\"274\" data-end=\"298\">taller de tecnologia<\/strong> del centre \u00e9s un espai pensat per <strong data-start=\"333\" data-end=\"350\">aprendre fent<\/strong>, experimentar, crear i desenvolupar el pensament tecnol\u00f2gic i creatiu de l\u2019alumnat. Es tracta d\u2019un entorn ampli, funcional i segur, organitzat en <strong data-start=\"497\" data-end=\"525\">tres espais diferenciats<\/strong> que permeten treballar diferents compet\u00e8ncies de manera pr\u00e0ctica i progressiva.\r\n<div style=\"position: relative; width: 100%; height: 0; padding-top: 56.2500%; padding-bottom: 0; box-shadow: 0 2px 8px 0 rgba(63,69,81,0.16); margin-top: 1.6em; margin-bottom: 0.9em; overflow: hidden; border-radius: 8px; will-change: transform;\"><iframe style=\"position: absolute; width: 100%; height: 100%; top: 0; left: 0; border: none; padding: 0; margin: 0;\" src=\"https:\/\/www.canva.com\/design\/DAG_hFS58u0\/FvD9f_Sj0F_HofFZykfGvA\/watch?embed\" allowfullscreen=\"allowfullscreen\" data-mce-fragment=\"1\">\r\n  <\/iframe><\/div>\r\n<a href=\"https:\/\/www.canva.com\/design\/DAG_hFS58u0\/FvD9f_Sj0F_HofFZykfGvA\/watch?utm_content=DAG_hFS58u0&amp;utm_campaign=designshare&amp;utm_medium=embeds&amp;utm_source=link\" target=\"_blank\" rel=\"noopener\">Taller tecno<\/a> de MARCOS BORILLO BORRAJO\r\n<h2 data-start=\"1151\" data-end=\"1205\">\u2699\ufe0f Taller de tecnologia: treball cooperatiu i segur<\/h2>\r\n<p data-start=\"1207\" data-end=\"1382\">El <strong data-start=\"1210\" data-end=\"1234\">taller de tecnologia<\/strong> est\u00e0 organitzat amb <strong data-start=\"1255\" data-end=\"1292\">taules disposades en forma d\u2019illa<\/strong>, fet que facilita el treball en grup, la comunicaci\u00f3 i una mobilitat c\u00f2moda dins l\u2019espai.<\/p>\r\n<p data-start=\"1384\" data-end=\"1613\">Aqu\u00ed l\u2019alumnat pot fer servir <strong data-start=\"1414\" data-end=\"1451\">eines i m\u00e0quines de manera segura<\/strong>, aprenent a respectar les normes de treball i a compartir responsabilitats. El taller disposa tamb\u00e9 d\u2019una <strong data-start=\"1558\" data-end=\"1598\">zona espec\u00edfica de treball amb fusta<\/strong>, equipada amb:<\/p>\r\n\r\n<ul data-start=\"1614\" data-end=\"1663\">\r\n \t<li data-start=\"1614\" data-end=\"1640\">\r\n<p data-start=\"1616\" data-end=\"1640\">diferents <strong data-start=\"1626\" data-end=\"1638\">trepants<a href=\"https:\/\/agora.xtec.cat\/ieslamallola\/img_9770\/\" rel=\"attachment wp-att-5228\"><img class=\"wp-image-5228 alignright\" src=\"https:\/\/agora.xtec.cat\/ieslamallola\/wp-content\/uploads\/usu515\/2026\/01\/IMG_9770-scaled.jpg\" alt=\"\" width=\"274\" height=\"206\" \/><\/a><\/strong><\/p>\r\n<\/li>\r\n \t<li data-start=\"1641\" data-end=\"1663\">\r\n<p data-start=\"1643\" data-end=\"1663\"><strong data-start=\"1643\" data-end=\"1661\">serra mec\u00e0nica<\/strong><\/p>\r\n<\/li>\r\n<\/ul>\r\n<p data-start=\"1665\" data-end=\"1800\">Aquest espai permet desenvolupar projectes constructius reals, treballant la precisi\u00f3, la planificaci\u00f3 i l\u2019\u00fas responsable de les eines.<\/p>\r\n\r\n<h2 data-start=\"612\" data-end=\"656\">\ud83e\udde0 Sala Maker: dissenyar, crear i innovar<\/h2>\r\n<p data-start=\"658\" data-end=\"751\">La <strong data-start=\"661\" data-end=\"675\">sala maker<\/strong> \u00e9s l\u2019espai dedicat a la creaci\u00f3 digital i la fabricaci\u00f3. Est\u00e0 equipada amb:<\/p>\r\n\r\n<ul style=\"list-style-type: disc;\" data-start=\"752\" data-end=\"854\">\r\n \t<li data-start=\"752\" data-end=\"783\">\r\n<p data-start=\"754\" data-end=\"783\">m\u00e0quines d\u2019<strong data-start=\"765\" data-end=\"781\">impressi\u00f3 3D<\/strong><\/p>\r\n<\/li>\r\n \t<li data-start=\"784\" data-end=\"796\">\r\n<p data-start=\"786\" data-end=\"796\"><strong data-start=\"786\" data-end=\"794\">torn<\/strong><\/p>\r\n<\/li>\r\n \t<li data-start=\"797\" data-end=\"854\">\r\n<p data-start=\"799\" data-end=\"854\"><strong data-start=\"799\" data-end=\"824\">programari de disseny<\/strong> per treballar amb ordinador<\/p>\r\n<\/li>\r\n<\/ul>\r\n<p data-start=\"856\" data-end=\"1020\">Aquest espai permet a l\u2019alumnat <strong data-start=\"888\" data-end=\"935\">dissenyar, prototipar i materialitzar idees<\/strong>, connectant el m\u00f3n digital amb el m\u00f3n f\u00edsic. Properament, la sala es completar\u00e0 amb:<\/p>\r\n\r\n<ul data-start=\"1021\" data-end=\"1144\">\r\n \t<li data-start=\"1021\" data-end=\"1060\">\r\n<p data-start=\"1023\" data-end=\"1060\">una <strong data-start=\"1027\" data-end=\"1058\">talladora i marcadora l\u00e0ser<\/strong><\/p>\r\n<\/li>\r\n \t<li data-start=\"1061\" data-end=\"1144\">\r\n<p data-start=\"1063\" data-end=\"1144\"><strong data-start=\"1063\" data-end=\"1078\">esc\u00e0ners 3D<\/strong>, que ampliaran encara m\u00e9s les possibilitats de disseny i creaci\u00f3.<a href=\"https:\/\/agora.xtec.cat\/ieslamallola\/img_9778\/\" rel=\"attachment wp-att-5230\"><img class=\"wp-image-5230 aligncenter\" src=\"https:\/\/agora.xtec.cat\/ieslamallola\/wp-content\/uploads\/usu515\/2026\/01\/IMG_9778-scaled.jpg\" alt=\"\" width=\"434\" height=\"326\" \/><\/a><\/p>\r\n<\/li>\r\n<\/ul>\r\n<h2 data-start=\"1807\" data-end=\"1845\">\ud83d\udce6 Magatzem de materials i rob\u00f2tica<\/h2>\r\n<p data-start=\"1847\" data-end=\"1904\">El taller compta amb un <strong data-start=\"1871\" data-end=\"1889\">petit magatzem<\/strong> on es guarden:<\/p>\r\n\r\n<ul data-start=\"1905\" data-end=\"1961\">\r\n \t<li data-start=\"1905\" data-end=\"1926\">\r\n<p data-start=\"1907\" data-end=\"1926\">eines i materials<\/p>\r\n<\/li>\r\n \t<li data-start=\"1927\" data-end=\"1961\">\r\n<p data-start=\"1929\" data-end=\"1961\">diferents <strong data-start=\"1939\" data-end=\"1959\">kits de rob\u00f2tica<\/strong><\/p>\r\n<\/li>\r\n<\/ul>\r\n<p data-start=\"1963\" data-end=\"2129\">Tot el material est\u00e0 <strong data-start=\"1984\" data-end=\"2016\">ordenat, protegit i preparat<\/strong> perqu\u00e8 l\u2019alumnat el pugui utilitzar quan el necessita, fomentant l\u2019autonomia i la cura dels recursos compartits.<\/p>\r\n<p data-start=\"1963\" data-end=\"2129\"><a href=\"https:\/\/agora.xtec.cat\/ieslamallola\/img_9775\/\" rel=\"attachment wp-att-5229\"><img class=\"wp-image-5229 aligncenter\" src=\"https:\/\/agora.xtec.cat\/ieslamallola\/wp-content\/uploads\/usu515\/2026\/01\/IMG_9775-scaled.jpg\" alt=\"\" width=\"470\" height=\"627\" \/><\/a><\/p>\r\n<p data-start=\"1963\" data-end=\"2129\">El taller de tecnologia \u00e9s un espai clau del projecte educatiu de l\u2019<span class=\"hover:entity-accent entity-underline inline cursor-pointer align-baseline\"><span class=\"whitespace-normal\">Institut La Mallola<\/span><\/span>, on l\u2019alumnat pot <strong data-start=\"2294\" data-end=\"2347\">experimentar, crear i aprendre de manera pr\u00e0ctica<\/strong>, desenvolupant habilitats t\u00e8cniques, pensament cr\u00edtic, treball en equip i creativitat.<\/p>\r\n<p data-start=\"1963\" data-end=\"2129\"><\/p>","link":"https:\/\/agora.xtec.cat\/ieslamallola\/categoria\/aula-tecnologia\/","name":"Aula tecnologia","slug":"aula-tecnologia","taxonomy":"category","parent":0,"meta":[],"_links":{"self":[{"href":"https:\/\/agora.xtec.cat\/ieslamallola\/wp-json\/wp\/v2\/categories\/192","targetHints":{"allow":["GET"]}}],"collection":[{"href":"https:\/\/agora.xtec.cat\/ieslamallola\/wp-json\/wp\/v2\/categories"}],"about":[{"href":"https:\/\/agora.xtec.cat\/ieslamallola\/wp-json\/wp\/v2\/taxonomies\/category"}],"wp:post_type":[{"href":"https:\/\/agora.xtec.cat\/ieslamallola\/wp-json\/wp\/v2\/posts?categories=192"}],"curies":[{"name":"wp","href":"https:\/\/api.w.org\/{rel}","templated":true}]}}