{"id":185,"count":5,"description":"<div style=\"position: relative; width: 100%; height: 0; padding-top: 56.2500%; padding-bottom: 0; box-shadow: 0 2px 8px 0 rgba(63,69,81,0.16); margin-top: 1.6em; margin-bottom: 0.9em; overflow: hidden; border-radius: 8px; will-change: transform;\"><iframe style=\"position: absolute; width: 100%; height: 100%; top: 0; left: 0; border: none; padding: 0; margin: 0;\" src=\"https:\/\/www.canva.com\/design\/DAG_hJNvx7c\/ezkWq15sEACwWpsZBt_0zA\/watch?embed\" allowfullscreen=\"allowfullscreen\" data-mce-fragment=\"1\">\r\n<\/iframe><\/div>\r\n<p data-start=\"268\" data-end=\"519\"><a href=\"https:\/\/www.canva.com\/design\/DAG_hJNvx7c\/ezkWq15sEACwWpsZBt_0zA\/watch?utm_content=DAG_hJNvx7c&amp;utm_campaign=designshare&amp;utm_medium=embeds&amp;utm_source=link\" target=\"_blank\" rel=\"noopener\">Dise\u00f1o<\/a> de MARCOS BORILLO BORRAJO<br data-start=\"319\" data-end=\"322\" \/>Aquest curs estrenem un espai que ens fa molta il\u00b7lusi\u00f3: <strong data-start=\"379\" data-end=\"412\">la nova biblioteca del centre<\/strong>, pensada perqu\u00e8 l\u2019alumnat pugui llegir, estudiar, compartir i gaudir del temps de pati d\u2019una altra manera.<\/p>\r\n<p data-start=\"521\" data-end=\"827\">La biblioteca t\u00e9 <strong data-start=\"538\" data-end=\"554\">dues plantes<\/strong>:<br data-start=\"555\" data-end=\"558\" \/>\ud83d\udd39 <strong data-start=\"561\" data-end=\"578\">Planta baixa:<\/strong> la <strong data-start=\"582\" data-end=\"596\">biblioteca<\/strong>, un espai acollidor per llegir, estudiar i tamb\u00e9 jugar tranquil\u00b7lament.<br data-start=\"668\" data-end=\"671\" \/>\ud83d\udd39 <strong data-start=\"674\" data-end=\"694\">Planta superior:<\/strong> una <strong data-start=\"699\" data-end=\"716\">aula d\u2019estudi<\/strong>, que portar\u00e0 el nom de <strong data-start=\"740\" data-end=\"765\">Sala Hermione Granger<\/strong>, un espai pensat per a la concentraci\u00f3 i el treball personal.<\/p>\r\n<p data-start=\"829\" data-end=\"990\">\ud83d\udcc5 <strong data-start=\"832\" data-end=\"854\">Horari d\u2019obertura:<\/strong><br data-start=\"854\" data-end=\"857\" \/>La biblioteca estar\u00e0 oberta <strong data-start=\"885\" data-end=\"923\">dimarts i dijous a l\u2019hora del pati<\/strong>, com a espai per estudiar, llegir, jugar i passar una bona estona.<\/p>\r\n<p data-start=\"992\" data-end=\"1140\">A La Mallola creiem que els espais tamb\u00e9 eduquen, i aquesta biblioteca \u00e9s un pas m\u00e9s per fer-ho possible.<br data-start=\"1097\" data-end=\"1100\" \/>Veniu a descobrir-la i feu-la vostra! \ud83d\udc9b<\/p>\r\n<p data-start=\"992\" data-end=\"1140\"><\/p>","link":"https:\/\/agora.xtec.cat\/ieslamallola\/categoria\/biblioteca\/","name":"Biblioteca - Club de lectura","slug":"biblioteca","taxonomy":"category","parent":0,"meta":[],"_links":{"self":[{"href":"https:\/\/agora.xtec.cat\/ieslamallola\/wp-json\/wp\/v2\/categories\/185","targetHints":{"allow":["GET"]}}],"collection":[{"href":"https:\/\/agora.xtec.cat\/ieslamallola\/wp-json\/wp\/v2\/categories"}],"about":[{"href":"https:\/\/agora.xtec.cat\/ieslamallola\/wp-json\/wp\/v2\/taxonomies\/category"}],"wp:post_type":[{"href":"https:\/\/agora.xtec.cat\/ieslamallola\/wp-json\/wp\/v2\/posts?categories=185"}],"curies":[{"name":"wp","href":"https:\/\/api.w.org\/{rel}","templated":true}]}}