{"id":177,"count":6,"description":"Benvinguts a la secci\u00f3 d'<strong>esdeveniments<\/strong> de l'Institut La Mallola! Aqu\u00ed trobareu tota la informaci\u00f3 rellevant sobre les activitats, celebracions i esdeveniments especials que tenen lloc al nostre centre.\r\n\r\nDes de jornades de portes obertes i confer\u00e8ncies educatives fins a representacions teatrals i activitats esportives, la nostra agenda est\u00e0 plena d'oportunitats per a tots els membres de la nostra comunitat educativa.\r\n\r\nMantingueu-vos al dia visitant aquesta secci\u00f3 regularment per no perdre-us cap detall sobre els emocionants esdeveniments que organitzem per enriquir l'experi\u00e8ncia educativa del nostre alumnat i involucrar a les fam\u00edlies en la vida escolar.","link":"https:\/\/agora.xtec.cat\/ieslamallola\/categoria\/esdeveniments-i-viatges\/esdeveniments-de-centre\/","name":"Esdeveniments de centre","slug":"esdeveniments-de-centre","taxonomy":"category","parent":174,"meta":[],"_links":{"self":[{"href":"https:\/\/agora.xtec.cat\/ieslamallola\/wp-json\/wp\/v2\/categories\/177","targetHints":{"allow":["GET"]}}],"collection":[{"href":"https:\/\/agora.xtec.cat\/ieslamallola\/wp-json\/wp\/v2\/categories"}],"about":[{"href":"https:\/\/agora.xtec.cat\/ieslamallola\/wp-json\/wp\/v2\/taxonomies\/category"}],"up":[{"embeddable":true,"href":"https:\/\/agora.xtec.cat\/ieslamallola\/wp-json\/wp\/v2\/categories\/174"}],"wp:post_type":[{"href":"https:\/\/agora.xtec.cat\/ieslamallola\/wp-json\/wp\/v2\/posts?categories=177"}],"curies":[{"name":"wp","href":"https:\/\/api.w.org\/{rel}","templated":true}]}}