{"id":173,"count":1,"description":"\ud83c\udf1f Estem encantats d'anunciar que l'Institut La Mallola participa activament en el <strong><a href=\"https:\/\/xtec.gencat.cat\/ca\/formacio\/centres-formadors\/programa-dinnovacio-mupfs\/\">Programa d'Innovaci\u00f3 MUFPS<\/a><\/strong>, una iniciativa emocionant impulsada pel Departament d'Educaci\u00f3 de la Generalitat de Catalunya.\r\n\r\n\ud83c\udf93 <strong>Qu\u00e8 \u00e9s el Programa d'Innovaci\u00f3 MUFPS<\/strong>?\r\nEl Programa d'Innovaci\u00f3 MUPFS, Programa d\u2019innovaci\u00f3 pedag\u00f2gica de Pr\u00e0ctiques del M\u00e0ster Universitari de Formaci\u00f3 del Professorat d\u2019Educaci\u00f3 Secund\u00e0ria Obligat\u00f2ria i batxillerat, \u00e9s una iniciativa que promou la innovaci\u00f3 educativa a trav\u00e9s de la formaci\u00f3 del professorat i el desenvolupament de projectes pedag\u00f2gics innovadors en els centres educatius. Aquest curs, una desena d'estudiants del M\u00e0ster de Professorat de les diferents universitats de Barcelona, faran les seves pr\u00e0ctiques docents al nostre centre, tutoritzats pel nostre professorat.\r\n\r\n\ud83d\udca1<strong> La Mallola a l'avantguarda de la innovaci\u00f3<\/strong>\r\nCom a part d'aquest programa, l'Institut La Mallola s'ha comprom\u00e8s a explorar noves metodologies d'ensenyament i aprenentatge, a implementar pr\u00e0ctiques innovadores a les aules i a promoure l'\u00e8xit educatiu entre els nostres estudiants. Estem emocionats per formar part d'aquesta iniciativa i per continuar impulsant la excel\u00b7l\u00e8ncia educativa al nostre centre.\r\n\r\n\ud83c\udf31 <strong>Creixement continu<\/strong>\r\nA trav\u00e9s del Programa d'Innovaci\u00f3 MUFPS, busquem enfortir les nostres capacitats com a professionals de l'educaci\u00f3, connectar amb altres centres educatius i aprendre de les millors pr\u00e0ctiques a nivell nacional. Estem compromesos a cr\u00e9ixer, evolucionar i proporcionar una experi\u00e8ncia educativa excepcional per als nostres estudiants.\r\n\r\nEns emociona compartir aquesta oportunitat amb tota la nostra comunitat educativa. Us convidem a seguir-nos en aquest emocionant viatge d'innovaci\u00f3 i aprenentatge. Junts, estem construint un futur brillant per a l'educaci\u00f3 a l'Institut La Mallola!\r\n\r\nAquest any el pr\u00e0cticum comen\u00e7ar\u00e0 el proper 17 de novembre. El dimecres dia 19 de novembre hi haur\u00e0 una sessi\u00f3 de benvinguda als estudiants a les 11:15 a la sala d'actes de l'Institut.\r\n<p style=\"text-align: center;\"><a href=\"https:\/\/agora.xtec.cat\/ieslamallola\/centres_formadors\/\" rel=\"attachment wp-att-4974\">\u00a0 \u00a0 \u00a0 \u00a0 \u00a0 \u00a0 \u00a0 \u00a0 \u00a0 \u00a0 \u00a0 <img class=\"alignnone size-full wp-image-4974\" src=\"https:\/\/agora.xtec.cat\/ieslamallola\/wp-content\/uploads\/usu515\/2025\/10\/centres_formadors.png\" alt=\"\" width=\"189\" height=\"201\" \/><\/a><\/p>","link":"https:\/\/agora.xtec.cat\/ieslamallola\/categoria\/mufps\/","name":"Professorat en pr\u00e0ctiques MUFPS","slug":"mufps","taxonomy":"category","parent":0,"meta":[],"_links":{"self":[{"href":"https:\/\/agora.xtec.cat\/ieslamallola\/wp-json\/wp\/v2\/categories\/173","targetHints":{"allow":["GET"]}}],"collection":[{"href":"https:\/\/agora.xtec.cat\/ieslamallola\/wp-json\/wp\/v2\/categories"}],"about":[{"href":"https:\/\/agora.xtec.cat\/ieslamallola\/wp-json\/wp\/v2\/taxonomies\/category"}],"wp:post_type":[{"href":"https:\/\/agora.xtec.cat\/ieslamallola\/wp-json\/wp\/v2\/posts?categories=173"}],"curies":[{"name":"wp","href":"https:\/\/api.w.org\/{rel}","templated":true}]}}