{"id":167,"count":2,"description":"<div class=\"flex flex-col text-sm pb-25\"><section class=\"text-token-text-primary w-full focus:outline-none [--shadow-height:45px] has-data-writing-block:pointer-events-none has-data-writing-block:-mt-(--shadow-height) has-data-writing-block:pt-(--shadow-height) [&amp;:has([data-writing-block])&gt;*]:pointer-events-auto scroll-mt-[calc(var(--header-height)+min(200px,max(70px,20svh)))]\" dir=\"auto\" data-turn-id=\"request-6939d7f1-376c-8327-be21-ce4c8bb6469f-2\" data-testid=\"conversation-turn-164\" data-scroll-anchor=\"true\" data-turn=\"assistant\">\r\n<div class=\"text-base my-auto mx-auto pb-10 [--thread-content-margin:var(--thread-content-margin-xs,calc(var(--spacing)*4))] @w-sm\/main:[--thread-content-margin:var(--thread-content-margin-sm,calc(var(--spacing)*6))] @w-lg\/main:[--thread-content-margin:var(--thread-content-margin-lg,calc(var(--spacing)*16))] px-(--thread-content-margin)\">\r\n<div class=\"[--thread-content-max-width:40rem] @w-lg\/main:[--thread-content-max-width:48rem] mx-auto max-w-(--thread-content-max-width) flex-1 group\/turn-messages focus-visible:outline-hidden relative flex w-full min-w-0 flex-col agent-turn\">\r\n<div class=\"flex max-w-full flex-col gap-4 grow\">\r\n<div class=\"min-h-8 text-message relative flex w-full flex-col items-end gap-2 text-start break-words whitespace-normal outline-none keyboard-focused:focus-ring [.text-message+&amp;]:mt-1\" dir=\"auto\" tabindex=\"0\" data-message-author-role=\"assistant\" data-message-id=\"eb09c03c-d589-4ada-a460-a31bc83b95c3\" data-message-model-slug=\"gpt-5-3\" data-turn-start-message=\"true\">\r\n<div class=\"flex w-full flex-col gap-1 empty:hidden\">\r\n<div class=\"markdown prose dark:prose-invert w-full wrap-break-word dark markdown-new-styling\">\r\n<p data-start=\"45\" data-end=\"257\"><a href=\"https:\/\/agora.xtec.cat\/ieslamallola\/91b83313-9bb6-4b59-ac7b-9ecd37a8e5a3-1-1\/\" rel=\"attachment wp-att-5380\"><img class=\" wp-image-5380 aligncenter\" src=\"https:\/\/agora.xtec.cat\/ieslamallola\/wp-content\/uploads\/usu515\/2026\/03\/91b83313-9bb6-4b59-ac7b-9ecd37a8e5a3-1-1-300x169.jpg\" alt=\"\" width=\"579\" height=\"326\" \/><\/a><\/p>\r\n<p data-start=\"45\" data-end=\"257\">L\u2019alumnat de <strong data-start=\"58\" data-end=\"70\">3r d\u2019ESO<\/strong> participa en un intercanvi amb un centre educatiu d\u2019<strong data-start=\"123\" data-end=\"148\">Ahrensburg (Alemanya)<\/strong>, una experi\u00e8ncia educativa de gran valor que forma part del projecte de <strong data-start=\"221\" data-end=\"245\">lleng\u00fces estrangeres<\/strong> del centre.<\/p>\r\n<p data-start=\"259\" data-end=\"614\">Aquest tipus d\u2019iniciatives ofereixen a l\u2019alumnat una oportunitat \u00fanica per <strong data-start=\"334\" data-end=\"361\">aprendre fora de l\u2019aula<\/strong>, en contextos reals i significatius. La conviv\u00e8ncia amb un\/a <strong data-start=\"423\" data-end=\"434\">partner<\/strong> i la seva fam\u00edlia permet desenvolupar compet\u00e8ncies ling\u00fc\u00edstiques de manera natural, alhora que fomenta l\u2019<strong data-start=\"540\" data-end=\"562\">autonomia personal<\/strong>, la capacitat d\u2019adaptaci\u00f3 i les habilitats socials.<\/p>\r\n<p data-start=\"616\" data-end=\"986\">Des del punt de vista pedag\u00f2gic, l\u2019experi\u00e8ncia contribueix de manera molt positiva a la <strong data-start=\"704\" data-end=\"742\">consolidaci\u00f3 de la llengua anglesa<\/strong> com a llengua de comunicaci\u00f3, i alhora facilita la <strong data-start=\"794\" data-end=\"849\">pr\u00e0ctica de la segona llengua estrangera, l\u2019alemany<\/strong>, en situacions quotidianes. Aquesta immersi\u00f3 ling\u00fc\u00edstica afavoreix la confian\u00e7a de l\u2019alumnat i millora la seva compet\u00e8ncia comunicativa.<\/p>\r\n<p data-start=\"988\" data-end=\"1202\">A m\u00e9s, l\u2019intercanvi promou el <strong data-start=\"1018\" data-end=\"1047\">coneixement intercultural<\/strong>, ajudant l\u2019alumnat a comprendre altres maneres de viure, pensar i relacionar-se, tot fomentant valors com el respecte, la conviv\u00e8ncia i l\u2019obertura al m\u00f3n.<\/p>\r\n<p data-start=\"1204\" data-end=\"1370\">Des del <strong data-start=\"1212\" data-end=\"1239\">Departament de Lleng\u00fces<\/strong>, es valora molt positivament aquesta experi\u00e8ncia, tant per l\u2019impacte acad\u00e8mic com pel creixement personal que genera en l\u2019alumnat.<\/p>\r\n<p data-start=\"1372\" data-end=\"1457\" data-is-last-node=\"\" data-is-only-node=\"\">A La Mallola, entenem que educar tamb\u00e9 \u00e9s viure, compartir i connectar amb el m\u00f3n. \ud83d\udc9b<\/p>\r\n\r\n<\/div>\r\n<\/div>\r\n<\/div>\r\n<\/div>\r\n<div class=\"z-0 flex min-h-[46px] justify-start\"><\/div>\r\n<\/div>\r\n<\/div>\r\n<\/section><\/div>\r\n<strong>\ud83e\udd1d Com funciona?<\/strong>\r\nDurant el mes de mar\u00e7, els nostres alumnes viatjaran a Alemanya per a una estada emocionant, on seran acollits per les fam\u00edlies dels estudiants del nostre institut amic a Ahrensburg. Viatjaran, exploraran i aprendran sobre la cultura alemanya directament des de la perspectiva local.\r\n\r\nA continuaci\u00f3, al mes de juny, ser\u00e0 el torn dels estudiants d'Ahrensburg de viatjar a Esplugues de Llobregat. Aquesta vegada, ser\u00e0 la nostra comunitat qui els obri les portes i els brindi una c\u00e0lida benvinguda mentre comparteixen experi\u00e8ncies, tradicions i amistats duradores.\r\n\r\n<strong>\ud83c\udf1f Per qu\u00e8 \u00e9s important?<\/strong>\r\nAquest intercanvi no nom\u00e9s ofereix als nostres alumnes l'oportunitat d'aprendre un nou idioma i explorar una nova cultura, sin\u00f3 que tamb\u00e9 promou la comprensi\u00f3 intercultural, el respecte mutu i la cooperaci\u00f3 global. A m\u00e9s, permet construir vincles forts entre les nostres comunitats, enfortint l'agermanament entre Esplugues de Llobregat i Ahrensburg.\r\n\r\n<strong>\ud83c\udf93 A qui est\u00e0 dirigit?<\/strong>\r\nA tots els estudiants de l'Institut La Mallola interessats en ampliar els seus horitzons, viure una experi\u00e8ncia \u00fanica i fer amics d'arreu del m\u00f3n. \u00c9s una oportunitat que no es pot deixar escapar!\r\n\r\n\u00a1Ens veiem a Alemanya i benvinguts a Esplugues de Llobregat! \ud83c\udf0d\ud83c\udde9\ud83c\uddea\ud83c\uddea\ud83c\uddf8\r\n\r\n#IntercanviLaMallola #Experi\u00e8nciaInternacional #CulturaCompartida #AgermanamentAhrensburg #EspluguesDeLlobregat\r\n\r\n<a href=\"https:\/\/agora.xtec.cat\/ieslamallola\/whatsapp-image-2024-02-28-at-14-52-15\/\" rel=\"attachment wp-att-4511\"><img class=\"alignnone size-full wp-image-4511\" src=\"https:\/\/agora.xtec.cat\/ieslamallola\/wp-content\/uploads\/usu515\/2024\/02\/WhatsApp-Image-2024-02-28-at-14.52.15.jpeg\" alt=\"\" width=\"2000\" height=\"1124\" \/><\/a>\r\n\r\n<a href=\"https:\/\/agora.xtec.cat\/ieslamallola\/whatsapp-image-2024-02-28-at-14-53-27\/\" rel=\"attachment wp-att-4512\"><img class=\"alignnone size-full wp-image-4512\" src=\"https:\/\/agora.xtec.cat\/ieslamallola\/wp-content\/uploads\/usu515\/2024\/02\/WhatsApp-Image-2024-02-28-at-14.53.27.jpeg\" alt=\"\" width=\"2000\" height=\"1124\" \/><\/a>\r\n\r\n<a href=\"https:\/\/agora.xtec.cat\/ieslamallola\/whatsapp-image-2024-02-28-at-14-54-38\/\" rel=\"attachment wp-att-4513\"><img class=\"alignnone size-full wp-image-4513\" src=\"https:\/\/agora.xtec.cat\/ieslamallola\/wp-content\/uploads\/usu515\/2024\/02\/WhatsApp-Image-2024-02-28-at-14.54.38.jpeg\" alt=\"\" width=\"1600\" height=\"899\" \/><\/a>\r\n\r\n<a href=\"https:\/\/agora.xtec.cat\/ieslamallola\/whatsapp-image-2024-02-28-at-14-55-24\/\" rel=\"attachment wp-att-4514\"><img class=\"alignnone size-full wp-image-4514\" src=\"https:\/\/agora.xtec.cat\/ieslamallola\/wp-content\/uploads\/usu515\/2024\/02\/WhatsApp-Image-2024-02-28-at-14.55.24.jpeg\" alt=\"\" width=\"1600\" height=\"899\" \/><\/a>\r\n\r\n<a href=\"https:\/\/agora.xtec.cat\/ieslamallola\/whatsapp-image-2024-02-28-at-15-00-47\/\" rel=\"attachment wp-att-4515\"><img class=\"alignnone size-full wp-image-4515\" src=\"https:\/\/agora.xtec.cat\/ieslamallola\/wp-content\/uploads\/usu515\/2024\/02\/WhatsApp-Image-2024-02-28-at-15.00.47.jpeg\" alt=\"\" width=\"2000\" height=\"1124\" \/><\/a>","link":"https:\/\/agora.xtec.cat\/ieslamallola\/categoria\/ahrensburg\/","name":"Intercanvi amb Ahrensburg","slug":"ahrensburg","taxonomy":"category","parent":0,"meta":[],"_links":{"self":[{"href":"https:\/\/agora.xtec.cat\/ieslamallola\/wp-json\/wp\/v2\/categories\/167","targetHints":{"allow":["GET"]}}],"collection":[{"href":"https:\/\/agora.xtec.cat\/ieslamallola\/wp-json\/wp\/v2\/categories"}],"about":[{"href":"https:\/\/agora.xtec.cat\/ieslamallola\/wp-json\/wp\/v2\/taxonomies\/category"}],"wp:post_type":[{"href":"https:\/\/agora.xtec.cat\/ieslamallola\/wp-json\/wp\/v2\/posts?categories=167"}],"curies":[{"name":"wp","href":"https:\/\/api.w.org\/{rel}","templated":true}]}}