{"id":165,"count":6,"description":"Benvinguts a la secci\u00f3 de la Revista Trimestral de l'Institut La Mallola! Estem encantats de presentar-vos una finestra a la creativitat, el talent i les veus dels nostres estudiants a trav\u00e9s d'aquesta publicaci\u00f3 \u00fanica.\r\n\r\nCada trimestre, el nostre alumnat treballa per crear una revista que reflecteixi la vida escolar, les inquietuds, els \u00e8xits i les experi\u00e8ncies de la nostra comunitat educativa. Des de reportatges sobre esdeveniments escolars fins a entrevistes amb estudiants i membres del personal, passant per reflexions personals, poesia i art, la nostra revista ofereix una visi\u00f3 variada i vibrant de la vida a l'Institut La Mallola.\r\n\r\nEn aquesta secci\u00f3, podreu accedir als n\u00fameros m\u00e9s recents de la nostra revista, aix\u00ed com a edicions anteriors que mostren la evoluci\u00f3 i la diversitat dels nostres continguts. Us convidem a explorar, llegir i compartir amb la nostra comunitat aquesta celebraci\u00f3 de la creativitat i el talent del nostre alumnat.","link":"https:\/\/agora.xtec.cat\/ieslamallola\/categoria\/revista\/","name":"La Mallola t'informa!","slug":"revista","taxonomy":"category","parent":0,"meta":[],"_links":{"self":[{"href":"https:\/\/agora.xtec.cat\/ieslamallola\/wp-json\/wp\/v2\/categories\/165","targetHints":{"allow":["GET"]}}],"collection":[{"href":"https:\/\/agora.xtec.cat\/ieslamallola\/wp-json\/wp\/v2\/categories"}],"about":[{"href":"https:\/\/agora.xtec.cat\/ieslamallola\/wp-json\/wp\/v2\/taxonomies\/category"}],"wp:post_type":[{"href":"https:\/\/agora.xtec.cat\/ieslamallola\/wp-json\/wp\/v2\/posts?categories=165"}],"curies":[{"name":"wp","href":"https:\/\/api.w.org\/{rel}","templated":true}]}}