{"id":161,"count":1,"description":"Benvinguts a la Mallola, un centre comprom\u00e8s amb l'excel\u00b7l\u00e8ncia acad\u00e8mica i el desenvolupament integral dels seus estudiants. Les nostres instal\u00b7lacions, que destaquen per la seva planta quadrada, ofereixen un entorn \u00e0gil i funcional que fomenta la col\u00b7laboraci\u00f3 i la creativitat. El nostre gran hall interior, \u00e9s el cor del nostre centre, on es desenvolupen diverses activitats educatives i es fomenta la interacci\u00f3 entre alumnat i professorat.\r\n\r\n<a href=\"https:\/\/agora.xtec.cat\/ieslamallola\/captura-de-pantalla-2024-02-28-195343\/\" rel=\"attachment wp-att-4503\"><img class=\"alignnone size-full wp-image-4503\" src=\"https:\/\/agora.xtec.cat\/ieslamallola\/wp-content\/uploads\/usu515\/2024\/02\/Captura-de-pantalla-2024-02-28-195343.jpg\" alt=\"\" width=\"933\" height=\"696\" \/><\/a>\r\n\r\nLes aules, distribu\u00efdes al voltant del pati interior, estan dissenyades per optimitzar l'aprenentatge dels estudiants. Amb una distribuci\u00f3 ergon\u00f2mica i equilibrada, ofereixen un ambient propici per a la concentraci\u00f3 i la participaci\u00f3 activa. Equipades amb una pantalla on el professorat connecta el seu dispositiu per fer classe amb recursos did\u00e0ctics actualitzats.\r\n\r\nEls laboratoris cient\u00edfics\u00a0 i de tecnologia, situats estrat\u00e8gicament al costat dels aules, estan equipats per a realitzar experiments i investigacions en \u00e0rees com la qu\u00edmica, la f\u00edsica i la biologia. Amb la supervisi\u00f3 dels nostres professors experts, els estudiants tenen l'oportunitat de posar en pr\u00e0ctica els seus coneixements i desenvolupar habilitats pr\u00e0ctiques essencials.\r\n\r\nLa nostra biblioteca, situada a prop del pati interior, \u00e9s un espai de descobriment i recerca i ofereix un entorn propici per a la investigaci\u00f3 aut\u00f2noma i la curiositat intel\u00b7lectual dels estudiants.\r\n\r\nLes nostres instal\u00b7lacions esportives, accessibles des del pati interior, ofereixen un espai per a l'activitat f\u00edsica i la recreaci\u00f3. Amb pistes poliesportives, gimn\u00e0s i vestuaris, els estudiants poden participar en una \u00e0mplia gamma d'activitats esportives i desenvolupar h\u00e0bits de vida saludables. Actualment estem treballant per realitzar un projecte de millora del pati, per oferir a l'alumnat zones verdes on poder esbargir-se al descans i on, fins i tot, poder traslladar algunes classes en dies de bon temps.\r\n\r\n<a href=\"https:\/\/agora.xtec.cat\/ieslamallola\/captura-de-pantalla-2024-02-28-201351\/\" rel=\"attachment wp-att-4505\"><img class=\"alignnone size-full wp-image-4505\" src=\"https:\/\/agora.xtec.cat\/ieslamallola\/wp-content\/uploads\/usu515\/2024\/02\/Captura-de-pantalla-2024-02-28-201351.jpg\" alt=\"\" width=\"922\" height=\"451\" \/><\/a> <a href=\"https:\/\/agora.xtec.cat\/ieslamallola\/captura-de-pantalla-2024-02-28-201440\/\" rel=\"attachment wp-att-4506\"><img class=\"alignnone size-full wp-image-4506\" src=\"https:\/\/agora.xtec.cat\/ieslamallola\/wp-content\/uploads\/usu515\/2024\/02\/Captura-de-pantalla-2024-02-28-201440.jpg\" alt=\"\" width=\"532\" height=\"436\" \/><\/a>\r\n\r\nA la Mallola, reconeixem la import\u00e0ncia de fomentar la creativitat i l'expressi\u00f3 art\u00edstica. Disposem d'espais dedicats a les arts visuals, la m\u00fasica i el teatre, on els estudiants poden explorar el seu costat creatiu i desenvolupar habilitats art\u00edstiques que enriquiran les seves vides i experi\u00e8ncies educatives.\r\n\r\nEl nostre institut tamb\u00e9 compta amb un magn\u00edfic auditori situat entre el gimn\u00e0s i el pati interior. Amb un escenari i capacitat per a una gran audi\u00e8ncia, l'auditori \u00e9s l'espai ideal per a celebrar festivals de Nadal, cerim\u00f2nies de graduaci\u00f3 i altres actes importants que enriqueixen la vida estudiantil i comunit\u00e0ria.\r\n\r\n<a href=\"https:\/\/agora.xtec.cat\/ieslamallola\/captura-de-pantalla-2024-02-28-201142\/\" rel=\"attachment wp-att-4504\"><img class=\"alignnone size-full wp-image-4504\" src=\"https:\/\/agora.xtec.cat\/ieslamallola\/wp-content\/uploads\/usu515\/2024\/02\/Captura-de-pantalla-2024-02-28-201142.jpg\" alt=\"\" width=\"754\" height=\"579\" \/><\/a>\r\n\r\nLes instal\u00b7lacions de l'Institut La Mallola ofereixen un entorn din\u00e0mic i vers\u00e0til on els estudiants poden cr\u00e9ixer, aprendre i excel\u00b7lir en tots els \u00e0mbits de la vida. Amb una estructura moderna i funcional, aix\u00ed com una \u00e0mplia gamma d'espais i recursos, estem compromesos a proporcionar als nostres estudiants les millors oportunitats per al seu desenvolupament personal i acad\u00e8mic.\r\n\r\n&nbsp;\r\n\r\n&nbsp;\r\n\r\n&nbsp;","link":"https:\/\/agora.xtec.cat\/ieslamallola\/categoria\/installacions\/","name":"Instal\u00b7lacions del centre","slug":"installacions","taxonomy":"category","parent":0,"meta":[],"_links":{"self":[{"href":"https:\/\/agora.xtec.cat\/ieslamallola\/wp-json\/wp\/v2\/categories\/161","targetHints":{"allow":["GET"]}}],"collection":[{"href":"https:\/\/agora.xtec.cat\/ieslamallola\/wp-json\/wp\/v2\/categories"}],"about":[{"href":"https:\/\/agora.xtec.cat\/ieslamallola\/wp-json\/wp\/v2\/taxonomies\/category"}],"wp:post_type":[{"href":"https:\/\/agora.xtec.cat\/ieslamallola\/wp-json\/wp\/v2\/posts?categories=161"}],"curies":[{"name":"wp","href":"https:\/\/api.w.org\/{rel}","templated":true}]}}