{"id":4764,"date":"2025-02-19T11:42:09","date_gmt":"2025-02-19T10:42:09","guid":{"rendered":"https:\/\/agora.xtec.cat\/ieslallauna\/?p=4764"},"modified":"2025-02-19T11:42:53","modified_gmt":"2025-02-19T10:42:53","slug":"3a-edicio-deurodiputats-per-un-dia-esperit-critic-i-debat","status":"publish","type":"post","link":"https:\/\/agora.xtec.cat\/ieslallauna\/eso\/3a-edicio-deurodiputats-per-un-dia-esperit-critic-i-debat\/","title":{"rendered":"3a edici\u00f3 d&#8217;Eurodiputats per un dia. Esperit cr\u00edtic i debat"},"content":{"rendered":"<p style=\"text-align: justify;\">El passat 12 de febrer es va celebrar la tercera edici\u00f3 d\u2019Eurodiputats per un dia. Els alumnes de 4t d\u2019ESO de diferents instituts de Badalona es van reunir al teatre Margarida Xirgu per debatre sobre el desenc\u00eds dels joves per la pol\u00edtica i van tenir l\u2019oportunitat de posar-se a la pell dels eurodiputats. De La Llauna hi van participar disset alumnes de 4t d&#8217;ESO i quatre de Batxillerat. A m\u00e9s a m\u00e9s, la presidenta de la jornada, la Paula L\u00f3pez, \u00e9s una antiga alumna de l&#8217;institut.<\/p>\n<p style=\"text-align: justify;\">Aquesta activitat no nom\u00e9s ha servit per fomentar l\u2019esperit cr\u00edtic i el debat entre els estudiants, sin\u00f3 que tamb\u00e9 ha estat el resultat d\u2019un treball previ intens. Mesos abans, els alumnes de Batxillerat de diversos centres van assumir el paper de Comissi\u00f3 de Redacci\u00f3, encarregant-se de preparar les resolucions que es van debatre durant la jornada. Aquest proc\u00e9s va permetre als estudiants aprofundir en q\u00fcestions pol\u00edtiques actuals i viure de primera m\u00e0 el funcionament d\u2019un debat parlamentari.<\/p>\n<p style=\"text-align: justify;\">Amb aquesta tercera edici\u00f3 d\u2019Eurodiputats per un dia els alumnes, deixant el seu rol d\u2019estudiants, han aconseguit atrapar-se dins el m\u00f3n de l\u2019orat\u00f2ria i la pol\u00edtica. Amb esfor\u00e7 i dedicaci\u00f3, han demostrat que els joves no nom\u00e9s tenen inter\u00e8s en la pol\u00edtica, sin\u00f3 que tamb\u00e9 tenen molt a dir i aportar.<\/p>\n<p style=\"text-align: justify;\">Al final d\u2019aquesta jornada, van poder gaudir d\u2019un vermut preparat pels estudiants del grau de cuina d\u2019Eugeni d\u2019Ors i els alumnes de La Llauna van anar-se&#8217;n del teatre amb una experi\u00e8ncia enriquidora i la panxa plena.<\/p>\n<p style=\"text-align: right;\">Text escrit per Jana Fulquet Tormo, 2n de Batxillerat<\/p>\n<p style=\"text-align: center;\"><a href=\"https:\/\/agora.xtec.cat\/ieslallauna\/wp-content\/uploads\/usu21\/2025\/02\/europ5.jpg\"><img loading=\"lazy\" decoding=\"async\" class=\"alignnone size-thumbnail wp-image-4769\" src=\"https:\/\/agora.xtec.cat\/ieslallauna\/wp-content\/uploads\/usu21\/2025\/02\/europ5-150x150.jpg\" alt=\"\" width=\"150\" height=\"150\" \/><\/a> <a href=\"https:\/\/agora.xtec.cat\/ieslallauna\/wp-content\/uploads\/usu21\/2025\/02\/europ2.jpg\"><img loading=\"lazy\" decoding=\"async\" class=\"alignnone size-thumbnail wp-image-4772\" src=\"https:\/\/agora.xtec.cat\/ieslallauna\/wp-content\/uploads\/usu21\/2025\/02\/europ2-150x150.jpg\" alt=\"\" width=\"150\" height=\"150\" \/><\/a> <a href=\"https:\/\/agora.xtec.cat\/ieslallauna\/wp-content\/uploads\/usu21\/2025\/02\/europ6llarga2.jpg\"><img loading=\"lazy\" decoding=\"async\" class=\"alignnone size-thumbnail wp-image-4766\" src=\"https:\/\/agora.xtec.cat\/ieslallauna\/wp-content\/uploads\/usu21\/2025\/02\/europ6llarga2-150x150.jpg\" alt=\"\" width=\"150\" height=\"150\" \/><\/a> <a href=\"https:\/\/agora.xtec.cat\/ieslallauna\/wp-content\/uploads\/usu21\/2025\/02\/europ6llarga.jpg\"><img loading=\"lazy\" decoding=\"async\" class=\"alignnone size-thumbnail wp-image-4768\" src=\"https:\/\/agora.xtec.cat\/ieslallauna\/wp-content\/uploads\/usu21\/2025\/02\/europ6llarga-150x150.jpg\" alt=\"\" width=\"150\" height=\"150\" \/><\/a><\/p>\n","protected":false},"excerpt":{"rendered":"<p>El passat 12 de febrer es va celebrar la tercera edici\u00f3 d\u2019Eurodiputats per un dia. Els alumnes de 4t d\u2019ESO de diferents instituts de Badalona es van reunir al teatre Margarida Xirgu per debatre sobre el desenc\u00eds dels joves per la pol\u00edtica i van tenir l\u2019oportunitat de posar-se a la pell dels eurodiputats. De La [&hellip;]<\/p>\n","protected":false},"author":1,"featured_media":4770,"comment_status":"closed","ping_status":"closed","sticky":false,"template":"","format":"standard","meta":{"_bbp_topic_count":0,"_bbp_reply_count":0,"_bbp_total_topic_count":0,"_bbp_total_reply_count":0,"_bbp_voice_count":0,"_bbp_anonymous_reply_count":0,"_bbp_topic_count_hidden":0,"_bbp_reply_count_hidden":0,"_bbp_forum_subforum_count":0,"site-sidebar-layout":"default","site-content-layout":"","ast-site-content-layout":"","site-content-style":"default","site-sidebar-style":"default","ast-global-header-display":"","ast-banner-title-visibility":"","ast-main-header-display":"","ast-hfb-above-header-display":"","ast-hfb-below-header-display":"","ast-hfb-mobile-header-display":"","site-post-title":"","ast-breadcrumbs-content":"","ast-featured-img":"","footer-sml-layout":"","theme-transparent-header-meta":"","adv-header-id-meta":"","stick-header-meta":"","header-above-stick-meta":"","header-main-stick-meta":"","header-below-stick-meta":"","astra-migrate-meta-layouts":"default","ast-page-background-enabled":"default","ast-page-background-meta":{"desktop":{"background-color":"var(--ast-global-color-4)","background-image":"","background-repeat":"repeat","background-position":"center center","background-size":"auto","background-attachment":"scroll","background-type":"","background-media":"","overlay-type":"","overlay-color":"","overlay-opacity":"","overlay-gradient":""},"tablet":{"background-color":"","background-image":"","background-repeat":"repeat","background-position":"center center","background-size":"auto","background-attachment":"scroll","background-type":"","background-media":"","overlay-type":"","overlay-color":"","overlay-opacity":"","overlay-gradient":""},"mobile":{"background-color":"","background-image":"","background-repeat":"repeat","background-position":"center center","background-size":"auto","background-attachment":"scroll","background-type":"","background-media":"","overlay-type":"","overlay-color":"","overlay-opacity":"","overlay-gradient":""}},"ast-content-background-meta":{"desktop":{"background-color":"var(--ast-global-color-5)","background-image":"","background-repeat":"repeat","background-position":"center center","background-size":"auto","background-attachment":"scroll","background-type":"","background-media":"","overlay-type":"","overlay-color":"","overlay-opacity":"","overlay-gradient":""},"tablet":{"background-color":"var(--ast-global-color-5)","background-image":"","background-repeat":"repeat","background-position":"center center","background-size":"auto","background-attachment":"scroll","background-type":"","background-media":"","overlay-type":"","overlay-color":"","overlay-opacity":"","overlay-gradient":""},"mobile":{"background-color":"var(--ast-global-color-5)","background-image":"","background-repeat":"repeat","background-position":"center center","background-size":"auto","background-attachment":"scroll","background-type":"","background-media":"","overlay-type":"","overlay-color":"","overlay-opacity":"","overlay-gradient":""}},"footnotes":""},"categories":[105,8,106,107,163,3,7,29],"tags":[],"class_list":["post-4764","post","type-post","status-publish","format-standard","has-post-thumbnail","hentry","category-batxibac","category-batxillerat","category-batxillerat_1","category-batxillerat_2","category-catala","category-eso","category-eso-4","category-portada"],"post_mailing_queue_ids":[],"_links":{"self":[{"href":"https:\/\/agora.xtec.cat\/ieslallauna\/wp-json\/wp\/v2\/posts\/4764","targetHints":{"allow":["GET"]}}],"collection":[{"href":"https:\/\/agora.xtec.cat\/ieslallauna\/wp-json\/wp\/v2\/posts"}],"about":[{"href":"https:\/\/agora.xtec.cat\/ieslallauna\/wp-json\/wp\/v2\/types\/post"}],"author":[{"embeddable":true,"href":"https:\/\/agora.xtec.cat\/ieslallauna\/wp-json\/wp\/v2\/users\/1"}],"replies":[{"embeddable":true,"href":"https:\/\/agora.xtec.cat\/ieslallauna\/wp-json\/wp\/v2\/comments?post=4764"}],"version-history":[{"count":2,"href":"https:\/\/agora.xtec.cat\/ieslallauna\/wp-json\/wp\/v2\/posts\/4764\/revisions"}],"predecessor-version":[{"id":4774,"href":"https:\/\/agora.xtec.cat\/ieslallauna\/wp-json\/wp\/v2\/posts\/4764\/revisions\/4774"}],"wp:featuredmedia":[{"embeddable":true,"href":"https:\/\/agora.xtec.cat\/ieslallauna\/wp-json\/wp\/v2\/media\/4770"}],"wp:attachment":[{"href":"https:\/\/agora.xtec.cat\/ieslallauna\/wp-json\/wp\/v2\/media?parent=4764"}],"wp:term":[{"taxonomy":"category","embeddable":true,"href":"https:\/\/agora.xtec.cat\/ieslallauna\/wp-json\/wp\/v2\/categories?post=4764"},{"taxonomy":"post_tag","embeddable":true,"href":"https:\/\/agora.xtec.cat\/ieslallauna\/wp-json\/wp\/v2\/tags?post=4764"}],"curies":[{"name":"wp","href":"https:\/\/api.w.org\/{rel}","templated":true}]}}