{"id":3934,"date":"2024-02-06T14:48:48","date_gmt":"2024-02-06T13:48:48","guid":{"rendered":"https:\/\/agora.xtec.cat\/ieslallauna\/?p=3934"},"modified":"2024-02-06T14:48:48","modified_gmt":"2024-02-06T13:48:48","slug":"exit-dassistencia-a-una-nova-vetllada-desceniques-lallauna","status":"publish","type":"post","link":"https:\/\/agora.xtec.cat\/ieslallauna\/eso\/exit-dassistencia-a-una-nova-vetllada-desceniques-lallauna\/","title":{"rendered":"\u00c8xit d\u2019assist\u00e8ncia a una nova vetllada d\u2019Esc\u00e8niques.LaLlauna!!!"},"content":{"rendered":"<p>Gaireb\u00e9 una trentena d\u2019alumnes s&#8217;han apuntat a venir al teatre en horari de vespre. Hem anat al <a href=\"https:\/\/www.teatrelliure.com\/ca\" target=\"_blank\" rel=\"noopener\">@teatrelliure de Gr\u00e0cia <\/a>per visionar-hi <a href=\"https:\/\/www.teatrelliure.com\/ca\/sisif-fa-no-fa\" target=\"_blank\" rel=\"noopener\">S\u00edsif fa no fa<\/a>, una obra postmoderna, d&#8217;escena h\u00edbrida (teatre, art body i m\u00fasica instrumental), que recrea el mite cl\u00e0ssic de S\u00edsif i la seva incansable pedra gravitat\u00f2ria. \u200e<\/p>\n<p style=\"text-align: center;\"><a href=\"https:\/\/agora.xtec.cat\/ieslallauna\/wp-content\/uploads\/usu21\/2024\/02\/teatre3.jpg\"><img loading=\"lazy\" decoding=\"async\" class=\"alignnone size-thumbnail wp-image-3937\" src=\"https:\/\/agora.xtec.cat\/ieslallauna\/wp-content\/uploads\/usu21\/2024\/02\/teatre3-150x150.jpg\" alt=\"\" width=\"150\" height=\"150\" \/><\/a> <a href=\"https:\/\/agora.xtec.cat\/ieslallauna\/wp-content\/uploads\/usu21\/2024\/02\/teatre1.jpg\"><img loading=\"lazy\" decoding=\"async\" class=\"alignnone size-thumbnail wp-image-3935\" src=\"https:\/\/agora.xtec.cat\/ieslallauna\/wp-content\/uploads\/usu21\/2024\/02\/teatre1-150x150.jpg\" alt=\"\" width=\"150\" height=\"150\" \/><\/a> <a href=\"https:\/\/agora.xtec.cat\/ieslallauna\/wp-content\/uploads\/usu21\/2024\/02\/teatre2.jpg\"><img loading=\"lazy\" decoding=\"async\" class=\"alignnone size-thumbnail wp-image-3936\" src=\"https:\/\/agora.xtec.cat\/ieslallauna\/wp-content\/uploads\/usu21\/2024\/02\/teatre2-150x150.jpg\" alt=\"\" width=\"150\" height=\"150\" \/><\/a><\/p>\n","protected":false},"excerpt":{"rendered":"<p>Gaireb\u00e9 una trentena d\u2019alumnes s&#8217;han apuntat a venir al teatre en horari de vespre. Hem anat al @teatrelliure de Gr\u00e0cia per visionar-hi S\u00edsif fa no fa, una obra postmoderna, d&#8217;escena h\u00edbrida (teatre, art body i m\u00fasica instrumental), que recrea el mite cl\u00e0ssic de S\u00edsif i la seva incansable pedra gravitat\u00f2ria. \u200e<\/p>\n","protected":false},"author":1,"featured_media":3936,"comment_status":"closed","ping_status":"closed","sticky":false,"template":"","format":"standard","meta":{"_bbp_topic_count":0,"_bbp_reply_count":0,"_bbp_total_topic_count":0,"_bbp_total_reply_count":0,"_bbp_voice_count":0,"_bbp_anonymous_reply_count":0,"_bbp_topic_count_hidden":0,"_bbp_reply_count_hidden":0,"_bbp_forum_subforum_count":0,"site-sidebar-layout":"default","site-content-layout":"","ast-site-content-layout":"","site-content-style":"default","site-sidebar-style":"default","ast-global-header-display":"","ast-banner-title-visibility":"","ast-main-header-display":"","ast-hfb-above-header-display":"","ast-hfb-below-header-display":"","ast-hfb-mobile-header-display":"","site-post-title":"","ast-breadcrumbs-content":"","ast-featured-img":"","footer-sml-layout":"","theme-transparent-header-meta":"","adv-header-id-meta":"","stick-header-meta":"","header-above-stick-meta":"","header-main-stick-meta":"","header-below-stick-meta":"","astra-migrate-meta-layouts":"default","ast-page-background-enabled":"default","ast-page-background-meta":{"desktop":{"background-color":"var(--ast-global-color-4)","background-image":"","background-repeat":"repeat","background-position":"center center","background-size":"auto","background-attachment":"scroll","background-type":"","background-media":"","overlay-type":"","overlay-color":"","overlay-opacity":"","overlay-gradient":""},"tablet":{"background-color":"","background-image":"","background-repeat":"repeat","background-position":"center center","background-size":"auto","background-attachment":"scroll","background-type":"","background-media":"","overlay-type":"","overlay-color":"","overlay-opacity":"","overlay-gradient":""},"mobile":{"background-color":"","background-image":"","background-repeat":"repeat","background-position":"center center","background-size":"auto","background-attachment":"scroll","background-type":"","background-media":"","overlay-type":"","overlay-color":"","overlay-opacity":"","overlay-gradient":""}},"ast-content-background-meta":{"desktop":{"background-color":"var(--ast-global-color-5)","background-image":"","background-repeat":"repeat","background-position":"center center","background-size":"auto","background-attachment":"scroll","background-type":"","background-media":"","overlay-type":"","overlay-color":"","overlay-opacity":"","overlay-gradient":""},"tablet":{"background-color":"var(--ast-global-color-5)","background-image":"","background-repeat":"repeat","background-position":"center center","background-size":"auto","background-attachment":"scroll","background-type":"","background-media":"","overlay-type":"","overlay-color":"","overlay-opacity":"","overlay-gradient":""},"mobile":{"background-color":"var(--ast-global-color-5)","background-image":"","background-repeat":"repeat","background-position":"center center","background-size":"auto","background-attachment":"scroll","background-type":"","background-media":"","overlay-type":"","overlay-color":"","overlay-opacity":"","overlay-gradient":""}},"footnotes":""},"categories":[118,8,106,107,163,197,3,4,5,6,7,29,178,212],"tags":[],"class_list":["post-3934","post","type-post","status-publish","format-standard","has-post-thumbnail","hentry","category-alumnat","category-batxillerat","category-batxillerat_1","category-batxillerat_2","category-catala","category-creacio-literaria","category-eso","category-eso-1","category-eso-2","category-eso-3","category-eso-4","category-portada","category-sortides","category-teatre"],"post_mailing_queue_ids":[],"_links":{"self":[{"href":"https:\/\/agora.xtec.cat\/ieslallauna\/wp-json\/wp\/v2\/posts\/3934","targetHints":{"allow":["GET"]}}],"collection":[{"href":"https:\/\/agora.xtec.cat\/ieslallauna\/wp-json\/wp\/v2\/posts"}],"about":[{"href":"https:\/\/agora.xtec.cat\/ieslallauna\/wp-json\/wp\/v2\/types\/post"}],"author":[{"embeddable":true,"href":"https:\/\/agora.xtec.cat\/ieslallauna\/wp-json\/wp\/v2\/users\/1"}],"replies":[{"embeddable":true,"href":"https:\/\/agora.xtec.cat\/ieslallauna\/wp-json\/wp\/v2\/comments?post=3934"}],"version-history":[{"count":1,"href":"https:\/\/agora.xtec.cat\/ieslallauna\/wp-json\/wp\/v2\/posts\/3934\/revisions"}],"predecessor-version":[{"id":3938,"href":"https:\/\/agora.xtec.cat\/ieslallauna\/wp-json\/wp\/v2\/posts\/3934\/revisions\/3938"}],"wp:featuredmedia":[{"embeddable":true,"href":"https:\/\/agora.xtec.cat\/ieslallauna\/wp-json\/wp\/v2\/media\/3936"}],"wp:attachment":[{"href":"https:\/\/agora.xtec.cat\/ieslallauna\/wp-json\/wp\/v2\/media?parent=3934"}],"wp:term":[{"taxonomy":"category","embeddable":true,"href":"https:\/\/agora.xtec.cat\/ieslallauna\/wp-json\/wp\/v2\/categories?post=3934"},{"taxonomy":"post_tag","embeddable":true,"href":"https:\/\/agora.xtec.cat\/ieslallauna\/wp-json\/wp\/v2\/tags?post=3934"}],"curies":[{"name":"wp","href":"https:\/\/api.w.org\/{rel}","templated":true}]}}