{"id":3185,"date":"2023-01-30T09:46:04","date_gmt":"2023-01-30T08:46:04","guid":{"rendered":"https:\/\/agora.xtec.cat\/ieslallauna\/?p=3185"},"modified":"2023-01-30T10:01:17","modified_gmt":"2023-01-30T09:01:17","slug":"marta-vallverdu-torna-a-la-llauna-a-presentar-el-seu-assaig","status":"publish","type":"post","link":"https:\/\/agora.xtec.cat\/ieslallauna\/eso\/marta-vallverdu-torna-a-la-llauna-a-presentar-el-seu-assaig\/","title":{"rendered":"Marta Vallverd\u00fa torna a La Llauna a presentar el seu assaig SEIXANTISME"},"content":{"rendered":"<p style=\"font-weight: 400; text-align: justify;\">La professora jubilada Marta Vallverd\u00fa i Borr\u00e0s ha publicat finalment l&#8217;assaig:\u00a0<em><a href=\"https:\/\/llegirencatala.cat\/llibres\/seixantisme\/\" target=\"_blank\" rel=\"noopener\">Seixantisme: l\u2019esclat cultural catal\u00e0 als anys 60<\/a>.\u00a0<\/em>Est\u00e0 tenint una bona recepci\u00f3. El cr\u00edtic Jordi Nopca del diari <em>Ara<\/em> el considera una de les 50 lectures imprescindibles del 2023. I \u00e9s clar, a Badalona, el presentar\u00e0 a La Llauna. La comunitat educativa del nostre centre i totes les persones interessades hi estan convidades. Ser\u00e0 dilluns dia 6 de febrer, a les 17.30.\u00a0 Les nostres exalumnes Carla i Laia Arce, de la <a href=\"https:\/\/www.llibreriamitjamosca.com\/\" target=\"_blank\" rel=\"noopener\">llibreria Mitja Mosca<\/a>, el posaran a la venda al mateix centre. Tindrem com a introductors en Marcel Mauri, exalumne, i el professor Miquel Zaur\u00edn. Us hi esperem!<a href=\"https:\/\/agora.xtec.cat\/ieslallauna\/wp-content\/uploads\/usu21\/2023\/01\/llibremarta.jpg\"><img loading=\"lazy\" decoding=\"async\" class=\"alignnone size-thumbnail wp-image-3186 aligncenter\" src=\"https:\/\/agora.xtec.cat\/ieslallauna\/wp-content\/uploads\/usu21\/2023\/01\/llibremarta-150x150.jpg\" alt=\"\" width=\"150\" height=\"150\" \/><\/a><\/p>\n","protected":false},"excerpt":{"rendered":"<p>La professora jubilada Marta Vallverd\u00fa i Borr\u00e0s ha publicat finalment l&#8217;assaig:\u00a0Seixantisme: l\u2019esclat cultural catal\u00e0 als anys 60.\u00a0Est\u00e0 tenint una bona recepci\u00f3. El cr\u00edtic Jordi Nopca del diari Ara el considera una de les 50 lectures imprescindibles del 2023. I \u00e9s clar, a Badalona, el presentar\u00e0 a La Llauna. La comunitat educativa del nostre centre i [&hellip;]<\/p>\n","protected":false},"author":1,"featured_media":3186,"comment_status":"closed","ping_status":"closed","sticky":false,"template":"","format":"standard","meta":{"_bbp_topic_count":0,"_bbp_reply_count":0,"_bbp_total_topic_count":0,"_bbp_total_reply_count":0,"_bbp_voice_count":0,"_bbp_anonymous_reply_count":0,"_bbp_topic_count_hidden":0,"_bbp_reply_count_hidden":0,"_bbp_forum_subforum_count":0,"site-sidebar-layout":"default","site-content-layout":"","ast-site-content-layout":"","site-content-style":"default","site-sidebar-style":"default","ast-global-header-display":"","ast-banner-title-visibility":"","ast-main-header-display":"","ast-hfb-above-header-display":"","ast-hfb-below-header-display":"","ast-hfb-mobile-header-display":"","site-post-title":"","ast-breadcrumbs-content":"","ast-featured-img":"","footer-sml-layout":"","theme-transparent-header-meta":"","adv-header-id-meta":"","stick-header-meta":"","header-above-stick-meta":"","header-main-stick-meta":"","header-below-stick-meta":"","astra-migrate-meta-layouts":"default","ast-page-background-enabled":"default","ast-page-background-meta":{"desktop":{"background-color":"var(--ast-global-color-4)","background-image":"","background-repeat":"repeat","background-position":"center center","background-size":"auto","background-attachment":"scroll","background-type":"","background-media":"","overlay-type":"","overlay-color":"","overlay-opacity":"","overlay-gradient":""},"tablet":{"background-color":"","background-image":"","background-repeat":"repeat","background-position":"center center","background-size":"auto","background-attachment":"scroll","background-type":"","background-media":"","overlay-type":"","overlay-color":"","overlay-opacity":"","overlay-gradient":""},"mobile":{"background-color":"","background-image":"","background-repeat":"repeat","background-position":"center center","background-size":"auto","background-attachment":"scroll","background-type":"","background-media":"","overlay-type":"","overlay-color":"","overlay-opacity":"","overlay-gradient":""}},"ast-content-background-meta":{"desktop":{"background-color":"var(--ast-global-color-5)","background-image":"","background-repeat":"repeat","background-position":"center center","background-size":"auto","background-attachment":"scroll","background-type":"","background-media":"","overlay-type":"","overlay-color":"","overlay-opacity":"","overlay-gradient":""},"tablet":{"background-color":"var(--ast-global-color-5)","background-image":"","background-repeat":"repeat","background-position":"center center","background-size":"auto","background-attachment":"scroll","background-type":"","background-media":"","overlay-type":"","overlay-color":"","overlay-opacity":"","overlay-gradient":""},"mobile":{"background-color":"var(--ast-global-color-5)","background-image":"","background-repeat":"repeat","background-position":"center center","background-size":"auto","background-attachment":"scroll","background-type":"","background-media":"","overlay-type":"","overlay-color":"","overlay-opacity":"","overlay-gradient":""}},"footnotes":""},"categories":[8,163,3,119,29,113],"tags":[],"class_list":["post-3185","post","type-post","status-publish","format-standard","has-post-thumbnail","hentry","category-batxillerat","category-catala","category-eso","category-families","category-portada","category-professorat"],"post_mailing_queue_ids":[],"_links":{"self":[{"href":"https:\/\/agora.xtec.cat\/ieslallauna\/wp-json\/wp\/v2\/posts\/3185","targetHints":{"allow":["GET"]}}],"collection":[{"href":"https:\/\/agora.xtec.cat\/ieslallauna\/wp-json\/wp\/v2\/posts"}],"about":[{"href":"https:\/\/agora.xtec.cat\/ieslallauna\/wp-json\/wp\/v2\/types\/post"}],"author":[{"embeddable":true,"href":"https:\/\/agora.xtec.cat\/ieslallauna\/wp-json\/wp\/v2\/users\/1"}],"replies":[{"embeddable":true,"href":"https:\/\/agora.xtec.cat\/ieslallauna\/wp-json\/wp\/v2\/comments?post=3185"}],"version-history":[{"count":2,"href":"https:\/\/agora.xtec.cat\/ieslallauna\/wp-json\/wp\/v2\/posts\/3185\/revisions"}],"predecessor-version":[{"id":3188,"href":"https:\/\/agora.xtec.cat\/ieslallauna\/wp-json\/wp\/v2\/posts\/3185\/revisions\/3188"}],"wp:featuredmedia":[{"embeddable":true,"href":"https:\/\/agora.xtec.cat\/ieslallauna\/wp-json\/wp\/v2\/media\/3186"}],"wp:attachment":[{"href":"https:\/\/agora.xtec.cat\/ieslallauna\/wp-json\/wp\/v2\/media?parent=3185"}],"wp:term":[{"taxonomy":"category","embeddable":true,"href":"https:\/\/agora.xtec.cat\/ieslallauna\/wp-json\/wp\/v2\/categories?post=3185"},{"taxonomy":"post_tag","embeddable":true,"href":"https:\/\/agora.xtec.cat\/ieslallauna\/wp-json\/wp\/v2\/tags?post=3185"}],"curies":[{"name":"wp","href":"https:\/\/api.w.org\/{rel}","templated":true}]}}