{"id":874,"date":"2019-06-18T11:09:22","date_gmt":"2019-06-18T09:09:22","guid":{"rendered":"https:\/\/agora.xtec.cat\/ieslajonquera\/?p=874"},"modified":"2019-06-18T11:22:43","modified_gmt":"2019-06-18T09:22:43","slug":"2n-deso-coneixement-de-lentorn-immediat","status":"publish","type":"post","link":"https:\/\/agora.xtec.cat\/ieslajonquera\/general\/2n-deso-coneixement-de-lentorn-immediat\/","title":{"rendered":"2n d&#8217;ESO: Coneixement de l&#8217;entorn immediat"},"content":{"rendered":"<p><a href=\"https:\/\/agora.xtec.cat\/ieslajonquera\/wp-content\/uploads\/usu2014\/2019\/06\/2Eso-entorn.jpg\"><img loading=\"lazy\" decoding=\"async\" class=\"alignnone size-large wp-image-875\" src=\"https:\/\/agora.xtec.cat\/ieslajonquera\/wp-content\/uploads\/usu2014\/2019\/06\/2Eso-entorn-1024x576.jpg\" alt=\"\" width=\"1024\" height=\"576\" \/><\/a><\/p>\n<p>El passat divendres, 15 de juny, els alumnes de 2n d&#8217;ESO van dedicar tot el mat\u00ed al projecte\u00a0<i>Coneixement de l&#8217;entorn immediat<\/i>, en qu\u00e8 fan una aproximaci\u00f3 des de diverses mat\u00e8ries al terme municipal de la Jonquera. L&#8217;activitat combina petits trajectes a peu pel nucli de la poblaci\u00f3 i els voltants amb feina de recerca d&#8217;informaci\u00f3 a l&#8217;aula.<\/p>\n<p><a href=\"https:\/\/drive.google.com\/drive\/folders\/1R9MF-42g0jewSqqKRZ4_sw6Yy2Ofs9kp?usp=sharing\" target=\"_blank\" rel=\"noopener noreferrer\">Galeria<\/a><\/p>\n","protected":false},"excerpt":{"rendered":"<p><a href=\"https:\/\/agora.xtec.cat\/ieslajonquera\/wp-content\/uploads\/usu2014\/2019\/06\/2Eso-entorn.jpg\"><\/a><br \/>\nEl passat divendres, 15 de juny, els alumnes de 2n d&#8217;ESO van dedicar tot el mat\u00ed al projecte\u00a0Coneixement de l&#8217;entorn immediat, en qu\u00e8 fan una aproximaci\u00f3 des de diverses mat\u00e8ries al terme municipal de la Jonquera. L&#8217;activitat combina petits trajectes a peu pel nucli&hellip;  <a href=\"https:\/\/agora.xtec.cat\/ieslajonquera\/general\/2n-deso-coneixement-de-lentorn-immediat\/\" title=\"Read 2n d&#8217;ESO: Coneixement de l&#8217;entorn immediat\">Llegeix m\u00e9s\u00bb<\/a><\/p>\n","protected":false},"author":3,"featured_media":0,"comment_status":"closed","ping_status":"closed","sticky":false,"template":"","format":"standard","meta":{"_bbp_topic_count":0,"_bbp_reply_count":0,"_bbp_total_topic_count":0,"_bbp_total_reply_count":0,"_bbp_voice_count":0,"_bbp_anonymous_reply_count":0,"_bbp_topic_count_hidden":0,"_bbp_reply_count_hidden":0,"_bbp_forum_subforum_count":0,"footnotes":""},"categories":[5,3,1],"tags":[39],"class_list":["post-874","post","type-post","status-publish","format-standard","hentry","category-eso-2","category-eso","category-general","tag-sortides"],"post_mailing_queue_ids":[],"_links":{"self":[{"href":"https:\/\/agora.xtec.cat\/ieslajonquera\/wp-json\/wp\/v2\/posts\/874","targetHints":{"allow":["GET"]}}],"collection":[{"href":"https:\/\/agora.xtec.cat\/ieslajonquera\/wp-json\/wp\/v2\/posts"}],"about":[{"href":"https:\/\/agora.xtec.cat\/ieslajonquera\/wp-json\/wp\/v2\/types\/post"}],"author":[{"embeddable":true,"href":"https:\/\/agora.xtec.cat\/ieslajonquera\/wp-json\/wp\/v2\/users\/3"}],"replies":[{"embeddable":true,"href":"https:\/\/agora.xtec.cat\/ieslajonquera\/wp-json\/wp\/v2\/comments?post=874"}],"version-history":[{"count":3,"href":"https:\/\/agora.xtec.cat\/ieslajonquera\/wp-json\/wp\/v2\/posts\/874\/revisions"}],"predecessor-version":[{"id":878,"href":"https:\/\/agora.xtec.cat\/ieslajonquera\/wp-json\/wp\/v2\/posts\/874\/revisions\/878"}],"wp:attachment":[{"href":"https:\/\/agora.xtec.cat\/ieslajonquera\/wp-json\/wp\/v2\/media?parent=874"}],"wp:term":[{"taxonomy":"category","embeddable":true,"href":"https:\/\/agora.xtec.cat\/ieslajonquera\/wp-json\/wp\/v2\/categories?post=874"},{"taxonomy":"post_tag","embeddable":true,"href":"https:\/\/agora.xtec.cat\/ieslajonquera\/wp-json\/wp\/v2\/tags?post=874"}],"curies":[{"name":"wp","href":"https:\/\/api.w.org\/{rel}","templated":true}]}}