{"id":852,"date":"2019-06-14T13:05:07","date_gmt":"2019-06-14T11:05:07","guid":{"rendered":"https:\/\/agora.xtec.cat\/ieslajonquera\/?p=852"},"modified":"2019-06-14T13:11:30","modified_gmt":"2019-06-14T11:11:30","slug":"movent-se-amb-cadira-de-rodes-a-3r-deso","status":"publish","type":"post","link":"https:\/\/agora.xtec.cat\/ieslajonquera\/general\/movent-se-amb-cadira-de-rodes-a-3r-deso\/","title":{"rendered":"Movent-se amb cadira de rodes a 3r d&#8217;ESO"},"content":{"rendered":"<p><a href=\"https:\/\/agora.xtec.cat\/ieslajonquera\/wp-content\/uploads\/usu2014\/2019\/06\/3eso.jpg\"><img loading=\"lazy\" decoding=\"async\" class=\"aligncenter wp-image-853 size-medium\" src=\"https:\/\/agora.xtec.cat\/ieslajonquera\/wp-content\/uploads\/usu2014\/2019\/06\/3eso-300x225.jpg\" alt=\"\" width=\"300\" height=\"225\" \/><\/a><\/p>\n<div>La setmana passada, els alumnes de 3r d&#8217;ESO van poder comprovar com es viu l&#8217;esport des d&#8217;una cadira de rodes amb una activitat programada des de la mat\u00e8ria d&#8217;Educaci\u00f3 F\u00edsica en qu\u00e8 van practicar b\u00e0squet.<\/div>\n<div><\/div>\n<div><a href=\"https:\/\/drive.google.com\/drive\/folders\/1DhQU7p6h7J14Q3ZfaHOo_Ef3YmNs6U3S?usp=sharing\" target=\"_blank\" rel=\"noopener noreferrer\">Galeria de fotos<\/a><\/div>\n","protected":false},"excerpt":{"rendered":"<p><a href=\"https:\/\/agora.xtec.cat\/ieslajonquera\/wp-content\/uploads\/usu2014\/2019\/06\/3eso.jpg\"><\/a><br \/>\nLa setmana passada, els alumnes de 3r d&#8217;ESO van poder comprovar com es viu l&#8217;esport des d&#8217;una cadira de rodes amb una activitat programada des de la mat\u00e8ria d&#8217;Educaci\u00f3 F\u00edsica en qu\u00e8 van practicar b\u00e0squet.<\/p>\n<p><a href=\"https:\/\/drive.google.com\/drive\/folders\/1DhQU7p6h7J14Q3ZfaHOo_Ef3YmNs6U3S?usp=sharing\" target=\"_blank\" rel=\"noopener noreferrer\">Galeria de fotos<\/a><\/p>\n","protected":false},"author":3,"featured_media":0,"comment_status":"closed","ping_status":"closed","sticky":false,"template":"","format":"standard","meta":{"_bbp_topic_count":0,"_bbp_reply_count":0,"_bbp_total_topic_count":0,"_bbp_total_reply_count":0,"_bbp_voice_count":0,"_bbp_anonymous_reply_count":0,"_bbp_topic_count_hidden":0,"_bbp_reply_count_hidden":0,"_bbp_forum_subforum_count":0,"footnotes":""},"categories":[6,3,1],"tags":[111,44],"class_list":["post-852","post","type-post","status-publish","format-standard","hentry","category-eso-3","category-eso","category-general","tag-esport","tag-xerrades"],"post_mailing_queue_ids":[],"_links":{"self":[{"href":"https:\/\/agora.xtec.cat\/ieslajonquera\/wp-json\/wp\/v2\/posts\/852","targetHints":{"allow":["GET"]}}],"collection":[{"href":"https:\/\/agora.xtec.cat\/ieslajonquera\/wp-json\/wp\/v2\/posts"}],"about":[{"href":"https:\/\/agora.xtec.cat\/ieslajonquera\/wp-json\/wp\/v2\/types\/post"}],"author":[{"embeddable":true,"href":"https:\/\/agora.xtec.cat\/ieslajonquera\/wp-json\/wp\/v2\/users\/3"}],"replies":[{"embeddable":true,"href":"https:\/\/agora.xtec.cat\/ieslajonquera\/wp-json\/wp\/v2\/comments?post=852"}],"version-history":[{"count":2,"href":"https:\/\/agora.xtec.cat\/ieslajonquera\/wp-json\/wp\/v2\/posts\/852\/revisions"}],"predecessor-version":[{"id":861,"href":"https:\/\/agora.xtec.cat\/ieslajonquera\/wp-json\/wp\/v2\/posts\/852\/revisions\/861"}],"wp:attachment":[{"href":"https:\/\/agora.xtec.cat\/ieslajonquera\/wp-json\/wp\/v2\/media?parent=852"}],"wp:term":[{"taxonomy":"category","embeddable":true,"href":"https:\/\/agora.xtec.cat\/ieslajonquera\/wp-json\/wp\/v2\/categories?post=852"},{"taxonomy":"post_tag","embeddable":true,"href":"https:\/\/agora.xtec.cat\/ieslajonquera\/wp-json\/wp\/v2\/tags?post=852"}],"curies":[{"name":"wp","href":"https:\/\/api.w.org\/{rel}","templated":true}]}}