{"id":849,"date":"2019-06-14T13:02:12","date_gmt":"2019-06-14T11:02:12","guid":{"rendered":"https:\/\/agora.xtec.cat\/ieslajonquera\/?p=849"},"modified":"2019-06-14T13:02:12","modified_gmt":"2019-06-14T11:02:12","slug":"activitats-esportives-a-2n-deso","status":"publish","type":"post","link":"https:\/\/agora.xtec.cat\/ieslajonquera\/general\/activitats-esportives-a-2n-deso\/","title":{"rendered":"Activitats esportives a 2n d&#8217;ESO"},"content":{"rendered":"<p><a href=\"https:\/\/agora.xtec.cat\/ieslajonquera\/wp-content\/uploads\/usu2014\/2019\/06\/2eso.jpg\"><img loading=\"lazy\" decoding=\"async\" class=\"aligncenter wp-image-850 size-medium\" src=\"https:\/\/agora.xtec.cat\/ieslajonquera\/wp-content\/uploads\/usu2014\/2019\/06\/2eso-300x225.jpg\" alt=\"\" width=\"300\" height=\"225\" \/><\/a><\/p>\n<p>Ahir, 12 de juny, els alumnes de 2n d&#8217;ESO van participar en la tradicional sortida de final de curs d&#8217;Educaci\u00f3 F\u00edsica al Mol\u00ed Nou de Calabuig per realitzar activitats esportives, com ara: caiac, escalada, tir amb arc o tirolina.<\/p>\n","protected":false},"excerpt":{"rendered":"<p><a href=\"https:\/\/agora.xtec.cat\/ieslajonquera\/wp-content\/uploads\/usu2014\/2019\/06\/2eso.jpg\"><\/a><br \/>\nAhir, 12 de juny, els alumnes de 2n d&#8217;ESO van participar en la tradicional sortida de final de curs d&#8217;Educaci\u00f3 F\u00edsica al Mol\u00ed Nou de Calabuig per realitzar activitats esportives, com ara: caiac, escalada, tir amb arc o tirolina.<\/p>\n","protected":false},"author":3,"featured_media":0,"comment_status":"open","ping_status":"closed","sticky":false,"template":"","format":"standard","meta":{"_bbp_topic_count":0,"_bbp_reply_count":0,"_bbp_total_topic_count":0,"_bbp_total_reply_count":0,"_bbp_voice_count":0,"_bbp_anonymous_reply_count":0,"_bbp_topic_count_hidden":0,"_bbp_reply_count_hidden":0,"_bbp_forum_subforum_count":0,"footnotes":""},"categories":[5,3,1],"tags":[111,39],"class_list":["post-849","post","type-post","status-publish","format-standard","hentry","category-eso-2","category-eso","category-general","tag-esport","tag-sortides"],"post_mailing_queue_ids":[],"_links":{"self":[{"href":"https:\/\/agora.xtec.cat\/ieslajonquera\/wp-json\/wp\/v2\/posts\/849","targetHints":{"allow":["GET"]}}],"collection":[{"href":"https:\/\/agora.xtec.cat\/ieslajonquera\/wp-json\/wp\/v2\/posts"}],"about":[{"href":"https:\/\/agora.xtec.cat\/ieslajonquera\/wp-json\/wp\/v2\/types\/post"}],"author":[{"embeddable":true,"href":"https:\/\/agora.xtec.cat\/ieslajonquera\/wp-json\/wp\/v2\/users\/3"}],"replies":[{"embeddable":true,"href":"https:\/\/agora.xtec.cat\/ieslajonquera\/wp-json\/wp\/v2\/comments?post=849"}],"version-history":[{"count":1,"href":"https:\/\/agora.xtec.cat\/ieslajonquera\/wp-json\/wp\/v2\/posts\/849\/revisions"}],"predecessor-version":[{"id":851,"href":"https:\/\/agora.xtec.cat\/ieslajonquera\/wp-json\/wp\/v2\/posts\/849\/revisions\/851"}],"wp:attachment":[{"href":"https:\/\/agora.xtec.cat\/ieslajonquera\/wp-json\/wp\/v2\/media?parent=849"}],"wp:term":[{"taxonomy":"category","embeddable":true,"href":"https:\/\/agora.xtec.cat\/ieslajonquera\/wp-json\/wp\/v2\/categories?post=849"},{"taxonomy":"post_tag","embeddable":true,"href":"https:\/\/agora.xtec.cat\/ieslajonquera\/wp-json\/wp\/v2\/tags?post=849"}],"curies":[{"name":"wp","href":"https:\/\/api.w.org\/{rel}","templated":true}]}}