{"id":807,"date":"2019-06-12T22:00:10","date_gmt":"2019-06-12T20:00:10","guid":{"rendered":"https:\/\/agora.xtec.cat\/ieslajonquera\/?p=807"},"modified":"2019-06-13T11:13:27","modified_gmt":"2019-06-13T09:13:27","slug":"concert-i-musica","status":"publish","type":"post","link":"https:\/\/agora.xtec.cat\/ieslajonquera\/general\/concert-i-musica\/","title":{"rendered":"Concert I-M\u00fasica"},"content":{"rendered":"<p><span style=\"font-family: verdana, sans-serif;\">Benvolguts mares i pares,<\/span><\/p>\n<div><span style=\"font-family: verdana, sans-serif;\">\u00a0<\/span><\/div>\n<div><span style=\"font-family: verdana, sans-serif;\">Ens adrecem a vosaltres per convidar-vos el proper\u00a0<b>divendres 14 de juny<\/b>\u00a0al concert de final de curs de del projecte I-M\u00fasica que tindr\u00e0 lloc a les\u00a0<b>19.00 h<\/b>\u00a0a la sala de La Societat de La Jonquera.<br \/>\n<\/span><\/div>\n<div><span style=\"font-family: verdana, sans-serif;\">\u00a0<\/span><\/div>\n<div><span style=\"font-family: verdana, sans-serif;\">En aquesta festa els alumnes de 1r i 2n d\u2019ESO ens faran una demostraci\u00f3 de tot all\u00f2 que han apr\u00e8s durant el curs escolar dins els projecte I-M\u00fasica iniciat el mes de gener, a trav\u00e9s del qual es pret\u00e9n que un alumne aprengui a tocar un instrument de manera aut\u00f2noma sense tenir coneixement previs de solfeig. Aquest projecte tindr\u00e0 continu\u00eftat el proper curs escolar 2019\/2020. Per tant, ens agradaria que gaud\u00edssiu de les habilitats i els progressos dels vostres fills a partir d\u2019un petit tastet en forma d\u2019audici\u00f3.<br \/>\n<\/span><\/div>\n<div><span style=\"font-family: verdana, sans-serif;\">\u00a0<\/span><\/div>\n<div><span style=\"font-family: verdana, sans-serif;\">Al final de l&#8217;acte, els assistents, quedeu convidats a un petit aperitiu.\u00a0<\/span><\/div>\n<div><span style=\"font-family: verdana, sans-serif;\">\u00a0<\/span><\/div>\n<div><span style=\"font-family: verdana, sans-serif;\">Si teniu qualsevol dubte, restem a la vostra disposici\u00f3. Podeu consultar la informaci\u00f3 a la plana web del centre o a trav\u00e9s del\u00a0<i>Facebook\u00a0<\/i>o<i>\u00a0Twitter<\/i>\u00a0de l\u2019institut.<\/span><\/div>\n<div><span style=\"font-family: verdana, sans-serif;\">\u00a0<\/span><\/div>\n<div><span style=\"font-family: verdana, sans-serif;\">Us esperem!<\/span><\/div>\n<div><span style=\"font-family: verdana, sans-serif;\">\u00a0<\/span><\/div>\n<div><span style=\"font-family: verdana, sans-serif;\">Atentament,<\/span><\/div>\n","protected":false},"excerpt":{"rendered":"<p>Benvolguts mares i pares,<br \/>\n\u00a0<br \/>\nEns adrecem a vosaltres per convidar-vos el proper\u00a0divendres 14 de juny\u00a0al concert de final de curs de del projecte I-M\u00fasica que tindr\u00e0 lloc a les\u00a019.00 h\u00a0a la sala de La Societat de La Jonquera.<\/p>\n<p>\u00a0<br \/>\nEn aquesta festa els alumnes de 1r i 2n&hellip;  <a href=\"https:\/\/agora.xtec.cat\/ieslajonquera\/general\/concert-i-musica\/\" title=\"Read Concert I-M\u00fasica\">Llegeix m\u00e9s\u00bb<\/a><\/p>\n","protected":false},"author":3,"featured_media":832,"comment_status":"closed","ping_status":"closed","sticky":false,"template":"","format":"standard","meta":{"_bbp_topic_count":0,"_bbp_reply_count":0,"_bbp_total_topic_count":0,"_bbp_total_reply_count":0,"_bbp_voice_count":0,"_bbp_anonymous_reply_count":0,"_bbp_topic_count_hidden":0,"_bbp_reply_count_hidden":0,"_bbp_forum_subforum_count":0,"footnotes":""},"categories":[3,1,107],"tags":[109],"class_list":["post-807","post","type-post","status-publish","format-standard","has-post-thumbnail","hentry","category-eso","category-general","category-i-musica","tag-musica"],"post_mailing_queue_ids":[],"_links":{"self":[{"href":"https:\/\/agora.xtec.cat\/ieslajonquera\/wp-json\/wp\/v2\/posts\/807","targetHints":{"allow":["GET"]}}],"collection":[{"href":"https:\/\/agora.xtec.cat\/ieslajonquera\/wp-json\/wp\/v2\/posts"}],"about":[{"href":"https:\/\/agora.xtec.cat\/ieslajonquera\/wp-json\/wp\/v2\/types\/post"}],"author":[{"embeddable":true,"href":"https:\/\/agora.xtec.cat\/ieslajonquera\/wp-json\/wp\/v2\/users\/3"}],"replies":[{"embeddable":true,"href":"https:\/\/agora.xtec.cat\/ieslajonquera\/wp-json\/wp\/v2\/comments?post=807"}],"version-history":[{"count":1,"href":"https:\/\/agora.xtec.cat\/ieslajonquera\/wp-json\/wp\/v2\/posts\/807\/revisions"}],"predecessor-version":[{"id":808,"href":"https:\/\/agora.xtec.cat\/ieslajonquera\/wp-json\/wp\/v2\/posts\/807\/revisions\/808"}],"wp:featuredmedia":[{"embeddable":true,"href":"https:\/\/agora.xtec.cat\/ieslajonquera\/wp-json\/wp\/v2\/media\/832"}],"wp:attachment":[{"href":"https:\/\/agora.xtec.cat\/ieslajonquera\/wp-json\/wp\/v2\/media?parent=807"}],"wp:term":[{"taxonomy":"category","embeddable":true,"href":"https:\/\/agora.xtec.cat\/ieslajonquera\/wp-json\/wp\/v2\/categories?post=807"},{"taxonomy":"post_tag","embeddable":true,"href":"https:\/\/agora.xtec.cat\/ieslajonquera\/wp-json\/wp\/v2\/tags?post=807"}],"curies":[{"name":"wp","href":"https:\/\/api.w.org\/{rel}","templated":true}]}}