{"id":723,"date":"2019-05-29T21:00:45","date_gmt":"2019-05-29T19:00:45","guid":{"rendered":"https:\/\/agora.xtec.cat\/ieslajonquera\/?p=723"},"modified":"2019-06-13T09:48:57","modified_gmt":"2019-06-13T07:48:57","slug":"projecte-i-musica","status":"publish","type":"post","link":"https:\/\/agora.xtec.cat\/ieslajonquera\/i-musica\/projecte-i-musica\/","title":{"rendered":"Projecte I-M\u00fasica"},"content":{"rendered":"<p>&nbsp;<\/p>\n<p><a href=\"https:\/\/youtu.be\/IyjfM8cvh_4\">https:\/\/youtu.be\/IyjfM8cvh_4<\/a><\/p>\n<p>Qu\u00e8 \u00e9s i quan comen\u00e7a?<\/p>\n<p>Durant el curs 2015-2016, l&#8217;Institut de La Jonquera va acordar amb l&#8217;Escola Municipal de M\u00fasica de la Jonquera, amb el suport de l&#8217; Ajuntament de La Jonquera, crear un projecte educatiu anomenat I-M\u00fasica amb l&#8217; objectiu d&#8217;acostar la m\u00fasica als alumnes de primer i segon curs d&#8217;ESO de l&#8217; institut. Professors de l&#8217;Escola de M\u00fasica, de forma coordinada amb el professorat de M\u00fasica de l&#8217;institut, porten a terme, dins l&#8217;horari lectiu i en el propi institut,activitats d&#8217;educaci\u00f3 musical, per tal que els alumnes tinguin acc\u00e9s a l&#8217;aprenentatge i a la pr\u00e0ctica de la m\u00fasica amb instruments.La durada del projecte \u00e9s de dos anys per promoci\u00f3, de manera que l&#8217;alumnat de 1r d&#8217;ESO continua l&#8217;aprenentatge de l&#8217;instrument durant 2n d&#8217;ESO. El primer any del projecte (2015-2016), l&#8217;alumnat de 1r d&#8217;ESO comen\u00e7a la pr\u00e0ctica amb instruments de corda fregada (violins i violoncels), que continua a 2n.<\/p>\n<p>El seg\u00fcent curs escolar (2016-2017) s&#8217;inicia la segona part del projecte, amb instruments de vent ( flauta travessera, clarinet i sax\u00f2fon) allargant-se igualment fins a finalitzar el 2n d&#8217; ESO.<\/p>\n<p>Curs 2018-2019<\/p>\n<p>El curs 2018-2019 la promoci\u00f3 de 1r d&#8217;ESO apr\u00e8n a tocar instruments de vent (flauta travessera, clarinet i sax\u00f2fon); l&#8217;alumnat de 2n continua la pr\u00e0ctica amb instruments de corda fregada (violins i violoncels).<\/p>\n<p>Curs <a href=\"https:\/\/drive.google.com\/drive\/folders\/1BySyMY_4T5NwoUMHLFV0l9F_eM6Yvyyd?usp=sharing\" target=\"_blank\" rel=\"noopener noreferrer\">2017-2018<\/a><\/p>\n<p>El curs 2017-2018 la promoci\u00f3 de 1r d&#8217;ESO apr\u00e8n a tocar instruments de corda fregada (violins i violoncels); l&#8217;alumnat de 2n continua la pr\u00e0ctica amb instruments de vent ( flauta travessera, clarinet i sax\u00f2fon).<\/p>\n<p>Concert de final de curs: 8 de juny de 2018 a la sala de La Societat.<\/p>\n<p>Curs 2016-2017<\/p>\n<p>El curs 2016-2017 la promoci\u00f3 de 1r d&#8217;ESO apr\u00e8n a tocar instruments de vent (flauta travessera, clarinet i sax\u00f2fon); l&#8217;alumnat de 2n continua la pr\u00e0ctica amb instruments de corda fregada (violins i violoncels).<\/p>\n<p>Curs <a href=\"https:\/\/drive.google.com\/drive\/folders\/0B2jgUIkU0kjEUnBtdTVZNFZia2s?usp=sharing\" target=\"_blank\" rel=\"noopener noreferrer\">2015-16<\/a> (inici del projecte)<\/p>\n<p>El curs 2015-2016 iniciem el projecte I-M\u00fasica amb l&#8217;alumnat de la promoci\u00f3 de 1r d&#8217;ESO, que apr\u00e8n a tocar instruments de corda fregada (violins i violoncels).<\/p>\n","protected":false},"excerpt":{"rendered":"<p>&nbsp;<br \/>\n<a href=\"https:\/\/youtu.be\/IyjfM8cvh_4\">https:\/\/youtu.be\/IyjfM8cvh_4<\/a><br \/>\nQu\u00e8 \u00e9s i quan comen\u00e7a?<br \/>\nDurant el curs 2015-2016, l&#8217;Institut de La Jonquera va acordar amb l&#8217;Escola Municipal de M\u00fasica de la Jonquera, amb el suport de l&#8217; Ajuntament de La Jonquera, crear un projecte educatiu anomenat I-M\u00fasica amb l&#8217; objectiu d&#8217;acostar la m\u00fasica als&hellip;  <a href=\"https:\/\/agora.xtec.cat\/ieslajonquera\/i-musica\/projecte-i-musica\/\" title=\"Read Projecte I-M\u00fasica\">Llegeix m\u00e9s\u00bb<\/a><\/p>\n","protected":false},"author":3,"featured_media":823,"comment_status":"closed","ping_status":"closed","sticky":true,"template":"","format":"standard","meta":{"_bbp_topic_count":0,"_bbp_reply_count":0,"_bbp_total_topic_count":0,"_bbp_total_reply_count":0,"_bbp_voice_count":0,"_bbp_anonymous_reply_count":0,"_bbp_topic_count_hidden":0,"_bbp_reply_count_hidden":0,"_bbp_forum_subforum_count":0,"footnotes":""},"categories":[107],"tags":[109],"class_list":["post-723","post","type-post","status-publish","format-standard","has-post-thumbnail","hentry","category-i-musica","tag-musica"],"post_mailing_queue_ids":[],"_links":{"self":[{"href":"https:\/\/agora.xtec.cat\/ieslajonquera\/wp-json\/wp\/v2\/posts\/723","targetHints":{"allow":["GET"]}}],"collection":[{"href":"https:\/\/agora.xtec.cat\/ieslajonquera\/wp-json\/wp\/v2\/posts"}],"about":[{"href":"https:\/\/agora.xtec.cat\/ieslajonquera\/wp-json\/wp\/v2\/types\/post"}],"author":[{"embeddable":true,"href":"https:\/\/agora.xtec.cat\/ieslajonquera\/wp-json\/wp\/v2\/users\/3"}],"replies":[{"embeddable":true,"href":"https:\/\/agora.xtec.cat\/ieslajonquera\/wp-json\/wp\/v2\/comments?post=723"}],"version-history":[{"count":3,"href":"https:\/\/agora.xtec.cat\/ieslajonquera\/wp-json\/wp\/v2\/posts\/723\/revisions"}],"predecessor-version":[{"id":824,"href":"https:\/\/agora.xtec.cat\/ieslajonquera\/wp-json\/wp\/v2\/posts\/723\/revisions\/824"}],"wp:featuredmedia":[{"embeddable":true,"href":"https:\/\/agora.xtec.cat\/ieslajonquera\/wp-json\/wp\/v2\/media\/823"}],"wp:attachment":[{"href":"https:\/\/agora.xtec.cat\/ieslajonquera\/wp-json\/wp\/v2\/media?parent=723"}],"wp:term":[{"taxonomy":"category","embeddable":true,"href":"https:\/\/agora.xtec.cat\/ieslajonquera\/wp-json\/wp\/v2\/categories?post=723"},{"taxonomy":"post_tag","embeddable":true,"href":"https:\/\/agora.xtec.cat\/ieslajonquera\/wp-json\/wp\/v2\/tags?post=723"}],"curies":[{"name":"wp","href":"https:\/\/api.w.org\/{rel}","templated":true}]}}