{"id":6798,"date":"2026-04-26T12:18:15","date_gmt":"2026-04-26T10:18:15","guid":{"rendered":"https:\/\/agora.xtec.cat\/ieslajonquera\/?p=6798"},"modified":"2026-04-26T12:18:15","modified_gmt":"2026-04-26T10:18:15","slug":"participacio-de-voluntaris-de-deso-a-la-10a-cursa-solidaria","status":"publish","type":"post","link":"https:\/\/agora.xtec.cat\/ieslajonquera\/general\/participacio-de-voluntaris-de-deso-a-la-10a-cursa-solidaria\/","title":{"rendered":"Participaci\u00f3 de voluntaris de d&#8217;ESO a la 10a Cursa Solid\u00e0ria"},"content":{"rendered":"<p><a href=\"https:\/\/agora.xtec.cat\/ieslajonquera\/wp-content\/uploads\/usu2014\/2026\/04\/4t-dESO_Cursa-Solidaria1.jpg\"><img loading=\"lazy\" decoding=\"async\" class=\" wp-image-6799 alignleft\" src=\"https:\/\/agora.xtec.cat\/ieslajonquera\/wp-content\/uploads\/usu2014\/2026\/04\/4t-dESO_Cursa-Solidaria1-1024x768.jpg\" alt=\"\" width=\"408\" height=\"306\" srcset=\"https:\/\/agora.xtec.cat\/ieslajonquera\/wp-content\/uploads\/usu2014\/2026\/04\/4t-dESO_Cursa-Solidaria1-1024x768.jpg 1024w, https:\/\/agora.xtec.cat\/ieslajonquera\/wp-content\/uploads\/usu2014\/2026\/04\/4t-dESO_Cursa-Solidaria1-300x225.jpg 300w, https:\/\/agora.xtec.cat\/ieslajonquera\/wp-content\/uploads\/usu2014\/2026\/04\/4t-dESO_Cursa-Solidaria1-768x576.jpg 768w, https:\/\/agora.xtec.cat\/ieslajonquera\/wp-content\/uploads\/usu2014\/2026\/04\/4t-dESO_Cursa-Solidaria1-1536x1152.jpg 1536w, https:\/\/agora.xtec.cat\/ieslajonquera\/wp-content\/uploads\/usu2014\/2026\/04\/4t-dESO_Cursa-Solidaria1-200x150.jpg 200w, https:\/\/agora.xtec.cat\/ieslajonquera\/wp-content\/uploads\/usu2014\/2026\/04\/4t-dESO_Cursa-Solidaria1.jpg 2040w\" sizes=\"auto, (max-width: 408px) 100vw, 408px\" \/><\/a> <a href=\"https:\/\/agora.xtec.cat\/ieslajonquera\/wp-content\/uploads\/usu2014\/2026\/04\/4t-dESO_Cursa-Solidaria.jpg\"><img loading=\"lazy\" decoding=\"async\" class=\" wp-image-6800 alignleft\" src=\"https:\/\/agora.xtec.cat\/ieslajonquera\/wp-content\/uploads\/usu2014\/2026\/04\/4t-dESO_Cursa-Solidaria-768x1024.jpg\" alt=\"\" width=\"229\" height=\"305\" srcset=\"https:\/\/agora.xtec.cat\/ieslajonquera\/wp-content\/uploads\/usu2014\/2026\/04\/4t-dESO_Cursa-Solidaria-768x1024.jpg 768w, https:\/\/agora.xtec.cat\/ieslajonquera\/wp-content\/uploads\/usu2014\/2026\/04\/4t-dESO_Cursa-Solidaria-225x300.jpg 225w, https:\/\/agora.xtec.cat\/ieslajonquera\/wp-content\/uploads\/usu2014\/2026\/04\/4t-dESO_Cursa-Solidaria-1152x1536.jpg 1152w, https:\/\/agora.xtec.cat\/ieslajonquera\/wp-content\/uploads\/usu2014\/2026\/04\/4t-dESO_Cursa-Solidaria.jpg 1530w\" sizes=\"auto, (max-width: 229px) 100vw, 229px\" \/><\/a>Alguns alumnes de 4t d&#8217;ESO van participar, com a voluntaris, en l&#8217;organitzaci\u00f3 de la 10 a Cursa Solid\u00e0ria que cada any organitza l&#8217;Escola Josep Pe\u00f1uelas del R\u00edo en col\u00b7laboraci\u00f3 amb l&#8217;associaci\u00f3 Somriures de Madina Jambor i que enguany es va celebrar el divendres 26 d&#8217;abril.<\/p>\n<p>&nbsp;<\/p>\n","protected":false},"excerpt":{"rendered":"<p><a href=\"https:\/\/agora.xtec.cat\/ieslajonquera\/wp-content\/uploads\/usu2014\/2026\/04\/4t-dESO_Cursa-Solidaria1.jpg\"><\/a> <a href=\"https:\/\/agora.xtec.cat\/ieslajonquera\/wp-content\/uploads\/usu2014\/2026\/04\/4t-dESO_Cursa-Solidaria.jpg\"><\/a>Alguns alumnes de 4t d&#8217;ESO van participar, com a voluntaris, en l&#8217;organitzaci\u00f3 de la 10 a Cursa Solid\u00e0ria que cada any organitza l&#8217;Escola Josep Pe\u00f1uelas del R\u00edo en col\u00b7laboraci\u00f3 amb l&#8217;associaci\u00f3 Somriures de Madina Jambor i que enguany es va celebrar el&hellip;  <a href=\"https:\/\/agora.xtec.cat\/ieslajonquera\/general\/participacio-de-voluntaris-de-deso-a-la-10a-cursa-solidaria\/\" title=\"Read Participaci\u00f3 de voluntaris de d&#8217;ESO a la 10a Cursa Solid\u00e0ria\">Llegeix m\u00e9s\u00bb<\/a><\/p>\n","protected":false},"author":3,"featured_media":6799,"comment_status":"open","ping_status":"open","sticky":false,"template":"","format":"standard","meta":{"_bbp_topic_count":0,"_bbp_reply_count":0,"_bbp_total_topic_count":0,"_bbp_total_reply_count":0,"_bbp_voice_count":0,"_bbp_anonymous_reply_count":0,"_bbp_topic_count_hidden":0,"_bbp_reply_count_hidden":0,"_bbp_forum_subforum_count":0,"footnotes":""},"categories":[7,3,1],"tags":[127],"class_list":["post-6798","post","type-post","status-publish","format-standard","has-post-thumbnail","hentry","category-eso-4","category-eso","category-general","tag-solidaritat"],"post_mailing_queue_ids":[],"_links":{"self":[{"href":"https:\/\/agora.xtec.cat\/ieslajonquera\/wp-json\/wp\/v2\/posts\/6798","targetHints":{"allow":["GET"]}}],"collection":[{"href":"https:\/\/agora.xtec.cat\/ieslajonquera\/wp-json\/wp\/v2\/posts"}],"about":[{"href":"https:\/\/agora.xtec.cat\/ieslajonquera\/wp-json\/wp\/v2\/types\/post"}],"author":[{"embeddable":true,"href":"https:\/\/agora.xtec.cat\/ieslajonquera\/wp-json\/wp\/v2\/users\/3"}],"replies":[{"embeddable":true,"href":"https:\/\/agora.xtec.cat\/ieslajonquera\/wp-json\/wp\/v2\/comments?post=6798"}],"version-history":[{"count":1,"href":"https:\/\/agora.xtec.cat\/ieslajonquera\/wp-json\/wp\/v2\/posts\/6798\/revisions"}],"predecessor-version":[{"id":6801,"href":"https:\/\/agora.xtec.cat\/ieslajonquera\/wp-json\/wp\/v2\/posts\/6798\/revisions\/6801"}],"wp:featuredmedia":[{"embeddable":true,"href":"https:\/\/agora.xtec.cat\/ieslajonquera\/wp-json\/wp\/v2\/media\/6799"}],"wp:attachment":[{"href":"https:\/\/agora.xtec.cat\/ieslajonquera\/wp-json\/wp\/v2\/media?parent=6798"}],"wp:term":[{"taxonomy":"category","embeddable":true,"href":"https:\/\/agora.xtec.cat\/ieslajonquera\/wp-json\/wp\/v2\/categories?post=6798"},{"taxonomy":"post_tag","embeddable":true,"href":"https:\/\/agora.xtec.cat\/ieslajonquera\/wp-json\/wp\/v2\/tags?post=6798"}],"curies":[{"name":"wp","href":"https:\/\/api.w.org\/{rel}","templated":true}]}}