{"id":6789,"date":"2026-04-26T11:48:01","date_gmt":"2026-04-26T09:48:01","guid":{"rendered":"https:\/\/agora.xtec.cat\/ieslajonquera\/?p=6789"},"modified":"2026-04-26T11:48:01","modified_gmt":"2026-04-26T09:48:01","slug":"sant-jordi-la-diada-del-llibre-i-la-rosa-a-linstitut","status":"publish","type":"post","link":"https:\/\/agora.xtec.cat\/ieslajonquera\/general\/sant-jordi-la-diada-del-llibre-i-la-rosa-a-linstitut\/","title":{"rendered":"Sant Jordi: La Diada del Llibre i la Rosa a l&#8217;institut"},"content":{"rendered":"<p style=\"text-align: justify;\"><a href=\"https:\/\/agora.xtec.cat\/ieslajonquera\/wp-content\/uploads\/usu2014\/2026\/04\/8b3394f7-9a43-4f9a-889d-243568cf1e86.jpg\"><img loading=\"lazy\" decoding=\"async\" class=\" wp-image-6790 alignleft\" src=\"https:\/\/agora.xtec.cat\/ieslajonquera\/wp-content\/uploads\/usu2014\/2026\/04\/8b3394f7-9a43-4f9a-889d-243568cf1e86-1024x768.jpg\" alt=\"\" width=\"668\" height=\"501\" srcset=\"https:\/\/agora.xtec.cat\/ieslajonquera\/wp-content\/uploads\/usu2014\/2026\/04\/8b3394f7-9a43-4f9a-889d-243568cf1e86-1024x768.jpg 1024w, https:\/\/agora.xtec.cat\/ieslajonquera\/wp-content\/uploads\/usu2014\/2026\/04\/8b3394f7-9a43-4f9a-889d-243568cf1e86-300x225.jpg 300w, https:\/\/agora.xtec.cat\/ieslajonquera\/wp-content\/uploads\/usu2014\/2026\/04\/8b3394f7-9a43-4f9a-889d-243568cf1e86-768x576.jpg 768w, https:\/\/agora.xtec.cat\/ieslajonquera\/wp-content\/uploads\/usu2014\/2026\/04\/8b3394f7-9a43-4f9a-889d-243568cf1e86-1536x1152.jpg 1536w, https:\/\/agora.xtec.cat\/ieslajonquera\/wp-content\/uploads\/usu2014\/2026\/04\/8b3394f7-9a43-4f9a-889d-243568cf1e86-200x150.jpg 200w, https:\/\/agora.xtec.cat\/ieslajonquera\/wp-content\/uploads\/usu2014\/2026\/04\/8b3394f7-9a43-4f9a-889d-243568cf1e86.jpg 1600w\" sizes=\"auto, (max-width: 668px) 100vw, 668px\" \/><\/a>El passat 23 d&#8217;abril, Sant Jordi, es va celebrar la Diada del llibre i la Rosa al nostre centre. Les tres primeres hores van ser lectives, per\u00f2 a partir de l&#8217;hora del pati l&#8217;alumnat va participar en diverses activitats: tallers d&#8217;elaboraci\u00f3 de punts de llibre i roses de paper a c\u00e0rrec de l&#8217;alumnat de la mat\u00e8ria optativa de 4t d&#8217;ESO Educaci\u00f3 Visual i Pl\u00e0stica, explicaci\u00f3 dels treballs fets al llarg del curs per part de l&#8217;alumnat de la mat\u00e8ria optativa de 1r de batxillerat Creaci\u00f3 Liter\u00e0ria, visita a les parades de llibres i roses del poble, lliuraments de premis dels concursos literari, fotogr\u00e0fic i de roses, i participaci\u00f3 de l&#8217;alumnat finalista al Picalletres, que tothom va poder seguir des de la seva aula. L&#8217;acte va estar presentat, com el curs passat, per l&#8217;alumne de 2n de batxillerat \u00d3scar Salas.<\/p>\n<p style=\"text-align: justify;\">Aquests s\u00f3n els alumnes premiats, que van guanyar un llibre, una rosa i entrades dobles al cinema:<\/p>\n<p style=\"text-align: justify;\"><strong>Concurs literari<\/strong>: Lisa Lloveras i \u00cdria Cabrera (1r d&#8217;ESO), Joan V\u00e1zquez (2n d&#8217;ESO), Roc\u00edo Hern\u00e1ndez (3r d&#8217;ESO), Nora de Domingo (4t d&#8217;ESO), Iago Meil\u00e1n i Jad Taligui (1r de batxillerat), Carme Soler i Irina Nevado (Professorat)<\/p>\n<p style=\"text-align: justify;\"><strong>Concurs fotogr\u00e0fic<\/strong>: Joan V\u00e1zquez (2n d&#8217;ESO), Maria Subir\u00f3s (3r d&#8217;ESO), Eudald Martino (4t d&#8217;ESO), J\u00falia Montalat (1r de Batxillerat), Younes Berdii (PFI) i Judit Muriscot i Anna Valls (PAE)<\/p>\n<p style=\"text-align: justify;\"><strong>Concurs de Roses<\/strong>: Ariadna Moradell (1r d&#8217;ESO), Maria Subir\u00f3s (3r d&#8217;ESO) i Yassin Matouf (PFI)<\/p>\n<p style=\"text-align: justify;\"><strong>Final del Picalletres<\/strong>: Achraf Rochdi (1r de batxillerat)<\/p>\n<p><a href=\"https:\/\/agora.xtec.cat\/ieslajonquera\/wp-content\/uploads\/usu2014\/2026\/04\/8d9c8aa8-943b-44d3-be88-2c998d0d6a7b.jpg\"><img loading=\"lazy\" decoding=\"async\" class=\"alignnone  wp-image-6791\" src=\"https:\/\/agora.xtec.cat\/ieslajonquera\/wp-content\/uploads\/usu2014\/2026\/04\/8d9c8aa8-943b-44d3-be88-2c998d0d6a7b-768x1024.jpg\" alt=\"\" width=\"204\" height=\"272\" srcset=\"https:\/\/agora.xtec.cat\/ieslajonquera\/wp-content\/uploads\/usu2014\/2026\/04\/8d9c8aa8-943b-44d3-be88-2c998d0d6a7b-768x1024.jpg 768w, https:\/\/agora.xtec.cat\/ieslajonquera\/wp-content\/uploads\/usu2014\/2026\/04\/8d9c8aa8-943b-44d3-be88-2c998d0d6a7b-225x300.jpg 225w, https:\/\/agora.xtec.cat\/ieslajonquera\/wp-content\/uploads\/usu2014\/2026\/04\/8d9c8aa8-943b-44d3-be88-2c998d0d6a7b-1152x1536.jpg 1152w, https:\/\/agora.xtec.cat\/ieslajonquera\/wp-content\/uploads\/usu2014\/2026\/04\/8d9c8aa8-943b-44d3-be88-2c998d0d6a7b.jpg 1200w\" sizes=\"auto, (max-width: 204px) 100vw, 204px\" \/><\/a> <a href=\"https:\/\/agora.xtec.cat\/ieslajonquera\/wp-content\/uploads\/usu2014\/2026\/04\/083f5837-4e39-4734-8c9c-215b5f7c4bd1.jpg\"><img loading=\"lazy\" decoding=\"async\" class=\"alignnone  wp-image-6793\" src=\"https:\/\/agora.xtec.cat\/ieslajonquera\/wp-content\/uploads\/usu2014\/2026\/04\/083f5837-4e39-4734-8c9c-215b5f7c4bd1-1024x768.jpg\" alt=\"\" width=\"361\" height=\"271\" srcset=\"https:\/\/agora.xtec.cat\/ieslajonquera\/wp-content\/uploads\/usu2014\/2026\/04\/083f5837-4e39-4734-8c9c-215b5f7c4bd1-1024x768.jpg 1024w, https:\/\/agora.xtec.cat\/ieslajonquera\/wp-content\/uploads\/usu2014\/2026\/04\/083f5837-4e39-4734-8c9c-215b5f7c4bd1-300x225.jpg 300w, https:\/\/agora.xtec.cat\/ieslajonquera\/wp-content\/uploads\/usu2014\/2026\/04\/083f5837-4e39-4734-8c9c-215b5f7c4bd1-768x576.jpg 768w, https:\/\/agora.xtec.cat\/ieslajonquera\/wp-content\/uploads\/usu2014\/2026\/04\/083f5837-4e39-4734-8c9c-215b5f7c4bd1-1536x1152.jpg 1536w, https:\/\/agora.xtec.cat\/ieslajonquera\/wp-content\/uploads\/usu2014\/2026\/04\/083f5837-4e39-4734-8c9c-215b5f7c4bd1-200x150.jpg 200w, https:\/\/agora.xtec.cat\/ieslajonquera\/wp-content\/uploads\/usu2014\/2026\/04\/083f5837-4e39-4734-8c9c-215b5f7c4bd1.jpg 1600w\" sizes=\"auto, (max-width: 361px) 100vw, 361px\" \/><\/a> <a href=\"https:\/\/agora.xtec.cat\/ieslajonquera\/wp-content\/uploads\/usu2014\/2026\/04\/IMG_27821.jpg\"><img loading=\"lazy\" decoding=\"async\" class=\"alignnone  wp-image-6795\" src=\"https:\/\/agora.xtec.cat\/ieslajonquera\/wp-content\/uploads\/usu2014\/2026\/04\/IMG_27821.jpg\" alt=\"\" width=\"361\" height=\"271\" srcset=\"https:\/\/agora.xtec.cat\/ieslajonquera\/wp-content\/uploads\/usu2014\/2026\/04\/IMG_27821.jpg 1024w, https:\/\/agora.xtec.cat\/ieslajonquera\/wp-content\/uploads\/usu2014\/2026\/04\/IMG_27821-300x225.jpg 300w, https:\/\/agora.xtec.cat\/ieslajonquera\/wp-content\/uploads\/usu2014\/2026\/04\/IMG_27821-768x576.jpg 768w, https:\/\/agora.xtec.cat\/ieslajonquera\/wp-content\/uploads\/usu2014\/2026\/04\/IMG_27821-200x150.jpg 200w\" sizes=\"auto, (max-width: 361px) 100vw, 361px\" \/> <\/a><a href=\"https:\/\/agora.xtec.cat\/ieslajonquera\/wp-content\/uploads\/usu2014\/2026\/04\/IMG_27881.jpg\"><img loading=\"lazy\" decoding=\"async\" class=\"alignnone  wp-image-6796\" src=\"https:\/\/agora.xtec.cat\/ieslajonquera\/wp-content\/uploads\/usu2014\/2026\/04\/IMG_27881-768x1024.jpg\" alt=\"\" width=\"203\" height=\"271\" srcset=\"https:\/\/agora.xtec.cat\/ieslajonquera\/wp-content\/uploads\/usu2014\/2026\/04\/IMG_27881-768x1024.jpg 768w, https:\/\/agora.xtec.cat\/ieslajonquera\/wp-content\/uploads\/usu2014\/2026\/04\/IMG_27881-225x300.jpg 225w, https:\/\/agora.xtec.cat\/ieslajonquera\/wp-content\/uploads\/usu2014\/2026\/04\/IMG_27881.jpg 1024w\" sizes=\"auto, (max-width: 203px) 100vw, 203px\" \/><\/a><\/p>\n","protected":false},"excerpt":{"rendered":"<p><a href=\"https:\/\/agora.xtec.cat\/ieslajonquera\/wp-content\/uploads\/usu2014\/2026\/04\/8b3394f7-9a43-4f9a-889d-243568cf1e86.jpg\"><\/a>El passat 23 d&#8217;abril, Sant Jordi, es va celebrar la Diada del llibre i la Rosa al nostre centre. Les tres primeres hores van ser lectives, per\u00f2 a partir de l&#8217;hora del pati l&#8217;alumnat va participar en diverses activitats: tallers d&#8217;elaboraci\u00f3 de punts de&hellip;  <a href=\"https:\/\/agora.xtec.cat\/ieslajonquera\/general\/sant-jordi-la-diada-del-llibre-i-la-rosa-a-linstitut\/\" title=\"Read Sant Jordi: La Diada del Llibre i la Rosa a l&#8217;institut\">Llegeix m\u00e9s\u00bb<\/a><\/p>\n","protected":false},"author":3,"featured_media":6790,"comment_status":"open","ping_status":"open","sticky":false,"template":"","format":"standard","meta":{"_bbp_topic_count":0,"_bbp_reply_count":0,"_bbp_total_topic_count":0,"_bbp_total_reply_count":0,"_bbp_voice_count":0,"_bbp_anonymous_reply_count":0,"_bbp_topic_count_hidden":0,"_bbp_reply_count_hidden":0,"_bbp_forum_subforum_count":0,"footnotes":""},"categories":[1],"tags":[106,38],"class_list":["post-6789","post","type-post","status-publish","format-standard","has-post-thumbnail","hentry","category-general","tag-concurs","tag-sant-jordi"],"post_mailing_queue_ids":[],"_links":{"self":[{"href":"https:\/\/agora.xtec.cat\/ieslajonquera\/wp-json\/wp\/v2\/posts\/6789","targetHints":{"allow":["GET"]}}],"collection":[{"href":"https:\/\/agora.xtec.cat\/ieslajonquera\/wp-json\/wp\/v2\/posts"}],"about":[{"href":"https:\/\/agora.xtec.cat\/ieslajonquera\/wp-json\/wp\/v2\/types\/post"}],"author":[{"embeddable":true,"href":"https:\/\/agora.xtec.cat\/ieslajonquera\/wp-json\/wp\/v2\/users\/3"}],"replies":[{"embeddable":true,"href":"https:\/\/agora.xtec.cat\/ieslajonquera\/wp-json\/wp\/v2\/comments?post=6789"}],"version-history":[{"count":1,"href":"https:\/\/agora.xtec.cat\/ieslajonquera\/wp-json\/wp\/v2\/posts\/6789\/revisions"}],"predecessor-version":[{"id":6797,"href":"https:\/\/agora.xtec.cat\/ieslajonquera\/wp-json\/wp\/v2\/posts\/6789\/revisions\/6797"}],"wp:featuredmedia":[{"embeddable":true,"href":"https:\/\/agora.xtec.cat\/ieslajonquera\/wp-json\/wp\/v2\/media\/6790"}],"wp:attachment":[{"href":"https:\/\/agora.xtec.cat\/ieslajonquera\/wp-json\/wp\/v2\/media?parent=6789"}],"wp:term":[{"taxonomy":"category","embeddable":true,"href":"https:\/\/agora.xtec.cat\/ieslajonquera\/wp-json\/wp\/v2\/categories?post=6789"},{"taxonomy":"post_tag","embeddable":true,"href":"https:\/\/agora.xtec.cat\/ieslajonquera\/wp-json\/wp\/v2\/tags?post=6789"}],"curies":[{"name":"wp","href":"https:\/\/api.w.org\/{rel}","templated":true}]}}