{"id":6685,"date":"2026-03-13T14:03:35","date_gmt":"2026-03-13T13:03:35","guid":{"rendered":"https:\/\/agora.xtec.cat\/ieslajonquera\/?p=6685"},"modified":"2026-03-13T14:03:35","modified_gmt":"2026-03-13T13:03:35","slug":"participacio-al-xxii-certamen-de-lectura-en-veu-alta","status":"publish","type":"post","link":"https:\/\/agora.xtec.cat\/ieslajonquera\/general\/participacio-al-xxii-certamen-de-lectura-en-veu-alta\/","title":{"rendered":"Participaci\u00f3 al XXII Certamen de Lectura en veu Alta"},"content":{"rendered":"<figure class=\"figure wp-caption alignleft\"><a href=\"https:\/\/agora.xtec.cat\/ieslajonquera\/wp-content\/uploads\/usu2014\/2026\/03\/IMG_2553.jpg\"><img loading=\"lazy\" decoding=\"async\" class=\" wp-image-6686\" src=\"https:\/\/agora.xtec.cat\/ieslajonquera\/wp-content\/uploads\/usu2014\/2026\/03\/IMG_2553-1024x995.jpg\" alt=\"\" width=\"284\" height=\"276\" srcset=\"https:\/\/agora.xtec.cat\/ieslajonquera\/wp-content\/uploads\/usu2014\/2026\/03\/IMG_2553-1024x995.jpg 1024w, https:\/\/agora.xtec.cat\/ieslajonquera\/wp-content\/uploads\/usu2014\/2026\/03\/IMG_2553-300x292.jpg 300w, https:\/\/agora.xtec.cat\/ieslajonquera\/wp-content\/uploads\/usu2014\/2026\/03\/IMG_2553-768x747.jpg 768w, https:\/\/agora.xtec.cat\/ieslajonquera\/wp-content\/uploads\/usu2014\/2026\/03\/IMG_2553.jpg 1179w\" sizes=\"auto, (max-width: 284px) 100vw, 284px\" \/><\/a><figcaption class=\"wp-caption-text\">Screenshot<\/figcaption><\/figure>\n<p style=\"text-align: justify;\">Els alumnes de 3r d&#8217;ESO Pep L\u00f3pez, Quim Corsellas i Roger Traber han participat en el XXII Certamen de Lectura en Veu Alta, organitzat per la Fundaci\u00f3 Enciclop\u00e8dia Catalana i el Departament d&#8217;Educaci\u00f3 amb col\u00b7laboraci\u00f3 del SEAE, celebrat ahir a l&#8217;auditori Convent dels Caputxins de Figueres.<\/p>\n","protected":false},"excerpt":{"rendered":"<p><a href=\"https:\/\/agora.xtec.cat\/ieslajonquera\/wp-content\/uploads\/usu2014\/2026\/03\/IMG_2553.jpg\"><\/a>Screenshot<br \/>\nEls alumnes de 3r d&#8217;ESO Pep L\u00f3pez, Quim Corsellas i Roger Traber han participat en el XXII Certamen de Lectura en Veu Alta, organitzat per la Fundaci\u00f3 Enciclop\u00e8dia Catalana i el Departament d&#8217;Educaci\u00f3 amb col\u00b7laboraci\u00f3 del SEAE, celebrat ahir a l&#8217;auditori Convent dels Caputxins&hellip;  <a href=\"https:\/\/agora.xtec.cat\/ieslajonquera\/general\/participacio-al-xxii-certamen-de-lectura-en-veu-alta\/\" title=\"Read Participaci\u00f3 al XXII Certamen de Lectura en veu Alta\">Llegeix m\u00e9s\u00bb<\/a><\/p>\n","protected":false},"author":3,"featured_media":6686,"comment_status":"open","ping_status":"open","sticky":false,"template":"","format":"standard","meta":{"_bbp_topic_count":0,"_bbp_reply_count":0,"_bbp_total_topic_count":0,"_bbp_total_reply_count":0,"_bbp_voice_count":0,"_bbp_anonymous_reply_count":0,"_bbp_topic_count_hidden":0,"_bbp_reply_count_hidden":0,"_bbp_forum_subforum_count":0,"footnotes":""},"categories":[7,3,1],"tags":[114],"class_list":["post-6685","post","type-post","status-publish","format-standard","has-post-thumbnail","hentry","category-eso-4","category-eso","category-general","tag-lectura"],"post_mailing_queue_ids":[],"_links":{"self":[{"href":"https:\/\/agora.xtec.cat\/ieslajonquera\/wp-json\/wp\/v2\/posts\/6685","targetHints":{"allow":["GET"]}}],"collection":[{"href":"https:\/\/agora.xtec.cat\/ieslajonquera\/wp-json\/wp\/v2\/posts"}],"about":[{"href":"https:\/\/agora.xtec.cat\/ieslajonquera\/wp-json\/wp\/v2\/types\/post"}],"author":[{"embeddable":true,"href":"https:\/\/agora.xtec.cat\/ieslajonquera\/wp-json\/wp\/v2\/users\/3"}],"replies":[{"embeddable":true,"href":"https:\/\/agora.xtec.cat\/ieslajonquera\/wp-json\/wp\/v2\/comments?post=6685"}],"version-history":[{"count":1,"href":"https:\/\/agora.xtec.cat\/ieslajonquera\/wp-json\/wp\/v2\/posts\/6685\/revisions"}],"predecessor-version":[{"id":6687,"href":"https:\/\/agora.xtec.cat\/ieslajonquera\/wp-json\/wp\/v2\/posts\/6685\/revisions\/6687"}],"wp:featuredmedia":[{"embeddable":true,"href":"https:\/\/agora.xtec.cat\/ieslajonquera\/wp-json\/wp\/v2\/media\/6686"}],"wp:attachment":[{"href":"https:\/\/agora.xtec.cat\/ieslajonquera\/wp-json\/wp\/v2\/media?parent=6685"}],"wp:term":[{"taxonomy":"category","embeddable":true,"href":"https:\/\/agora.xtec.cat\/ieslajonquera\/wp-json\/wp\/v2\/categories?post=6685"},{"taxonomy":"post_tag","embeddable":true,"href":"https:\/\/agora.xtec.cat\/ieslajonquera\/wp-json\/wp\/v2\/tags?post=6685"}],"curies":[{"name":"wp","href":"https:\/\/api.w.org\/{rel}","templated":true}]}}