{"id":6675,"date":"2026-03-13T13:28:44","date_gmt":"2026-03-13T12:28:44","guid":{"rendered":"https:\/\/agora.xtec.cat\/ieslajonquera\/?p=6675"},"modified":"2026-03-13T13:31:24","modified_gmt":"2026-03-13T12:31:24","slug":"visita-de-lescriptor-angel-burgas","status":"publish","type":"post","link":"https:\/\/agora.xtec.cat\/ieslajonquera\/general\/visita-de-lescriptor-angel-burgas\/","title":{"rendered":"Visita de l&#8217;escriptor \u00c0ngel Burgas"},"content":{"rendered":"<p style=\"text-align: justify;\"><a href=\"https:\/\/agora.xtec.cat\/ieslajonquera\/wp-content\/uploads\/usu2014\/2026\/03\/1r-dESO_Angel-Burgas.jpg\"><img loading=\"lazy\" decoding=\"async\" class=\" wp-image-6676 alignleft\" src=\"https:\/\/agora.xtec.cat\/ieslajonquera\/wp-content\/uploads\/usu2014\/2026\/03\/1r-dESO_Angel-Burgas-1024x768.jpg\" alt=\"\" width=\"351\" height=\"263\" srcset=\"https:\/\/agora.xtec.cat\/ieslajonquera\/wp-content\/uploads\/usu2014\/2026\/03\/1r-dESO_Angel-Burgas-1024x768.jpg 1024w, https:\/\/agora.xtec.cat\/ieslajonquera\/wp-content\/uploads\/usu2014\/2026\/03\/1r-dESO_Angel-Burgas-300x225.jpg 300w, https:\/\/agora.xtec.cat\/ieslajonquera\/wp-content\/uploads\/usu2014\/2026\/03\/1r-dESO_Angel-Burgas-768x576.jpg 768w, https:\/\/agora.xtec.cat\/ieslajonquera\/wp-content\/uploads\/usu2014\/2026\/03\/1r-dESO_Angel-Burgas-1536x1152.jpg 1536w, https:\/\/agora.xtec.cat\/ieslajonquera\/wp-content\/uploads\/usu2014\/2026\/03\/1r-dESO_Angel-Burgas-200x150.jpg 200w, https:\/\/agora.xtec.cat\/ieslajonquera\/wp-content\/uploads\/usu2014\/2026\/03\/1r-dESO_Angel-Burgas.jpg 1600w\" sizes=\"auto, (max-width: 351px) 100vw, 351px\" \/><\/a>El passat dimarts, 10 de mar\u00e7, vam rebre la visita de l&#8217;escriptor \u00c0ngel Burgas, que primer va fer una xerrada a l&#8217;alumnat de 4t d&#8217;ESO en qu\u00e8 va parlar, sobretot, del seu llibre <em>Noel et Busca<\/em>, i despr\u00e9s, a l&#8217;alumnat de 1r d&#8217;ESO per parlar sobre el seu llibre <em>L&#8217;anticlub<\/em> i sobre com \u00e9s l&#8217;ofici d&#8217;escriptor.<\/p>\n<p>L&#8217;activitat forma part del programa Autors a les Aules del Departament de Cultura de la Generalitat.<\/p>\n","protected":false},"excerpt":{"rendered":"<p><a href=\"https:\/\/agora.xtec.cat\/ieslajonquera\/wp-content\/uploads\/usu2014\/2026\/03\/1r-dESO_Angel-Burgas.jpg\"><\/a>El passat dimarts, 10 de mar\u00e7, vam rebre la visita de l&#8217;escriptor \u00c0ngel Burgas, que primer va fer una xerrada a l&#8217;alumnat de 4t d&#8217;ESO en qu\u00e8 va parlar, sobretot, del seu llibre Noel et Busca, i despr\u00e9s, a l&#8217;alumnat de 1r d&#8217;ESO per&hellip;  <a href=\"https:\/\/agora.xtec.cat\/ieslajonquera\/general\/visita-de-lescriptor-angel-burgas\/\" title=\"Read Visita de l&#8217;escriptor \u00c0ngel Burgas\">Llegeix m\u00e9s\u00bb<\/a><\/p>\n","protected":false},"author":3,"featured_media":6676,"comment_status":"open","ping_status":"open","sticky":false,"template":"","format":"standard","meta":{"_bbp_topic_count":0,"_bbp_reply_count":0,"_bbp_total_topic_count":0,"_bbp_total_reply_count":0,"_bbp_voice_count":0,"_bbp_anonymous_reply_count":0,"_bbp_topic_count_hidden":0,"_bbp_reply_count_hidden":0,"_bbp_forum_subforum_count":0,"footnotes":""},"categories":[4,7,3,1],"tags":[114,124,44],"class_list":["post-6675","post","type-post","status-publish","format-standard","has-post-thumbnail","hentry","category-eso-1","category-eso-4","category-eso","category-general","tag-lectura","tag-literatura","tag-xerrades"],"post_mailing_queue_ids":[],"_links":{"self":[{"href":"https:\/\/agora.xtec.cat\/ieslajonquera\/wp-json\/wp\/v2\/posts\/6675","targetHints":{"allow":["GET"]}}],"collection":[{"href":"https:\/\/agora.xtec.cat\/ieslajonquera\/wp-json\/wp\/v2\/posts"}],"about":[{"href":"https:\/\/agora.xtec.cat\/ieslajonquera\/wp-json\/wp\/v2\/types\/post"}],"author":[{"embeddable":true,"href":"https:\/\/agora.xtec.cat\/ieslajonquera\/wp-json\/wp\/v2\/users\/3"}],"replies":[{"embeddable":true,"href":"https:\/\/agora.xtec.cat\/ieslajonquera\/wp-json\/wp\/v2\/comments?post=6675"}],"version-history":[{"count":2,"href":"https:\/\/agora.xtec.cat\/ieslajonquera\/wp-json\/wp\/v2\/posts\/6675\/revisions"}],"predecessor-version":[{"id":6678,"href":"https:\/\/agora.xtec.cat\/ieslajonquera\/wp-json\/wp\/v2\/posts\/6675\/revisions\/6678"}],"wp:featuredmedia":[{"embeddable":true,"href":"https:\/\/agora.xtec.cat\/ieslajonquera\/wp-json\/wp\/v2\/media\/6676"}],"wp:attachment":[{"href":"https:\/\/agora.xtec.cat\/ieslajonquera\/wp-json\/wp\/v2\/media?parent=6675"}],"wp:term":[{"taxonomy":"category","embeddable":true,"href":"https:\/\/agora.xtec.cat\/ieslajonquera\/wp-json\/wp\/v2\/categories?post=6675"},{"taxonomy":"post_tag","embeddable":true,"href":"https:\/\/agora.xtec.cat\/ieslajonquera\/wp-json\/wp\/v2\/tags?post=6675"}],"curies":[{"name":"wp","href":"https:\/\/api.w.org\/{rel}","templated":true}]}}