{"id":6665,"date":"2026-03-12T14:12:42","date_gmt":"2026-03-12T13:12:42","guid":{"rendered":"https:\/\/agora.xtec.cat\/ieslajonquera\/?p=6665"},"modified":"2026-03-22T18:09:03","modified_gmt":"2026-03-22T17:09:03","slug":"la-setmana-de-la-dona-al-nostre-centre","status":"publish","type":"post","link":"https:\/\/agora.xtec.cat\/ieslajonquera\/general\/la-setmana-de-la-dona-al-nostre-centre\/","title":{"rendered":"La Setmana de la Dona al nostre centre"},"content":{"rendered":"<p style=\"text-align: justify;\"><a href=\"https:\/\/agora.xtec.cat\/ieslajonquera\/wp-content\/uploads\/usu2014\/2026\/03\/5800d4ad-9366-4d2a-bf8d-56e5230d6001.jpg\"><img loading=\"lazy\" decoding=\"async\" class=\" wp-image-6667 alignleft\" src=\"https:\/\/agora.xtec.cat\/ieslajonquera\/wp-content\/uploads\/usu2014\/2026\/03\/5800d4ad-9366-4d2a-bf8d-56e5230d6001-768x1024.jpg\" alt=\"\" width=\"162\" height=\"216\" srcset=\"https:\/\/agora.xtec.cat\/ieslajonquera\/wp-content\/uploads\/usu2014\/2026\/03\/5800d4ad-9366-4d2a-bf8d-56e5230d6001-768x1024.jpg 768w, https:\/\/agora.xtec.cat\/ieslajonquera\/wp-content\/uploads\/usu2014\/2026\/03\/5800d4ad-9366-4d2a-bf8d-56e5230d6001-225x300.jpg 225w, https:\/\/agora.xtec.cat\/ieslajonquera\/wp-content\/uploads\/usu2014\/2026\/03\/5800d4ad-9366-4d2a-bf8d-56e5230d6001-1152x1536.jpg 1152w, https:\/\/agora.xtec.cat\/ieslajonquera\/wp-content\/uploads\/usu2014\/2026\/03\/5800d4ad-9366-4d2a-bf8d-56e5230d6001.jpg 1200w\" sizes=\"auto, (max-width: 162px) 100vw, 162px\" \/><\/a><a href=\"https:\/\/agora.xtec.cat\/ieslajonquera\/wp-content\/uploads\/usu2014\/2026\/03\/6ffb632d-a518-4038-9d21-353e053de6e2.jpg\"><img loading=\"lazy\" decoding=\"async\" class=\" wp-image-6666 alignleft\" src=\"https:\/\/agora.xtec.cat\/ieslajonquera\/wp-content\/uploads\/usu2014\/2026\/03\/6ffb632d-a518-4038-9d21-353e053de6e2-768x1024.jpg\" alt=\"\" width=\"163\" height=\"218\" srcset=\"https:\/\/agora.xtec.cat\/ieslajonquera\/wp-content\/uploads\/usu2014\/2026\/03\/6ffb632d-a518-4038-9d21-353e053de6e2-768x1024.jpg 768w, https:\/\/agora.xtec.cat\/ieslajonquera\/wp-content\/uploads\/usu2014\/2026\/03\/6ffb632d-a518-4038-9d21-353e053de6e2-225x300.jpg 225w, https:\/\/agora.xtec.cat\/ieslajonquera\/wp-content\/uploads\/usu2014\/2026\/03\/6ffb632d-a518-4038-9d21-353e053de6e2-1152x1536.jpg 1152w, https:\/\/agora.xtec.cat\/ieslajonquera\/wp-content\/uploads\/usu2014\/2026\/03\/6ffb632d-a518-4038-9d21-353e053de6e2.jpg 1200w\" sizes=\"auto, (max-width: 163px) 100vw, 163px\" \/><\/a><a href=\"https:\/\/agora.xtec.cat\/ieslajonquera\/wp-content\/uploads\/usu2014\/2026\/03\/8b4ed6db-85b1-433d-b717-b13cfe1c051f.jpg\"><img loading=\"lazy\" decoding=\"async\" class=\" wp-image-6668 alignleft\" src=\"https:\/\/agora.xtec.cat\/ieslajonquera\/wp-content\/uploads\/usu2014\/2026\/03\/8b4ed6db-85b1-433d-b717-b13cfe1c051f-529x1024.jpg\" alt=\"\" width=\"114\" height=\"220\" srcset=\"https:\/\/agora.xtec.cat\/ieslajonquera\/wp-content\/uploads\/usu2014\/2026\/03\/8b4ed6db-85b1-433d-b717-b13cfe1c051f-529x1024.jpg 529w, https:\/\/agora.xtec.cat\/ieslajonquera\/wp-content\/uploads\/usu2014\/2026\/03\/8b4ed6db-85b1-433d-b717-b13cfe1c051f-155x300.jpg 155w, https:\/\/agora.xtec.cat\/ieslajonquera\/wp-content\/uploads\/usu2014\/2026\/03\/8b4ed6db-85b1-433d-b717-b13cfe1c051f.jpg 747w\" sizes=\"auto, (max-width: 114px) 100vw, 114px\" \/><\/a>El passat dimecres 4 de mar\u00e7 es va celebrar el Dia de la Dona Treballadora a l&#8217;institut i les activitats que es van portar a terme al llarg de la setmana van ser: projecci\u00f3 de pel\u00b7l\u00edcules i posterior debat a tots els cursos de l&#8217;ESO (<em>Brave<\/em> a 1r, <em>Quiero ser como Beckham<\/em> a 2n, <em>Barbie<\/em> a 3r i T<em>e doy mis ojos<\/em> a 4t), taller de lletres de can\u00e7ons a 3r i 4t d&#8217;ESO i reflexi\u00f3 sobre els missatges que transmeten, assist\u00e8ncia a la representaci\u00f3 teatral &#8220;La Primera i es mestres de la Rep\u00fablica&#8221; (amb la col\u00b7laboraci\u00f3 del MUME) i lectura d&#8217;un <a href=\"https:\/\/drive.google.com\/file\/d\/1zgXrFvJ9n_01W89vY_fXDtMLkYdlyjlg\/view?usp=sharing\">manifest<\/a> creat de manera col\u00b7laborativa per tot l&#8217;alumnat de la mat\u00e8ria Creaci\u00f3 liter\u00e0ria a 1r de batxillerat en el marc dels actes del 8M organitzats per l&#8217;Ajuntament de la Jonquera.<\/p>\n<p style=\"text-align: justify;\"><a href=\"https:\/\/agora.xtec.cat\/ieslajonquera\/wp-content\/uploads\/usu2014\/2026\/03\/IMG_2510-1.jpg\"><img loading=\"lazy\" decoding=\"async\" class=\" wp-image-6673 alignleft\" src=\"https:\/\/agora.xtec.cat\/ieslajonquera\/wp-content\/uploads\/usu2014\/2026\/03\/IMG_2510-1.jpg\" alt=\"\" width=\"164\" height=\"123\" srcset=\"https:\/\/agora.xtec.cat\/ieslajonquera\/wp-content\/uploads\/usu2014\/2026\/03\/IMG_2510-1.jpg 1024w, https:\/\/agora.xtec.cat\/ieslajonquera\/wp-content\/uploads\/usu2014\/2026\/03\/IMG_2510-1-300x225.jpg 300w, https:\/\/agora.xtec.cat\/ieslajonquera\/wp-content\/uploads\/usu2014\/2026\/03\/IMG_2510-1-768x576.jpg 768w, https:\/\/agora.xtec.cat\/ieslajonquera\/wp-content\/uploads\/usu2014\/2026\/03\/IMG_2510-1-200x150.jpg 200w\" sizes=\"auto, (max-width: 164px) 100vw, 164px\" \/><\/a>A m\u00e9s a m\u00e9s, l&#8217;alumnat de 3r d&#8217;ESO va elaborar un mural des de la mat\u00e8ria d&#8217;Educaci\u00f3 Visual i Pl\u00e0stica.<\/p>\n","protected":false},"excerpt":{"rendered":"<p><a href=\"https:\/\/agora.xtec.cat\/ieslajonquera\/wp-content\/uploads\/usu2014\/2026\/03\/5800d4ad-9366-4d2a-bf8d-56e5230d6001.jpg\"><\/a><a href=\"https:\/\/agora.xtec.cat\/ieslajonquera\/wp-content\/uploads\/usu2014\/2026\/03\/6ffb632d-a518-4038-9d21-353e053de6e2.jpg\"><\/a><a href=\"https:\/\/agora.xtec.cat\/ieslajonquera\/wp-content\/uploads\/usu2014\/2026\/03\/8b4ed6db-85b1-433d-b717-b13cfe1c051f.jpg\"><\/a>El passat dimecres 4 de mar\u00e7 es va celebrar el Dia de la Dona Treballadora a l&#8217;institut i les activitats que es van portar a terme al llarg de la setmana van ser: projecci\u00f3 de pel\u00b7l\u00edcules i posterior debat a tots els&hellip;  <a href=\"https:\/\/agora.xtec.cat\/ieslajonquera\/general\/la-setmana-de-la-dona-al-nostre-centre\/\" title=\"Read La Setmana de la Dona al nostre centre\">Llegeix m\u00e9s\u00bb<\/a><\/p>\n","protected":false},"author":3,"featured_media":6666,"comment_status":"open","ping_status":"open","sticky":false,"template":"","format":"standard","meta":{"_bbp_topic_count":0,"_bbp_reply_count":0,"_bbp_total_topic_count":0,"_bbp_total_reply_count":0,"_bbp_voice_count":0,"_bbp_anonymous_reply_count":0,"_bbp_topic_count_hidden":0,"_bbp_reply_count_hidden":0,"_bbp_forum_subforum_count":0,"footnotes":""},"categories":[1],"tags":[120],"class_list":["post-6665","post","type-post","status-publish","format-standard","has-post-thumbnail","hentry","category-general","tag-convivencia"],"post_mailing_queue_ids":[],"_links":{"self":[{"href":"https:\/\/agora.xtec.cat\/ieslajonquera\/wp-json\/wp\/v2\/posts\/6665","targetHints":{"allow":["GET"]}}],"collection":[{"href":"https:\/\/agora.xtec.cat\/ieslajonquera\/wp-json\/wp\/v2\/posts"}],"about":[{"href":"https:\/\/agora.xtec.cat\/ieslajonquera\/wp-json\/wp\/v2\/types\/post"}],"author":[{"embeddable":true,"href":"https:\/\/agora.xtec.cat\/ieslajonquera\/wp-json\/wp\/v2\/users\/3"}],"replies":[{"embeddable":true,"href":"https:\/\/agora.xtec.cat\/ieslajonquera\/wp-json\/wp\/v2\/comments?post=6665"}],"version-history":[{"count":3,"href":"https:\/\/agora.xtec.cat\/ieslajonquera\/wp-json\/wp\/v2\/posts\/6665\/revisions"}],"predecessor-version":[{"id":6710,"href":"https:\/\/agora.xtec.cat\/ieslajonquera\/wp-json\/wp\/v2\/posts\/6665\/revisions\/6710"}],"wp:featuredmedia":[{"embeddable":true,"href":"https:\/\/agora.xtec.cat\/ieslajonquera\/wp-json\/wp\/v2\/media\/6666"}],"wp:attachment":[{"href":"https:\/\/agora.xtec.cat\/ieslajonquera\/wp-json\/wp\/v2\/media?parent=6665"}],"wp:term":[{"taxonomy":"category","embeddable":true,"href":"https:\/\/agora.xtec.cat\/ieslajonquera\/wp-json\/wp\/v2\/categories?post=6665"},{"taxonomy":"post_tag","embeddable":true,"href":"https:\/\/agora.xtec.cat\/ieslajonquera\/wp-json\/wp\/v2\/tags?post=6665"}],"curies":[{"name":"wp","href":"https:\/\/api.w.org\/{rel}","templated":true}]}}