{"id":6661,"date":"2026-03-09T18:49:45","date_gmt":"2026-03-09T17:49:45","guid":{"rendered":"https:\/\/agora.xtec.cat\/ieslajonquera\/?p=6661"},"modified":"2026-03-09T18:49:45","modified_gmt":"2026-03-09T17:49:45","slug":"tercera-sessio-del-club-de-lectura-6","status":"publish","type":"post","link":"https:\/\/agora.xtec.cat\/ieslajonquera\/general\/tercera-sessio-del-club-de-lectura-6\/","title":{"rendered":"Tercera sessi\u00f3 del Club de Lectura"},"content":{"rendered":"<p style=\"text-align: justify;\"><a href=\"https:\/\/agora.xtec.cat\/ieslajonquera\/wp-content\/uploads\/usu2014\/2026\/03\/IMG_24791.jpg\"><img loading=\"lazy\" decoding=\"async\" class=\" wp-image-6662 alignleft\" src=\"https:\/\/agora.xtec.cat\/ieslajonquera\/wp-content\/uploads\/usu2014\/2026\/03\/IMG_24791.jpg\" alt=\"\" width=\"305\" height=\"229\" srcset=\"https:\/\/agora.xtec.cat\/ieslajonquera\/wp-content\/uploads\/usu2014\/2026\/03\/IMG_24791.jpg 1024w, https:\/\/agora.xtec.cat\/ieslajonquera\/wp-content\/uploads\/usu2014\/2026\/03\/IMG_24791-300x225.jpg 300w, https:\/\/agora.xtec.cat\/ieslajonquera\/wp-content\/uploads\/usu2014\/2026\/03\/IMG_24791-768x576.jpg 768w, https:\/\/agora.xtec.cat\/ieslajonquera\/wp-content\/uploads\/usu2014\/2026\/03\/IMG_24791-200x150.jpg 200w\" sizes=\"auto, (max-width: 305px) 100vw, 305px\" \/><\/a><a href=\"https:\/\/agora.xtec.cat\/ieslajonquera\/wp-content\/uploads\/usu2014\/2026\/03\/913sgYildlL._AC_UF10001000_QL80_.jpg\"><img loading=\"lazy\" decoding=\"async\" class=\" wp-image-6663 alignleft\" src=\"https:\/\/agora.xtec.cat\/ieslajonquera\/wp-content\/uploads\/usu2014\/2026\/03\/913sgYildlL._AC_UF10001000_QL80_.jpg\" alt=\"\" width=\"152\" height=\"229\" srcset=\"https:\/\/agora.xtec.cat\/ieslajonquera\/wp-content\/uploads\/usu2014\/2026\/03\/913sgYildlL._AC_UF10001000_QL80_.jpg 662w, https:\/\/agora.xtec.cat\/ieslajonquera\/wp-content\/uploads\/usu2014\/2026\/03\/913sgYildlL._AC_UF10001000_QL80_-199x300.jpg 199w\" sizes=\"auto, (max-width: 152px) 100vw, 152px\" \/><\/a>A la tercera sessi\u00f3 del Club de Lectura es va comentar el llibre Cor de cactus i altres formes d&#8217;estimar, d&#8217;Anna Manso.<\/p>\n<p style=\"text-align: justify;\">Els participants van analitzar lletres de can\u00e7ons, les van classificar mitjan\u00e7ant un sem\u00e0for en funci\u00f3 de la seva molta poca o nul\u00b7la toxicitat, les van relacionar amb els diferents tipus de vincles amorosos que surten al llibre i, com fa la protagonista, que \u00e9s punxadiscos, van crear una llista de reproducci\u00f3.<\/p>\n<p style=\"text-align: justify;\">Va ser la particular manera de celebrar la Setmana de la Dona des del Club de Lectura.<\/p>\n","protected":false},"excerpt":{"rendered":"<p><a href=\"https:\/\/agora.xtec.cat\/ieslajonquera\/wp-content\/uploads\/usu2014\/2026\/03\/IMG_24791.jpg\"><\/a><a href=\"https:\/\/agora.xtec.cat\/ieslajonquera\/wp-content\/uploads\/usu2014\/2026\/03\/913sgYildlL._AC_UF10001000_QL80_.jpg\"><\/a>A la tercera sessi\u00f3 del Club de Lectura es va comentar el llibre Cor de cactus i altres formes d&#8217;estimar, d&#8217;Anna Manso.<br \/>\nEls participants van analitzar lletres de can\u00e7ons, les van classificar mitjan\u00e7ant un sem\u00e0for en funci\u00f3 de la seva molta poca o nul\u00b7la&hellip;  <a href=\"https:\/\/agora.xtec.cat\/ieslajonquera\/general\/tercera-sessio-del-club-de-lectura-6\/\" title=\"Read Tercera sessi\u00f3 del Club de Lectura\">Llegeix m\u00e9s\u00bb<\/a><\/p>\n","protected":false},"author":3,"featured_media":6662,"comment_status":"open","ping_status":"open","sticky":false,"template":"","format":"standard","meta":{"_bbp_topic_count":0,"_bbp_reply_count":0,"_bbp_total_topic_count":0,"_bbp_total_reply_count":0,"_bbp_voice_count":0,"_bbp_anonymous_reply_count":0,"_bbp_topic_count_hidden":0,"_bbp_reply_count_hidden":0,"_bbp_forum_subforum_count":0,"footnotes":""},"categories":[140,1],"tags":[114],"class_list":["post-6661","post","type-post","status-publish","format-standard","has-post-thumbnail","hentry","category-club-de-lectura","category-general","tag-lectura"],"post_mailing_queue_ids":[],"_links":{"self":[{"href":"https:\/\/agora.xtec.cat\/ieslajonquera\/wp-json\/wp\/v2\/posts\/6661","targetHints":{"allow":["GET"]}}],"collection":[{"href":"https:\/\/agora.xtec.cat\/ieslajonquera\/wp-json\/wp\/v2\/posts"}],"about":[{"href":"https:\/\/agora.xtec.cat\/ieslajonquera\/wp-json\/wp\/v2\/types\/post"}],"author":[{"embeddable":true,"href":"https:\/\/agora.xtec.cat\/ieslajonquera\/wp-json\/wp\/v2\/users\/3"}],"replies":[{"embeddable":true,"href":"https:\/\/agora.xtec.cat\/ieslajonquera\/wp-json\/wp\/v2\/comments?post=6661"}],"version-history":[{"count":1,"href":"https:\/\/agora.xtec.cat\/ieslajonquera\/wp-json\/wp\/v2\/posts\/6661\/revisions"}],"predecessor-version":[{"id":6664,"href":"https:\/\/agora.xtec.cat\/ieslajonquera\/wp-json\/wp\/v2\/posts\/6661\/revisions\/6664"}],"wp:featuredmedia":[{"embeddable":true,"href":"https:\/\/agora.xtec.cat\/ieslajonquera\/wp-json\/wp\/v2\/media\/6662"}],"wp:attachment":[{"href":"https:\/\/agora.xtec.cat\/ieslajonquera\/wp-json\/wp\/v2\/media?parent=6661"}],"wp:term":[{"taxonomy":"category","embeddable":true,"href":"https:\/\/agora.xtec.cat\/ieslajonquera\/wp-json\/wp\/v2\/categories?post=6661"},{"taxonomy":"post_tag","embeddable":true,"href":"https:\/\/agora.xtec.cat\/ieslajonquera\/wp-json\/wp\/v2\/tags?post=6661"}],"curies":[{"name":"wp","href":"https:\/\/api.w.org\/{rel}","templated":true}]}}