{"id":6630,"date":"2026-02-26T14:25:38","date_gmt":"2026-02-26T13:25:38","guid":{"rendered":"https:\/\/agora.xtec.cat\/ieslajonquera\/?p=6630"},"modified":"2026-02-26T21:00:19","modified_gmt":"2026-02-26T20:00:19","slug":"podcast-veu-a-veu-de-laula-dacollida","status":"publish","type":"post","link":"https:\/\/agora.xtec.cat\/ieslajonquera\/general\/podcast-veu-a-veu-de-laula-dacollida\/","title":{"rendered":"P\u00f2dcast Veu@Veu de l&#8217;Aula d&#8217;Acollida"},"content":{"rendered":"<p style=\"text-align: justify;\">Els alumnes de l&#8217;Aula d&#8217;acollida de l&#8217;INS la Jonquera han participat en l&#8217;enregistrament del p\u00f2dcast<i>\u00a0<a href=\"https:\/\/projectes.xtec.cat\/acollidasuport\/general\/veu-a-veu-el-podcast-de-laula-dacollida\/\" target=\"_blank\" rel=\"noopener\" data-saferedirecturl=\"https:\/\/www.google.com\/url?q=https:\/\/projectes.xtec.cat\/acollidasuport\/general\/veu-a-veu-el-podcast-de-laula-dacollida\/&amp;source=gmail&amp;ust=1772198102688000&amp;usg=AOvVaw2XO0_dENa5UfAMWhm9noKJ\">Veu@veu<\/a>.<\/i> Es tracta d&#8217;un projecte impulsat pel Servei de Suports i Recursos Ling\u00fc\u00edstics del Departament d&#8217;Educaci\u00f3, que consisteix a preparar i enregistrar un episodi d\u2019un p\u00f2dcast col\u00b7laboratiu amb altres centres educatius de Catalunya. Amb aquesta activitat han apr\u00e8s a redactar un gui\u00f3 radiof\u00f2nic, a fer enregistraments amb la taula de so i a muntar una pista d&#8217;\u00e0udio.<\/p>\n<p style=\"text-align: justify;\">Ja podeu escoltar el cap\u00edtol a <a href=\"https:\/\/open.spotify.com\/show\/1nqhAaYXW4R7WVTuOLbjqp\" target=\"_blank\" rel=\"noopener\" data-saferedirecturl=\"https:\/\/www.google.com\/url?q=https:\/\/open.spotify.com\/show\/1nqhAaYXW4R7WVTuOLbjqp&amp;source=gmail&amp;ust=1772198102688000&amp;usg=AOvVaw1PVqbc_2WeKb_Tu0JPqV5t\">Spotify<\/a>!<\/p>\n<p><a href=\"https:\/\/agora.xtec.cat\/ieslajonquera\/wp-content\/uploads\/usu2014\/2026\/02\/1000056549-scaled.jpg\"><img loading=\"lazy\" decoding=\"async\" class=\"alignnone wp-image-6632\" src=\"https:\/\/agora.xtec.cat\/ieslajonquera\/wp-content\/uploads\/usu2014\/2026\/02\/1000056549-1024x461.jpg\" alt=\"\" width=\"264\" height=\"119\" srcset=\"https:\/\/agora.xtec.cat\/ieslajonquera\/wp-content\/uploads\/usu2014\/2026\/02\/1000056549-1024x461.jpg 1024w, https:\/\/agora.xtec.cat\/ieslajonquera\/wp-content\/uploads\/usu2014\/2026\/02\/1000056549-300x135.jpg 300w, https:\/\/agora.xtec.cat\/ieslajonquera\/wp-content\/uploads\/usu2014\/2026\/02\/1000056549-768x346.jpg 768w, https:\/\/agora.xtec.cat\/ieslajonquera\/wp-content\/uploads\/usu2014\/2026\/02\/1000056549-1536x691.jpg 1536w, https:\/\/agora.xtec.cat\/ieslajonquera\/wp-content\/uploads\/usu2014\/2026\/02\/1000056549-2048x922.jpg 2048w\" sizes=\"auto, (max-width: 264px) 100vw, 264px\" \/><\/a> <a href=\"https:\/\/agora.xtec.cat\/ieslajonquera\/wp-content\/uploads\/usu2014\/2026\/02\/1000056537-1-scaled.jpg\"><img loading=\"lazy\" decoding=\"async\" class=\"alignnone wp-image-6633\" src=\"https:\/\/agora.xtec.cat\/ieslajonquera\/wp-content\/uploads\/usu2014\/2026\/02\/1000056537-1-1024x461.jpg\" alt=\"\" width=\"264\" height=\"119\" srcset=\"https:\/\/agora.xtec.cat\/ieslajonquera\/wp-content\/uploads\/usu2014\/2026\/02\/1000056537-1-1024x461.jpg 1024w, https:\/\/agora.xtec.cat\/ieslajonquera\/wp-content\/uploads\/usu2014\/2026\/02\/1000056537-1-300x135.jpg 300w, https:\/\/agora.xtec.cat\/ieslajonquera\/wp-content\/uploads\/usu2014\/2026\/02\/1000056537-1-768x346.jpg 768w, https:\/\/agora.xtec.cat\/ieslajonquera\/wp-content\/uploads\/usu2014\/2026\/02\/1000056537-1-1536x691.jpg 1536w, https:\/\/agora.xtec.cat\/ieslajonquera\/wp-content\/uploads\/usu2014\/2026\/02\/1000056537-1-2048x922.jpg 2048w\" sizes=\"auto, (max-width: 264px) 100vw, 264px\" \/><\/a> <a href=\"https:\/\/agora.xtec.cat\/ieslajonquera\/wp-content\/uploads\/usu2014\/2026\/02\/1000056468-scaled.jpg\"><img loading=\"lazy\" decoding=\"async\" class=\"alignnone wp-image-6634\" src=\"https:\/\/agora.xtec.cat\/ieslajonquera\/wp-content\/uploads\/usu2014\/2026\/02\/1000056468-640x1024.jpg\" alt=\"\" width=\"74\" height=\"119\" srcset=\"https:\/\/agora.xtec.cat\/ieslajonquera\/wp-content\/uploads\/usu2014\/2026\/02\/1000056468-640x1024.jpg 640w, https:\/\/agora.xtec.cat\/ieslajonquera\/wp-content\/uploads\/usu2014\/2026\/02\/1000056468-187x300.jpg 187w, https:\/\/agora.xtec.cat\/ieslajonquera\/wp-content\/uploads\/usu2014\/2026\/02\/1000056468-768x1229.jpg 768w, https:\/\/agora.xtec.cat\/ieslajonquera\/wp-content\/uploads\/usu2014\/2026\/02\/1000056468-960x1536.jpg 960w, https:\/\/agora.xtec.cat\/ieslajonquera\/wp-content\/uploads\/usu2014\/2026\/02\/1000056468-1280x2048.jpg 1280w, https:\/\/agora.xtec.cat\/ieslajonquera\/wp-content\/uploads\/usu2014\/2026\/02\/1000056468-scaled.jpg 1599w\" sizes=\"auto, (max-width: 74px) 100vw, 74px\" \/><\/a> <a href=\"https:\/\/agora.xtec.cat\/ieslajonquera\/wp-content\/uploads\/usu2014\/2026\/02\/1000056461-scaled.jpg\"><img loading=\"lazy\" decoding=\"async\" class=\"alignnone wp-image-6635\" src=\"https:\/\/agora.xtec.cat\/ieslajonquera\/wp-content\/uploads\/usu2014\/2026\/02\/1000056461-1024x599.jpg\" alt=\"\" width=\"265\" height=\"155\" srcset=\"https:\/\/agora.xtec.cat\/ieslajonquera\/wp-content\/uploads\/usu2014\/2026\/02\/1000056461-1024x599.jpg 1024w, https:\/\/agora.xtec.cat\/ieslajonquera\/wp-content\/uploads\/usu2014\/2026\/02\/1000056461-300x175.jpg 300w, https:\/\/agora.xtec.cat\/ieslajonquera\/wp-content\/uploads\/usu2014\/2026\/02\/1000056461-768x449.jpg 768w, https:\/\/agora.xtec.cat\/ieslajonquera\/wp-content\/uploads\/usu2014\/2026\/02\/1000056461-1536x898.jpg 1536w, https:\/\/agora.xtec.cat\/ieslajonquera\/wp-content\/uploads\/usu2014\/2026\/02\/1000056461-2048x1197.jpg 2048w\" sizes=\"auto, (max-width: 265px) 100vw, 265px\" \/><\/a> <a href=\"https:\/\/agora.xtec.cat\/ieslajonquera\/wp-content\/uploads\/usu2014\/2026\/02\/20260127_094912-scaled.jpg\"><img loading=\"lazy\" decoding=\"async\" class=\"alignnone wp-image-6636\" src=\"https:\/\/agora.xtec.cat\/ieslajonquera\/wp-content\/uploads\/usu2014\/2026\/02\/20260127_094912-1024x631.jpg\" alt=\"\" width=\"250\" height=\"154\" srcset=\"https:\/\/agora.xtec.cat\/ieslajonquera\/wp-content\/uploads\/usu2014\/2026\/02\/20260127_094912-1024x631.jpg 1024w, https:\/\/agora.xtec.cat\/ieslajonquera\/wp-content\/uploads\/usu2014\/2026\/02\/20260127_094912-300x185.jpg 300w, https:\/\/agora.xtec.cat\/ieslajonquera\/wp-content\/uploads\/usu2014\/2026\/02\/20260127_094912-768x473.jpg 768w, https:\/\/agora.xtec.cat\/ieslajonquera\/wp-content\/uploads\/usu2014\/2026\/02\/20260127_094912-1536x947.jpg 1536w, https:\/\/agora.xtec.cat\/ieslajonquera\/wp-content\/uploads\/usu2014\/2026\/02\/20260127_094912-2048x1263.jpg 2048w\" sizes=\"auto, (max-width: 250px) 100vw, 250px\" \/><\/a> <a href=\"https:\/\/agora.xtec.cat\/ieslajonquera\/wp-content\/uploads\/usu2014\/2026\/02\/1000056552-scaled.jpg\"><img loading=\"lazy\" decoding=\"async\" class=\"alignnone wp-image-6637\" src=\"https:\/\/agora.xtec.cat\/ieslajonquera\/wp-content\/uploads\/usu2014\/2026\/02\/1000056552-1024x461.jpg\" alt=\"\" width=\"266\" height=\"120\" srcset=\"https:\/\/agora.xtec.cat\/ieslajonquera\/wp-content\/uploads\/usu2014\/2026\/02\/1000056552-1024x461.jpg 1024w, https:\/\/agora.xtec.cat\/ieslajonquera\/wp-content\/uploads\/usu2014\/2026\/02\/1000056552-300x135.jpg 300w, https:\/\/agora.xtec.cat\/ieslajonquera\/wp-content\/uploads\/usu2014\/2026\/02\/1000056552-768x346.jpg 768w, https:\/\/agora.xtec.cat\/ieslajonquera\/wp-content\/uploads\/usu2014\/2026\/02\/1000056552-1536x691.jpg 1536w, https:\/\/agora.xtec.cat\/ieslajonquera\/wp-content\/uploads\/usu2014\/2026\/02\/1000056552-2048x922.jpg 2048w\" sizes=\"auto, (max-width: 266px) 100vw, 266px\" \/><\/a><\/p>\n","protected":false},"excerpt":{"rendered":"<p>Els alumnes de l&#8217;Aula d&#8217;acollida de l&#8217;INS la Jonquera han participat en l&#8217;enregistrament del p\u00f2dcast\u00a0<a href=\"https:\/\/projectes.xtec.cat\/acollidasuport\/general\/veu-a-veu-el-podcast-de-laula-dacollida\/\" target=\"_blank\" rel=\"noopener\" data-saferedirecturl=\"https:\/\/www.google.com\/url?q=https:\/\/projectes.xtec.cat\/acollidasuport\/general\/veu-a-veu-el-podcast-de-laula-dacollida\/&amp;source=gmail&amp;ust=1772198102688000&amp;usg=AOvVaw2XO0_dENa5UfAMWhm9noKJ\">Veu@veu<\/a>. Es tracta d&#8217;un projecte impulsat pel Servei de Suports i Recursos Ling\u00fc\u00edstics del Departament d&#8217;Educaci\u00f3, que consisteix a preparar i enregistrar un episodi d\u2019un p\u00f2dcast col\u00b7laboratiu&hellip;  <a href=\"https:\/\/agora.xtec.cat\/ieslajonquera\/general\/podcast-veu-a-veu-de-laula-dacollida\/\" title=\"Read P\u00f2dcast Veu@Veu de l&#8217;Aula d&#8217;Acollida\">Llegeix m\u00e9s\u00bb<\/a><\/p>\n","protected":false},"author":3,"featured_media":6637,"comment_status":"open","ping_status":"open","sticky":false,"template":"","format":"standard","meta":{"_bbp_topic_count":0,"_bbp_reply_count":0,"_bbp_total_topic_count":0,"_bbp_total_reply_count":0,"_bbp_voice_count":0,"_bbp_anonymous_reply_count":0,"_bbp_topic_count_hidden":0,"_bbp_reply_count_hidden":0,"_bbp_forum_subforum_count":0,"footnotes":""},"categories":[3,1],"tags":[151],"class_list":["post-6630","post","type-post","status-publish","format-standard","has-post-thumbnail","hentry","category-eso","category-general","tag-aula-dacollida"],"post_mailing_queue_ids":[],"_links":{"self":[{"href":"https:\/\/agora.xtec.cat\/ieslajonquera\/wp-json\/wp\/v2\/posts\/6630","targetHints":{"allow":["GET"]}}],"collection":[{"href":"https:\/\/agora.xtec.cat\/ieslajonquera\/wp-json\/wp\/v2\/posts"}],"about":[{"href":"https:\/\/agora.xtec.cat\/ieslajonquera\/wp-json\/wp\/v2\/types\/post"}],"author":[{"embeddable":true,"href":"https:\/\/agora.xtec.cat\/ieslajonquera\/wp-json\/wp\/v2\/users\/3"}],"replies":[{"embeddable":true,"href":"https:\/\/agora.xtec.cat\/ieslajonquera\/wp-json\/wp\/v2\/comments?post=6630"}],"version-history":[{"count":4,"href":"https:\/\/agora.xtec.cat\/ieslajonquera\/wp-json\/wp\/v2\/posts\/6630\/revisions"}],"predecessor-version":[{"id":6643,"href":"https:\/\/agora.xtec.cat\/ieslajonquera\/wp-json\/wp\/v2\/posts\/6630\/revisions\/6643"}],"wp:featuredmedia":[{"embeddable":true,"href":"https:\/\/agora.xtec.cat\/ieslajonquera\/wp-json\/wp\/v2\/media\/6637"}],"wp:attachment":[{"href":"https:\/\/agora.xtec.cat\/ieslajonquera\/wp-json\/wp\/v2\/media?parent=6630"}],"wp:term":[{"taxonomy":"category","embeddable":true,"href":"https:\/\/agora.xtec.cat\/ieslajonquera\/wp-json\/wp\/v2\/categories?post=6630"},{"taxonomy":"post_tag","embeddable":true,"href":"https:\/\/agora.xtec.cat\/ieslajonquera\/wp-json\/wp\/v2\/tags?post=6630"}],"curies":[{"name":"wp","href":"https:\/\/api.w.org\/{rel}","templated":true}]}}