{"id":6627,"date":"2026-02-26T14:17:25","date_gmt":"2026-02-26T13:17:25","guid":{"rendered":"https:\/\/agora.xtec.cat\/ieslajonquera\/?p=6627"},"modified":"2026-02-26T14:17:25","modified_gmt":"2026-02-26T13:17:25","slug":"visita-a-peralada-i-vilabertran-a-2n-deso","status":"publish","type":"post","link":"https:\/\/agora.xtec.cat\/ieslajonquera\/general\/visita-a-peralada-i-vilabertran-a-2n-deso\/","title":{"rendered":"Visita a Peralada i Vilabertran a 2n d&#8217;ESO"},"content":{"rendered":"<p style=\"text-align: justify;\"><a href=\"https:\/\/agora.xtec.cat\/ieslajonquera\/wp-content\/uploads\/usu2014\/2026\/02\/ad9fdf1e-ba17-45c8-a8ee-6a7cc687d0b0.jpg\"><img loading=\"lazy\" decoding=\"async\" class=\" wp-image-6628 alignleft\" src=\"https:\/\/agora.xtec.cat\/ieslajonquera\/wp-content\/uploads\/usu2014\/2026\/02\/ad9fdf1e-ba17-45c8-a8ee-6a7cc687d0b0-1024x768.jpg\" alt=\"\" width=\"271\" height=\"203\" srcset=\"https:\/\/agora.xtec.cat\/ieslajonquera\/wp-content\/uploads\/usu2014\/2026\/02\/ad9fdf1e-ba17-45c8-a8ee-6a7cc687d0b0-1024x768.jpg 1024w, https:\/\/agora.xtec.cat\/ieslajonquera\/wp-content\/uploads\/usu2014\/2026\/02\/ad9fdf1e-ba17-45c8-a8ee-6a7cc687d0b0-300x225.jpg 300w, https:\/\/agora.xtec.cat\/ieslajonquera\/wp-content\/uploads\/usu2014\/2026\/02\/ad9fdf1e-ba17-45c8-a8ee-6a7cc687d0b0-768x576.jpg 768w, https:\/\/agora.xtec.cat\/ieslajonquera\/wp-content\/uploads\/usu2014\/2026\/02\/ad9fdf1e-ba17-45c8-a8ee-6a7cc687d0b0-1536x1152.jpg 1536w, https:\/\/agora.xtec.cat\/ieslajonquera\/wp-content\/uploads\/usu2014\/2026\/02\/ad9fdf1e-ba17-45c8-a8ee-6a7cc687d0b0-200x150.jpg 200w, https:\/\/agora.xtec.cat\/ieslajonquera\/wp-content\/uploads\/usu2014\/2026\/02\/ad9fdf1e-ba17-45c8-a8ee-6a7cc687d0b0.jpg 1600w\" sizes=\"auto, (max-width: 271px) 100vw, 271px\" \/><\/a>El passat dimarts 24 de febrer, l&#8217;alumnat de 2n d&#8217;ESO va fer una sortida organitzada des de la mat\u00e8ria de Socials.<\/p>\n<p style=\"text-align: justify;\">Van visitar la Can\u00f2nica de Santa Maria de Vilabertran i el poble de Peralada i el Museu de Sant Dom\u00e8nec amb la finalitat d&#8217;estudiar l&#8217;art rom\u00e0nic i els costums de l&#8217;Edat Mitjana.<\/p>\n<p>&nbsp;<\/p>\n","protected":false},"excerpt":{"rendered":"<p><a href=\"https:\/\/agora.xtec.cat\/ieslajonquera\/wp-content\/uploads\/usu2014\/2026\/02\/ad9fdf1e-ba17-45c8-a8ee-6a7cc687d0b0.jpg\"><\/a>El passat dimarts 24 de febrer, l&#8217;alumnat de 2n d&#8217;ESO va fer una sortida organitzada des de la mat\u00e8ria de Socials.<br \/>\nVan visitar la Can\u00f2nica de Santa Maria de Vilabertran i el poble de Peralada i el Museu de Sant Dom\u00e8nec amb la finalitat d&#8217;estudiar&hellip;  <a href=\"https:\/\/agora.xtec.cat\/ieslajonquera\/general\/visita-a-peralada-i-vilabertran-a-2n-deso\/\" title=\"Read Visita a Peralada i Vilabertran a 2n d&#8217;ESO\">Llegeix m\u00e9s\u00bb<\/a><\/p>\n","protected":false},"author":3,"featured_media":6628,"comment_status":"open","ping_status":"open","sticky":false,"template":"","format":"standard","meta":{"_bbp_topic_count":0,"_bbp_reply_count":0,"_bbp_total_topic_count":0,"_bbp_total_reply_count":0,"_bbp_voice_count":0,"_bbp_anonymous_reply_count":0,"_bbp_topic_count_hidden":0,"_bbp_reply_count_hidden":0,"_bbp_forum_subforum_count":0,"footnotes":""},"categories":[5,3,1],"tags":[145,146,39],"class_list":["post-6627","post","type-post","status-publish","format-standard","has-post-thumbnail","hentry","category-eso-2","category-eso","category-general","tag-historia","tag-socials","tag-sortides"],"post_mailing_queue_ids":[],"_links":{"self":[{"href":"https:\/\/agora.xtec.cat\/ieslajonquera\/wp-json\/wp\/v2\/posts\/6627","targetHints":{"allow":["GET"]}}],"collection":[{"href":"https:\/\/agora.xtec.cat\/ieslajonquera\/wp-json\/wp\/v2\/posts"}],"about":[{"href":"https:\/\/agora.xtec.cat\/ieslajonquera\/wp-json\/wp\/v2\/types\/post"}],"author":[{"embeddable":true,"href":"https:\/\/agora.xtec.cat\/ieslajonquera\/wp-json\/wp\/v2\/users\/3"}],"replies":[{"embeddable":true,"href":"https:\/\/agora.xtec.cat\/ieslajonquera\/wp-json\/wp\/v2\/comments?post=6627"}],"version-history":[{"count":1,"href":"https:\/\/agora.xtec.cat\/ieslajonquera\/wp-json\/wp\/v2\/posts\/6627\/revisions"}],"predecessor-version":[{"id":6629,"href":"https:\/\/agora.xtec.cat\/ieslajonquera\/wp-json\/wp\/v2\/posts\/6627\/revisions\/6629"}],"wp:featuredmedia":[{"embeddable":true,"href":"https:\/\/agora.xtec.cat\/ieslajonquera\/wp-json\/wp\/v2\/media\/6628"}],"wp:attachment":[{"href":"https:\/\/agora.xtec.cat\/ieslajonquera\/wp-json\/wp\/v2\/media?parent=6627"}],"wp:term":[{"taxonomy":"category","embeddable":true,"href":"https:\/\/agora.xtec.cat\/ieslajonquera\/wp-json\/wp\/v2\/categories?post=6627"},{"taxonomy":"post_tag","embeddable":true,"href":"https:\/\/agora.xtec.cat\/ieslajonquera\/wp-json\/wp\/v2\/tags?post=6627"}],"curies":[{"name":"wp","href":"https:\/\/api.w.org\/{rel}","templated":true}]}}