{"id":6619,"date":"2026-02-25T12:24:47","date_gmt":"2026-02-25T11:24:47","guid":{"rendered":"https:\/\/agora.xtec.cat\/ieslajonquera\/?p=6619"},"modified":"2026-02-26T14:27:21","modified_gmt":"2026-02-26T13:27:21","slug":"lalummat-de-4t-deso-a-argelers","status":"publish","type":"post","link":"https:\/\/agora.xtec.cat\/ieslajonquera\/general\/lalummat-de-4t-deso-a-argelers\/","title":{"rendered":"L&#8217;alumnat de 4t d&#8217;ESO, a Argelers"},"content":{"rendered":"<p style=\"text-align: justify;\"><a href=\"https:\/\/agora.xtec.cat\/ieslajonquera\/wp-content\/uploads\/usu2014\/2026\/02\/IMG-20260220-WA0005.jpg\"><img loading=\"lazy\" decoding=\"async\" class=\" wp-image-6620 alignleft\" src=\"https:\/\/agora.xtec.cat\/ieslajonquera\/wp-content\/uploads\/usu2014\/2026\/02\/IMG-20260220-WA0005-1024x768.jpg\" alt=\"\" width=\"239\" height=\"179\" srcset=\"https:\/\/agora.xtec.cat\/ieslajonquera\/wp-content\/uploads\/usu2014\/2026\/02\/IMG-20260220-WA0005-1024x768.jpg 1024w, https:\/\/agora.xtec.cat\/ieslajonquera\/wp-content\/uploads\/usu2014\/2026\/02\/IMG-20260220-WA0005-300x225.jpg 300w, https:\/\/agora.xtec.cat\/ieslajonquera\/wp-content\/uploads\/usu2014\/2026\/02\/IMG-20260220-WA0005-768x576.jpg 768w, https:\/\/agora.xtec.cat\/ieslajonquera\/wp-content\/uploads\/usu2014\/2026\/02\/IMG-20260220-WA0005-1536x1152.jpg 1536w, https:\/\/agora.xtec.cat\/ieslajonquera\/wp-content\/uploads\/usu2014\/2026\/02\/IMG-20260220-WA0005-200x150.jpg 200w, https:\/\/agora.xtec.cat\/ieslajonquera\/wp-content\/uploads\/usu2014\/2026\/02\/IMG-20260220-WA0005.jpg 1600w\" sizes=\"auto, (max-width: 239px) 100vw, 239px\" \/><\/a>El passat divendres 20 de febrer, l&#8217;alumnat de 4t d&#8217;ESO va participar a la trobada &#8220;Exilis&#8221; organitzada pel Grup de Treball Exili, deportaci\u00f3 i Holocaust amb la col\u00b7laboraci\u00f3 de l&#8217;associaci\u00f3 FFREEE d&#8217;Argelers, en el marc dels actes de &#8220;Camins de la Retirada 2026&#8221;.<\/p>\n<p>La sortida va incloure una visita al Memorial del Camp de Ribesaltes i un acte commemoratiu a la sorra de l&#8217;antic camps de concentraci\u00f3 d&#8217;Argelers que va aplegar m\u00e9s de 450 alumnes de la comarca de l&#8217;Alt Empord\u00e0 en record de la Guerra Civil espanyola i de l&#8217;exili republic\u00e0.<\/p>\n<p><a href=\"https:\/\/agora.xtec.cat\/ieslajonquera\/wp-content\/uploads\/usu2014\/2026\/02\/20260220_150738-1.jpg\"><img loading=\"lazy\" decoding=\"async\" class=\"alignnone wp-image-6621\" src=\"https:\/\/agora.xtec.cat\/ieslajonquera\/wp-content\/uploads\/usu2014\/2026\/02\/20260220_150738-1.jpg\" alt=\"\" width=\"286\" height=\"214\" srcset=\"https:\/\/agora.xtec.cat\/ieslajonquera\/wp-content\/uploads\/usu2014\/2026\/02\/20260220_150738-1.jpg 1024w, https:\/\/agora.xtec.cat\/ieslajonquera\/wp-content\/uploads\/usu2014\/2026\/02\/20260220_150738-1-300x225.jpg 300w, https:\/\/agora.xtec.cat\/ieslajonquera\/wp-content\/uploads\/usu2014\/2026\/02\/20260220_150738-1-768x576.jpg 768w, https:\/\/agora.xtec.cat\/ieslajonquera\/wp-content\/uploads\/usu2014\/2026\/02\/20260220_150738-1-200x150.jpg 200w\" sizes=\"auto, (max-width: 286px) 100vw, 286px\" \/><\/a> <a href=\"https:\/\/agora.xtec.cat\/ieslajonquera\/wp-content\/uploads\/usu2014\/2026\/02\/20260220_150810-1.jpg\"><img loading=\"lazy\" decoding=\"async\" class=\"alignnone wp-image-6622\" src=\"https:\/\/agora.xtec.cat\/ieslajonquera\/wp-content\/uploads\/usu2014\/2026\/02\/20260220_150810-1.jpg\" alt=\"\" width=\"286\" height=\"214\" srcset=\"https:\/\/agora.xtec.cat\/ieslajonquera\/wp-content\/uploads\/usu2014\/2026\/02\/20260220_150810-1.jpg 1024w, https:\/\/agora.xtec.cat\/ieslajonquera\/wp-content\/uploads\/usu2014\/2026\/02\/20260220_150810-1-300x225.jpg 300w, https:\/\/agora.xtec.cat\/ieslajonquera\/wp-content\/uploads\/usu2014\/2026\/02\/20260220_150810-1-768x576.jpg 768w, https:\/\/agora.xtec.cat\/ieslajonquera\/wp-content\/uploads\/usu2014\/2026\/02\/20260220_150810-1-200x150.jpg 200w\" sizes=\"auto, (max-width: 286px) 100vw, 286px\" \/><\/a><\/p>\n","protected":false},"excerpt":{"rendered":"<p><a href=\"https:\/\/agora.xtec.cat\/ieslajonquera\/wp-content\/uploads\/usu2014\/2026\/02\/IMG-20260220-WA0005.jpg\"><\/a>El passat divendres 20 de febrer, l&#8217;alumnat de 4t d&#8217;ESO va participar a la trobada &#8220;Exilis&#8221; organitzada pel Grup de Treball Exili, deportaci\u00f3 i Holocaust amb la col\u00b7laboraci\u00f3 de l&#8217;associaci\u00f3 FFREEE d&#8217;Argelers, en el marc dels actes de &#8220;Camins de la Retirada 2026&#8221;.<br \/>\nLa sortida&hellip;  <a href=\"https:\/\/agora.xtec.cat\/ieslajonquera\/general\/lalummat-de-4t-deso-a-argelers\/\" title=\"Read L&#8217;alumnat de 4t d&#8217;ESO, a Argelers\">Llegeix m\u00e9s\u00bb<\/a><\/p>\n","protected":false},"author":3,"featured_media":6623,"comment_status":"open","ping_status":"open","sticky":false,"template":"","format":"standard","meta":{"_bbp_topic_count":0,"_bbp_reply_count":0,"_bbp_total_topic_count":0,"_bbp_total_reply_count":0,"_bbp_voice_count":0,"_bbp_anonymous_reply_count":0,"_bbp_topic_count_hidden":0,"_bbp_reply_count_hidden":0,"_bbp_forum_subforum_count":0,"footnotes":""},"categories":[7,1],"tags":[145,39],"class_list":["post-6619","post","type-post","status-publish","format-standard","has-post-thumbnail","hentry","category-eso-4","category-general","tag-historia","tag-sortides"],"post_mailing_queue_ids":[],"_links":{"self":[{"href":"https:\/\/agora.xtec.cat\/ieslajonquera\/wp-json\/wp\/v2\/posts\/6619","targetHints":{"allow":["GET"]}}],"collection":[{"href":"https:\/\/agora.xtec.cat\/ieslajonquera\/wp-json\/wp\/v2\/posts"}],"about":[{"href":"https:\/\/agora.xtec.cat\/ieslajonquera\/wp-json\/wp\/v2\/types\/post"}],"author":[{"embeddable":true,"href":"https:\/\/agora.xtec.cat\/ieslajonquera\/wp-json\/wp\/v2\/users\/3"}],"replies":[{"embeddable":true,"href":"https:\/\/agora.xtec.cat\/ieslajonquera\/wp-json\/wp\/v2\/comments?post=6619"}],"version-history":[{"count":2,"href":"https:\/\/agora.xtec.cat\/ieslajonquera\/wp-json\/wp\/v2\/posts\/6619\/revisions"}],"predecessor-version":[{"id":6640,"href":"https:\/\/agora.xtec.cat\/ieslajonquera\/wp-json\/wp\/v2\/posts\/6619\/revisions\/6640"}],"wp:featuredmedia":[{"embeddable":true,"href":"https:\/\/agora.xtec.cat\/ieslajonquera\/wp-json\/wp\/v2\/media\/6623"}],"wp:attachment":[{"href":"https:\/\/agora.xtec.cat\/ieslajonquera\/wp-json\/wp\/v2\/media?parent=6619"}],"wp:term":[{"taxonomy":"category","embeddable":true,"href":"https:\/\/agora.xtec.cat\/ieslajonquera\/wp-json\/wp\/v2\/categories?post=6619"},{"taxonomy":"post_tag","embeddable":true,"href":"https:\/\/agora.xtec.cat\/ieslajonquera\/wp-json\/wp\/v2\/tags?post=6619"}],"curies":[{"name":"wp","href":"https:\/\/api.w.org\/{rel}","templated":true}]}}