{"id":6538,"date":"2025-12-19T11:24:52","date_gmt":"2025-12-19T10:24:52","guid":{"rendered":"https:\/\/agora.xtec.cat\/ieslajonquera\/?p=6538"},"modified":"2025-12-19T11:25:14","modified_gmt":"2025-12-19T10:25:14","slug":"estrena-de-lobra-de-teatre-els-secundaris","status":"publish","type":"post","link":"https:\/\/agora.xtec.cat\/ieslajonquera\/general\/estrena-de-lobra-de-teatre-els-secundaris\/","title":{"rendered":"Estrena de l&#8217;obra de teatre &#8220;Els secundaris&#8221;"},"content":{"rendered":"<p style=\"text-align: justify;\"><a href=\"https:\/\/agora.xtec.cat\/ieslajonquera\/wp-content\/uploads\/usu2014\/2025\/12\/IMG_2123.jpg\"><img loading=\"lazy\" decoding=\"async\" class=\" wp-image-6539 alignleft\" src=\"https:\/\/agora.xtec.cat\/ieslajonquera\/wp-content\/uploads\/usu2014\/2025\/12\/IMG_2123-1024x708.jpg\" alt=\"\" width=\"246\" height=\"170\" srcset=\"https:\/\/agora.xtec.cat\/ieslajonquera\/wp-content\/uploads\/usu2014\/2025\/12\/IMG_2123-1024x708.jpg 1024w, https:\/\/agora.xtec.cat\/ieslajonquera\/wp-content\/uploads\/usu2014\/2025\/12\/IMG_2123-300x207.jpg 300w, https:\/\/agora.xtec.cat\/ieslajonquera\/wp-content\/uploads\/usu2014\/2025\/12\/IMG_2123-768x531.jpg 768w, https:\/\/agora.xtec.cat\/ieslajonquera\/wp-content\/uploads\/usu2014\/2025\/12\/IMG_2123.jpg 1057w\" sizes=\"auto, (max-width: 246px) 100vw, 246px\" \/><\/a>El passat dissabte, 13 de desembre vam poder gaudir, al MUME,\u00a0 del treball de creaci\u00f3 liter\u00e0ria i teatral de l&#8217;alumnat del centre.<\/p>\n<p style=\"text-align: justify;\">Els alumnes de 3r d&#8217;ESO van protagonitzar la representaci\u00f3 &#8220;Els secundaris&#8221;, un projecte de teatre social immersiu amb visors de realitat virtual de 360 graus i gui\u00f3 dels alumnes de 1r de batxillerat que cursen la mat\u00e8ria de Creaci\u00f3 Liter\u00e0ria. Aquesta proposta teatral parla del paper dels adolescents i nens que acompanyen els pares en els processos migratoris, i s&#8217;emmarca dins les activitats paral\u00b7leles de l&#8217;exposici\u00f3 &#8220;Dest\u00ed La Jonquera. Migracions transformadores&#8221;, que es pot veure al MUME fins l&#8217;11 de gener de 2026 i en qu\u00e8 ha participat tamb\u00e9 alumnat del centre. La direcci\u00f3 i el guiatge de l&#8217;obra \u00e9s d&#8217;en Jordi P\u00e9rez, de la Companyia Sargantana.<\/p>\n<p style=\"text-align: justify;\">Els alumnes de 3r d&#8217;ESO A, B i C que han participat en l&#8217;obra de teatre s\u00f3n: Gina Cuadros, Ouiam Bouainine, Joni N\u00fa\u00f1ez, Maria Subir\u00f3s, Marta Hifdalgo, Pep L\u00f3pez, Aya Hadine, Jana Cabezas, Marta Ledesma, Eva Boix, Arlet Carreras, Lafquen \u00c1lvarez, Arturo Adasme, Quim Corsellas, Eduard Pou, Alma Mu\u00f1oz, Laura Verd\u00fa i Milena Melgarejo.<\/p>\n<p style=\"text-align: justify;\">Els alumnes de 1r de batxillerat que han participat en la redacci\u00f3 del gui\u00f3 de l&#8217;obra de teatre s\u00f3n: Abdellah Aboufaris, \u00c1ngel Abreu, Gorka Acevedo, Nerea Aguilar, Vinyet Arch\u00e9, Josep Bagu\u00e9, Ana\u00efs Bl\u00e1zquez, Robert Buxeda, \u00c8lia Escaffr\u00e9, Dylan Escalante, Ivan Gonz\u00e1lez, V\u00edctor Hern\u00e1ndez, J\u00falia Montalat, Hugo Mu\u00f1oz, Blai Pineda, Ashly Reyes, Joel Salellas, No\u00e9 S\u00e1nchez i Celia Yeste.<\/p>\n","protected":false},"excerpt":{"rendered":"<p><a href=\"https:\/\/agora.xtec.cat\/ieslajonquera\/wp-content\/uploads\/usu2014\/2025\/12\/IMG_2123.jpg\"><\/a>El passat dissabte, 13 de desembre vam poder gaudir, al MUME,\u00a0 del treball de creaci\u00f3 liter\u00e0ria i teatral de l&#8217;alumnat del centre.<br \/>\nEls alumnes de 3r d&#8217;ESO van protagonitzar la representaci\u00f3 &#8220;Els secundaris&#8221;, un projecte de teatre social immersiu amb visors de realitat virtual de&hellip;  <a href=\"https:\/\/agora.xtec.cat\/ieslajonquera\/general\/estrena-de-lobra-de-teatre-els-secundaris\/\" title=\"Read Estrena de l&#8217;obra de teatre &#8220;Els secundaris&#8221;\">Llegeix m\u00e9s\u00bb<\/a><\/p>\n","protected":false},"author":3,"featured_media":6539,"comment_status":"open","ping_status":"open","sticky":false,"template":"","format":"standard","meta":{"_bbp_topic_count":0,"_bbp_reply_count":0,"_bbp_total_topic_count":0,"_bbp_total_reply_count":0,"_bbp_voice_count":0,"_bbp_anonymous_reply_count":0,"_bbp_topic_count_hidden":0,"_bbp_reply_count_hidden":0,"_bbp_forum_subforum_count":0,"footnotes":""},"categories":[1],"tags":[],"class_list":["post-6538","post","type-post","status-publish","format-standard","has-post-thumbnail","hentry","category-general"],"post_mailing_queue_ids":[],"_links":{"self":[{"href":"https:\/\/agora.xtec.cat\/ieslajonquera\/wp-json\/wp\/v2\/posts\/6538","targetHints":{"allow":["GET"]}}],"collection":[{"href":"https:\/\/agora.xtec.cat\/ieslajonquera\/wp-json\/wp\/v2\/posts"}],"about":[{"href":"https:\/\/agora.xtec.cat\/ieslajonquera\/wp-json\/wp\/v2\/types\/post"}],"author":[{"embeddable":true,"href":"https:\/\/agora.xtec.cat\/ieslajonquera\/wp-json\/wp\/v2\/users\/3"}],"replies":[{"embeddable":true,"href":"https:\/\/agora.xtec.cat\/ieslajonquera\/wp-json\/wp\/v2\/comments?post=6538"}],"version-history":[{"count":1,"href":"https:\/\/agora.xtec.cat\/ieslajonquera\/wp-json\/wp\/v2\/posts\/6538\/revisions"}],"predecessor-version":[{"id":6540,"href":"https:\/\/agora.xtec.cat\/ieslajonquera\/wp-json\/wp\/v2\/posts\/6538\/revisions\/6540"}],"wp:featuredmedia":[{"embeddable":true,"href":"https:\/\/agora.xtec.cat\/ieslajonquera\/wp-json\/wp\/v2\/media\/6539"}],"wp:attachment":[{"href":"https:\/\/agora.xtec.cat\/ieslajonquera\/wp-json\/wp\/v2\/media?parent=6538"}],"wp:term":[{"taxonomy":"category","embeddable":true,"href":"https:\/\/agora.xtec.cat\/ieslajonquera\/wp-json\/wp\/v2\/categories?post=6538"},{"taxonomy":"post_tag","embeddable":true,"href":"https:\/\/agora.xtec.cat\/ieslajonquera\/wp-json\/wp\/v2\/tags?post=6538"}],"curies":[{"name":"wp","href":"https:\/\/api.w.org\/{rel}","templated":true}]}}