{"id":6510,"date":"2025-12-03T18:05:44","date_gmt":"2025-12-03T17:05:44","guid":{"rendered":"https:\/\/agora.xtec.cat\/ieslajonquera\/?p=6510"},"modified":"2025-12-03T18:06:23","modified_gmt":"2025-12-03T17:06:23","slug":"collaboracio-a-1r-deso-des-del-casal-de-lavi","status":"publish","type":"post","link":"https:\/\/agora.xtec.cat\/ieslajonquera\/general\/collaboracio-a-1r-deso-des-del-casal-de-lavi\/","title":{"rendered":"Col\u00b7laboraci\u00f3 a 1r d&#8217;ESO des del Casal de l&#8217;Avi"},"content":{"rendered":"<p style=\"text-align: justify;\"><a href=\"https:\/\/agora.xtec.cat\/ieslajonquera\/wp-content\/uploads\/usu2014\/2025\/12\/7806c17b-568e-4941-aa5a-bc7ed1c708fd.jpg\"><img loading=\"lazy\" decoding=\"async\" class=\" wp-image-6518 alignleft\" src=\"https:\/\/agora.xtec.cat\/ieslajonquera\/wp-content\/uploads\/usu2014\/2025\/12\/7806c17b-568e-4941-aa5a-bc7ed1c708fd-768x1024.jpg\" alt=\"\" width=\"164\" height=\"219\" \/><\/a><a href=\"https:\/\/agora.xtec.cat\/ieslajonquera\/wp-content\/uploads\/usu2014\/2025\/12\/e3e0b0d7-0645-45af-b5d1-c46d064ee621.jpg\"><img loading=\"lazy\" decoding=\"async\" class=\" wp-image-6519 alignleft\" src=\"https:\/\/agora.xtec.cat\/ieslajonquera\/wp-content\/uploads\/usu2014\/2025\/12\/e3e0b0d7-0645-45af-b5d1-c46d064ee621-768x1024.jpg\" alt=\"\" width=\"164\" height=\"219\" srcset=\"https:\/\/agora.xtec.cat\/ieslajonquera\/wp-content\/uploads\/usu2014\/2025\/12\/e3e0b0d7-0645-45af-b5d1-c46d064ee621-768x1024.jpg 768w, https:\/\/agora.xtec.cat\/ieslajonquera\/wp-content\/uploads\/usu2014\/2025\/12\/e3e0b0d7-0645-45af-b5d1-c46d064ee621-225x300.jpg 225w, https:\/\/agora.xtec.cat\/ieslajonquera\/wp-content\/uploads\/usu2014\/2025\/12\/e3e0b0d7-0645-45af-b5d1-c46d064ee621-1152x1536.jpg 1152w, https:\/\/agora.xtec.cat\/ieslajonquera\/wp-content\/uploads\/usu2014\/2025\/12\/e3e0b0d7-0645-45af-b5d1-c46d064ee621.jpg 1200w\" sizes=\"auto, (max-width: 164px) 100vw, 164px\" \/><\/a>El passat divendres 28 de novembre, l&#8217;alumnat de 1r d&#8217;ESO, des de les mat\u00e8ries de Tecnologia i Projectes, van anar als Porxos de Can Laporta, on la gent gran del Casal de l&#8217;Avi els va ajudar a cosir un porta-entrepans reutilitzable. L&#8217;activitat s&#8217;emmarca en el nostre comprom\u00eds del centre, que des de la Comissi\u00f3 d&#8217;Escoles Verdes vol reduir l&#8217;\u00fas de paper d&#8217;alumini.<\/p>\n<p style=\"text-align: justify;\">Va ser una trobada breu, per\u00f2 molt enriquidora, que va unir generacions i va fomentar h\u00e0bits m\u00e9s sostenibles.<\/p>\n","protected":false},"excerpt":{"rendered":"<p><a href=\"https:\/\/agora.xtec.cat\/ieslajonquera\/wp-content\/uploads\/usu2014\/2025\/12\/7806c17b-568e-4941-aa5a-bc7ed1c708fd.jpg\"><\/a><a href=\"https:\/\/agora.xtec.cat\/ieslajonquera\/wp-content\/uploads\/usu2014\/2025\/12\/e3e0b0d7-0645-45af-b5d1-c46d064ee621.jpg\"><\/a>El passat divendres 28 de novembre, l&#8217;alumnat de 1r d&#8217;ESO, des de les mat\u00e8ries de Tecnologia i Projectes, van anar als Porxos de Can Laporta, on la gent gran del Casal de l&#8217;Avi els va ajudar a cosir un porta-entrepans reutilitzable. L&#8217;activitat s&#8217;emmarca&hellip;  <a href=\"https:\/\/agora.xtec.cat\/ieslajonquera\/general\/collaboracio-a-1r-deso-des-del-casal-de-lavi\/\" title=\"Read Col\u00b7laboraci\u00f3 a 1r d&#8217;ESO des del Casal de l&#8217;Avi\">Llegeix m\u00e9s\u00bb<\/a><\/p>\n","protected":false},"author":3,"featured_media":6518,"comment_status":"open","ping_status":"open","sticky":false,"template":"","format":"standard","meta":{"_bbp_topic_count":0,"_bbp_reply_count":0,"_bbp_total_topic_count":0,"_bbp_total_reply_count":0,"_bbp_voice_count":0,"_bbp_anonymous_reply_count":0,"_bbp_topic_count_hidden":0,"_bbp_reply_count_hidden":0,"_bbp_forum_subforum_count":0,"footnotes":""},"categories":[4,3,1],"tags":[157,132,128],"class_list":["post-6510","post","type-post","status-publish","format-standard","has-post-thumbnail","hentry","category-eso-1","category-eso","category-general","tag-escola-verda","tag-projectes","tag-sostenibilitat"],"post_mailing_queue_ids":[],"_links":{"self":[{"href":"https:\/\/agora.xtec.cat\/ieslajonquera\/wp-json\/wp\/v2\/posts\/6510","targetHints":{"allow":["GET"]}}],"collection":[{"href":"https:\/\/agora.xtec.cat\/ieslajonquera\/wp-json\/wp\/v2\/posts"}],"about":[{"href":"https:\/\/agora.xtec.cat\/ieslajonquera\/wp-json\/wp\/v2\/types\/post"}],"author":[{"embeddable":true,"href":"https:\/\/agora.xtec.cat\/ieslajonquera\/wp-json\/wp\/v2\/users\/3"}],"replies":[{"embeddable":true,"href":"https:\/\/agora.xtec.cat\/ieslajonquera\/wp-json\/wp\/v2\/comments?post=6510"}],"version-history":[{"count":2,"href":"https:\/\/agora.xtec.cat\/ieslajonquera\/wp-json\/wp\/v2\/posts\/6510\/revisions"}],"predecessor-version":[{"id":6520,"href":"https:\/\/agora.xtec.cat\/ieslajonquera\/wp-json\/wp\/v2\/posts\/6510\/revisions\/6520"}],"wp:featuredmedia":[{"embeddable":true,"href":"https:\/\/agora.xtec.cat\/ieslajonquera\/wp-json\/wp\/v2\/media\/6518"}],"wp:attachment":[{"href":"https:\/\/agora.xtec.cat\/ieslajonquera\/wp-json\/wp\/v2\/media?parent=6510"}],"wp:term":[{"taxonomy":"category","embeddable":true,"href":"https:\/\/agora.xtec.cat\/ieslajonquera\/wp-json\/wp\/v2\/categories?post=6510"},{"taxonomy":"post_tag","embeddable":true,"href":"https:\/\/agora.xtec.cat\/ieslajonquera\/wp-json\/wp\/v2\/tags?post=6510"}],"curies":[{"name":"wp","href":"https:\/\/api.w.org\/{rel}","templated":true}]}}