{"id":6508,"date":"2025-12-03T17:56:48","date_gmt":"2025-12-03T16:56:48","guid":{"rendered":"https:\/\/agora.xtec.cat\/ieslajonquera\/?p=6508"},"modified":"2025-12-03T17:57:41","modified_gmt":"2025-12-03T16:57:41","slug":"celebracio-del-25n-al-centre","status":"publish","type":"post","link":"https:\/\/agora.xtec.cat\/ieslajonquera\/general\/celebracio-del-25n-al-centre\/","title":{"rendered":"Celebraci\u00f3 del 25N al centre"},"content":{"rendered":"<p style=\"text-align: justify;\">Al llarg de les darreres setmanes, l&#8217;alumnat de la mat\u00e8ria Creaci\u00f3 liter\u00e0ria, de 1r de batxillerat, ha redactat de manera conjunta la lletra d&#8217;una can\u00e7\u00f3 per commemorar el Dia internacional per a l&#8217;eliminaci\u00f3 de la viol\u00e8ncia contra les dones, que se celebra el 25 de novembre. Un cop redactada la lletra, hi han afegit la m\u00fasica que podeu escoltar-la mitjan\u00e7ant el codi QR.<\/p>\n<p style=\"text-align: justify;\">Per fer-ho, a la situaci\u00f3 d&#8217;aprenentatge &#8220;Hi ha masclisme i no el veus&#8221;, han analitzat lletres de can\u00e7ons actuals amb la finalitat d&#8217;identificar-ne els estereotips de g\u00e8nere i els mites de l&#8217;amor rom\u00e0ntic.<\/p>\n<p><a href=\"https:\/\/agora.xtec.cat\/ieslajonquera\/wp-content\/uploads\/usu2014\/2025\/12\/25N.jpg\"><img loading=\"lazy\" decoding=\"async\" class=\"alignnone wp-image-6516\" src=\"https:\/\/agora.xtec.cat\/ieslajonquera\/wp-content\/uploads\/usu2014\/2025\/12\/25N-724x1024.jpg\" alt=\"\" width=\"599\" height=\"847\" \/><\/a><a href=\"https:\/\/agora.xtec.cat\/ieslajonquera\/wp-content\/uploads\/usu2014\/2025\/12\/25N1.jpg\"><img loading=\"lazy\" decoding=\"async\" class=\"alignnone wp-image-6515\" src=\"https:\/\/agora.xtec.cat\/ieslajonquera\/wp-content\/uploads\/usu2014\/2025\/12\/25N1-724x1024.jpg\" alt=\"\" width=\"599\" height=\"847\" srcset=\"https:\/\/agora.xtec.cat\/ieslajonquera\/wp-content\/uploads\/usu2014\/2025\/12\/25N1-724x1024.jpg 724w, https:\/\/agora.xtec.cat\/ieslajonquera\/wp-content\/uploads\/usu2014\/2025\/12\/25N1-212x300.jpg 212w, https:\/\/agora.xtec.cat\/ieslajonquera\/wp-content\/uploads\/usu2014\/2025\/12\/25N1-768x1086.jpg 768w, https:\/\/agora.xtec.cat\/ieslajonquera\/wp-content\/uploads\/usu2014\/2025\/12\/25N1-1086x1536.jpg 1086w, https:\/\/agora.xtec.cat\/ieslajonquera\/wp-content\/uploads\/usu2014\/2025\/12\/25N1.jpg 1241w\" sizes=\"auto, (max-width: 599px) 100vw, 599px\" \/><\/a><\/p>\n","protected":false},"excerpt":{"rendered":"<p>Al llarg de les darreres setmanes, l&#8217;alumnat de la mat\u00e8ria Creaci\u00f3 liter\u00e0ria, de 1r de batxillerat, ha redactat de manera conjunta la lletra d&#8217;una can\u00e7\u00f3 per commemorar el Dia internacional per a l&#8217;eliminaci\u00f3 de la viol\u00e8ncia contra les dones, que se celebra el 25 de&hellip;  <a href=\"https:\/\/agora.xtec.cat\/ieslajonquera\/general\/celebracio-del-25n-al-centre\/\" title=\"Read Celebraci\u00f3 del 25N al centre\">Llegeix m\u00e9s\u00bb<\/a><\/p>\n","protected":false},"author":3,"featured_media":6516,"comment_status":"open","ping_status":"open","sticky":false,"template":"","format":"standard","meta":{"_bbp_topic_count":0,"_bbp_reply_count":0,"_bbp_total_topic_count":0,"_bbp_total_reply_count":0,"_bbp_voice_count":0,"_bbp_anonymous_reply_count":0,"_bbp_topic_count_hidden":0,"_bbp_reply_count_hidden":0,"_bbp_forum_subforum_count":0,"footnotes":""},"categories":[8,1],"tags":[133,57,124,109],"class_list":["post-6508","post","type-post","status-publish","format-standard","has-post-thumbnail","hentry","category-batxillerat","category-general","tag-creativitat","tag-expressio-escrita","tag-literatura","tag-musica"],"post_mailing_queue_ids":[],"_links":{"self":[{"href":"https:\/\/agora.xtec.cat\/ieslajonquera\/wp-json\/wp\/v2\/posts\/6508","targetHints":{"allow":["GET"]}}],"collection":[{"href":"https:\/\/agora.xtec.cat\/ieslajonquera\/wp-json\/wp\/v2\/posts"}],"about":[{"href":"https:\/\/agora.xtec.cat\/ieslajonquera\/wp-json\/wp\/v2\/types\/post"}],"author":[{"embeddable":true,"href":"https:\/\/agora.xtec.cat\/ieslajonquera\/wp-json\/wp\/v2\/users\/3"}],"replies":[{"embeddable":true,"href":"https:\/\/agora.xtec.cat\/ieslajonquera\/wp-json\/wp\/v2\/comments?post=6508"}],"version-history":[{"count":2,"href":"https:\/\/agora.xtec.cat\/ieslajonquera\/wp-json\/wp\/v2\/posts\/6508\/revisions"}],"predecessor-version":[{"id":6517,"href":"https:\/\/agora.xtec.cat\/ieslajonquera\/wp-json\/wp\/v2\/posts\/6508\/revisions\/6517"}],"wp:featuredmedia":[{"embeddable":true,"href":"https:\/\/agora.xtec.cat\/ieslajonquera\/wp-json\/wp\/v2\/media\/6516"}],"wp:attachment":[{"href":"https:\/\/agora.xtec.cat\/ieslajonquera\/wp-json\/wp\/v2\/media?parent=6508"}],"wp:term":[{"taxonomy":"category","embeddable":true,"href":"https:\/\/agora.xtec.cat\/ieslajonquera\/wp-json\/wp\/v2\/categories?post=6508"},{"taxonomy":"post_tag","embeddable":true,"href":"https:\/\/agora.xtec.cat\/ieslajonquera\/wp-json\/wp\/v2\/tags?post=6508"}],"curies":[{"name":"wp","href":"https:\/\/api.w.org\/{rel}","templated":true}]}}