{"id":6506,"date":"2025-12-03T17:44:39","date_gmt":"2025-12-03T16:44:39","guid":{"rendered":"https:\/\/agora.xtec.cat\/ieslajonquera\/?p=6506"},"modified":"2025-12-03T17:45:30","modified_gmt":"2025-12-03T16:45:30","slug":"participacio-en-lacte-de-commemoracio-del-50e-aniversari-de-la-mort-de-franco","status":"publish","type":"post","link":"https:\/\/agora.xtec.cat\/ieslajonquera\/general\/participacio-en-lacte-de-commemoracio-del-50e-aniversari-de-la-mort-de-franco\/","title":{"rendered":"Participaci\u00f3 en l&#8217;acte de commemoraci\u00f3 del 50\u00e8 aniversari de la mort de Franco"},"content":{"rendered":"<p style=\"text-align: justify;\"><a href=\"https:\/\/agora.xtec.cat\/ieslajonquera\/wp-content\/uploads\/usu2014\/2025\/12\/1b242726-a61d-4c70-a6fa-9442d9f6d07e.jpg\"><img loading=\"lazy\" decoding=\"async\" class=\" wp-image-6512 alignleft\" src=\"https:\/\/agora.xtec.cat\/ieslajonquera\/wp-content\/uploads\/usu2014\/2025\/12\/1b242726-a61d-4c70-a6fa-9442d9f6d07e-576x1024.jpg\" alt=\"\" width=\"148\" height=\"263\" \/><\/a> <a href=\"https:\/\/agora.xtec.cat\/ieslajonquera\/wp-content\/uploads\/usu2014\/2025\/12\/2deaa921-8040-4f57-8714-5d68b6efed62.jpg\"><img loading=\"lazy\" decoding=\"async\" class=\" wp-image-6513 alignleft\" src=\"https:\/\/agora.xtec.cat\/ieslajonquera\/wp-content\/uploads\/usu2014\/2025\/12\/2deaa921-8040-4f57-8714-5d68b6efed62-1024x768.jpg\" alt=\"\" width=\"352\" height=\"264\" srcset=\"https:\/\/agora.xtec.cat\/ieslajonquera\/wp-content\/uploads\/usu2014\/2025\/12\/2deaa921-8040-4f57-8714-5d68b6efed62-1024x768.jpg 1024w, https:\/\/agora.xtec.cat\/ieslajonquera\/wp-content\/uploads\/usu2014\/2025\/12\/2deaa921-8040-4f57-8714-5d68b6efed62-300x225.jpg 300w, https:\/\/agora.xtec.cat\/ieslajonquera\/wp-content\/uploads\/usu2014\/2025\/12\/2deaa921-8040-4f57-8714-5d68b6efed62-768x576.jpg 768w, https:\/\/agora.xtec.cat\/ieslajonquera\/wp-content\/uploads\/usu2014\/2025\/12\/2deaa921-8040-4f57-8714-5d68b6efed62-1536x1152.jpg 1536w, https:\/\/agora.xtec.cat\/ieslajonquera\/wp-content\/uploads\/usu2014\/2025\/12\/2deaa921-8040-4f57-8714-5d68b6efed62-200x150.jpg 200w, https:\/\/agora.xtec.cat\/ieslajonquera\/wp-content\/uploads\/usu2014\/2025\/12\/2deaa921-8040-4f57-8714-5d68b6efed62.jpg 1600w\" sizes=\"auto, (max-width: 352px) 100vw, 352px\" \/><\/a>El passat 20 de novembre, l&#8217;alumnat de 2n de batxillerat va participar, amb molts altres estudiants de la comarca, en l&#8217;acte de commemoraci\u00f3 del 50\u00e8 aniversari de la mort de Franco organitzat pel Grup de Treball Exili, Deportaci\u00f3 i Holocaust (GDTEDH), que es va celebrar al Teatre Jard\u00ed de Figueres, en qu\u00e8 va intervenir Ren\u00e9 Pacheco, arque\u00f2leg especialitzat en les fosses comunes del franquisme.<\/p>\n<p style=\"text-align: justify;\">El GDTEDH<span class=\"_ap3a _aaco _aacu _aacx _aad7 _aade\" dir=\"auto\"> va n\u00e9ixer durant el curs 2014-2015, impulsat pel Departament d\u2019Ensenyament i pel Memorial Democr\u00e0tic de la Generalitat de Catalunya mantenint els vincles amb el grup hom\u00f2nim de Barcelona. Est\u00e0 format per investigadors, investigadores i docents de l\u2019Alt Empord\u00e0 i es dedica a promoure el coneixement i l&#8217;ensenyament a Catalunya de l\u2019exili, la deportaci\u00f3 als camps de concentraci\u00f3 i extermini, i l\u2019Holocaust, per tal de lluitar contra el desconeixement en aquests temes.<\/span><\/p>\n<p>&nbsp;<\/p>\n","protected":false},"excerpt":{"rendered":"<p><a href=\"https:\/\/agora.xtec.cat\/ieslajonquera\/wp-content\/uploads\/usu2014\/2025\/12\/1b242726-a61d-4c70-a6fa-9442d9f6d07e.jpg\"><\/a> <a href=\"https:\/\/agora.xtec.cat\/ieslajonquera\/wp-content\/uploads\/usu2014\/2025\/12\/2deaa921-8040-4f57-8714-5d68b6efed62.jpg\"><\/a>El passat 20 de novembre, l&#8217;alumnat de 2n de batxillerat va participar, amb molts altres estudiants de la comarca, en l&#8217;acte de commemoraci\u00f3 del 50\u00e8 aniversari de la mort de Franco organitzat pel Grup de Treball Exili, Deportaci\u00f3 i Holocaust (GDTEDH), que&hellip;  <a href=\"https:\/\/agora.xtec.cat\/ieslajonquera\/general\/participacio-en-lacte-de-commemoracio-del-50e-aniversari-de-la-mort-de-franco\/\" title=\"Read Participaci\u00f3 en l&#8217;acte de commemoraci\u00f3 del 50\u00e8 aniversari de la mort de Franco\">Llegeix m\u00e9s\u00bb<\/a><\/p>\n","protected":false},"author":3,"featured_media":6512,"comment_status":"open","ping_status":"open","sticky":false,"template":"","format":"standard","meta":{"_bbp_topic_count":0,"_bbp_reply_count":0,"_bbp_total_topic_count":0,"_bbp_total_reply_count":0,"_bbp_voice_count":0,"_bbp_anonymous_reply_count":0,"_bbp_topic_count_hidden":0,"_bbp_reply_count_hidden":0,"_bbp_forum_subforum_count":0,"footnotes":""},"categories":[8,1],"tags":[145],"class_list":["post-6506","post","type-post","status-publish","format-standard","has-post-thumbnail","hentry","category-batxillerat","category-general","tag-historia"],"post_mailing_queue_ids":[],"_links":{"self":[{"href":"https:\/\/agora.xtec.cat\/ieslajonquera\/wp-json\/wp\/v2\/posts\/6506","targetHints":{"allow":["GET"]}}],"collection":[{"href":"https:\/\/agora.xtec.cat\/ieslajonquera\/wp-json\/wp\/v2\/posts"}],"about":[{"href":"https:\/\/agora.xtec.cat\/ieslajonquera\/wp-json\/wp\/v2\/types\/post"}],"author":[{"embeddable":true,"href":"https:\/\/agora.xtec.cat\/ieslajonquera\/wp-json\/wp\/v2\/users\/3"}],"replies":[{"embeddable":true,"href":"https:\/\/agora.xtec.cat\/ieslajonquera\/wp-json\/wp\/v2\/comments?post=6506"}],"version-history":[{"count":2,"href":"https:\/\/agora.xtec.cat\/ieslajonquera\/wp-json\/wp\/v2\/posts\/6506\/revisions"}],"predecessor-version":[{"id":6514,"href":"https:\/\/agora.xtec.cat\/ieslajonquera\/wp-json\/wp\/v2\/posts\/6506\/revisions\/6514"}],"wp:featuredmedia":[{"embeddable":true,"href":"https:\/\/agora.xtec.cat\/ieslajonquera\/wp-json\/wp\/v2\/media\/6512"}],"wp:attachment":[{"href":"https:\/\/agora.xtec.cat\/ieslajonquera\/wp-json\/wp\/v2\/media?parent=6506"}],"wp:term":[{"taxonomy":"category","embeddable":true,"href":"https:\/\/agora.xtec.cat\/ieslajonquera\/wp-json\/wp\/v2\/categories?post=6506"},{"taxonomy":"post_tag","embeddable":true,"href":"https:\/\/agora.xtec.cat\/ieslajonquera\/wp-json\/wp\/v2\/tags?post=6506"}],"curies":[{"name":"wp","href":"https:\/\/api.w.org\/{rel}","templated":true}]}}